{"id":1572,"date":"2026-04-17T12:28:57","date_gmt":"2026-04-17T10:28:57","guid":{"rendered":"https:\/\/agora.xtec.cat\/cfacanfolguera\/?p=1572"},"modified":"2026-04-17T12:28:57","modified_gmt":"2026-04-17T10:28:57","slug":"spm-en-familia-primavera-26","status":"publish","type":"post","link":"https:\/\/agora.xtec.cat\/cfacanfolguera\/portada\/spm-en-familia-primavera-26\/","title":{"rendered":"SPM en fam\u00edlia &#8211; Primavera &#8217;26"},"content":{"rendered":"<p>Benvolgudes fam\u00edlies,<br \/>\nUs fem arribar la informaci\u00f3 de <strong>SPM en Fam\u00edlia Primavera&#8217;26<\/strong>, amb les noves sessions grupals per a fam\u00edlies amb infants de 0-3 anys,4-11 anys i amb adolescents, que s&#8217;organitzen des del <strong>SOAF<\/strong> (Servei d&#8217;Orientaci\u00f3 i Acompanyament a les Fam\u00edlies).<br \/>\nUs animem a participar!<\/p>\n<p><strong>Per assistir als Grups de Fam\u00edlies s&#8217;ha de fer <span style=\"text-decoration: underline;\"><a href=\"https:\/\/www.staperpetua.cat\/ajuntament\/plans-campanyes-i-programes\/spm-en-familia.html#gof\">INSCRIPCI\u00d3<\/a><\/span> (aforament limitat fins a 10 fam\u00edlies).<\/strong><\/p>\n<p><img loading=\"lazy\" decoding=\"async\" class=\"aligncenter size-large wp-image-1577\" src=\"https:\/\/agora.xtec.cat\/cfacanfolguera\/wp-content\/uploads\/usu249\/2026\/04\/SPMfamilia_primavera26_pages-to-jpg-0001-723x1024.jpg\" alt=\"\" width=\"723\" height=\"1024\" srcset=\"https:\/\/agora.xtec.cat\/cfacanfolguera\/wp-content\/uploads\/usu249\/2026\/04\/SPMfamilia_primavera26_pages-to-jpg-0001-723x1024.jpg 723w, https:\/\/agora.xtec.cat\/cfacanfolguera\/wp-content\/uploads\/usu249\/2026\/04\/SPMfamilia_primavera26_pages-to-jpg-0001-212x300.jpg 212w, https:\/\/agora.xtec.cat\/cfacanfolguera\/wp-content\/uploads\/usu249\/2026\/04\/SPMfamilia_primavera26_pages-to-jpg-0001-768x1088.jpg 768w, https:\/\/agora.xtec.cat\/cfacanfolguera\/wp-content\/uploads\/usu249\/2026\/04\/SPMfamilia_primavera26_pages-to-jpg-0001-1084x1536.jpg 1084w, https:\/\/agora.xtec.cat\/cfacanfolguera\/wp-content\/uploads\/usu249\/2026\/04\/SPMfamilia_primavera26_pages-to-jpg-0001-1445x2048.jpg 1445w, https:\/\/agora.xtec.cat\/cfacanfolguera\/wp-content\/uploads\/usu249\/2026\/04\/SPMfamilia_primavera26_pages-to-jpg-0001.jpg 1750w\" sizes=\"auto, (max-width: 723px) 100vw, 723px\" \/><\/p>\n<div><\/div>\n","protected":false},"excerpt":{"rendered":"<p>Benvolgudes fam\u00edlies,<br \/>\nUs fem arribar la informaci\u00f3 de SPM en Fam\u00edlia Primavera&#8217;26, amb les noves sessions grupals per a fam\u00edlies amb infants de 0-3 anys,4-11 anys i amb adolescents, que s&#8217;organitzen des del SOAF (Servei d&#8217;Orientaci\u00f3 i Acompanyament a les Fam\u00edlies).<br \/>\nUs animem a participar!<br \/>\nPer assistir als&hellip;  <a href=\"https:\/\/agora.xtec.cat\/cfacanfolguera\/portada\/spm-en-familia-primavera-26\/\" title=\"Read SPM en fam\u00edlia &#8211; Primavera &#8217;26\">Llegeix m\u00e9s\u00bb<\/a><\/p>\n","protected":false},"author":1,"featured_media":1575,"comment_status":"closed","ping_status":"closed","sticky":false,"template":"","format":"standard","meta":{"_bbp_topic_count":0,"_bbp_reply_count":0,"_bbp_total_topic_count":0,"_bbp_total_reply_count":0,"_bbp_voice_count":0,"_bbp_anonymous_reply_count":0,"_bbp_topic_count_hidden":0,"_bbp_reply_count_hidden":0,"_bbp_forum_subforum_count":0,"footnotes":""},"categories":[29],"tags":[],"class_list":["post-1572","post","type-post","status-publish","format-standard","has-post-thumbnail","hentry","category-portada"],"post_mailing_queue_ids":[],"_links":{"self":[{"href":"https:\/\/agora.xtec.cat\/cfacanfolguera\/wp-json\/wp\/v2\/posts\/1572","targetHints":{"allow":["GET"]}}],"collection":[{"href":"https:\/\/agora.xtec.cat\/cfacanfolguera\/wp-json\/wp\/v2\/posts"}],"about":[{"href":"https:\/\/agora.xtec.cat\/cfacanfolguera\/wp-json\/wp\/v2\/types\/post"}],"author":[{"embeddable":true,"href":"https:\/\/agora.xtec.cat\/cfacanfolguera\/wp-json\/wp\/v2\/users\/1"}],"replies":[{"embeddable":true,"href":"https:\/\/agora.xtec.cat\/cfacanfolguera\/wp-json\/wp\/v2\/comments?post=1572"}],"version-history":[{"count":3,"href":"https:\/\/agora.xtec.cat\/cfacanfolguera\/wp-json\/wp\/v2\/posts\/1572\/revisions"}],"predecessor-version":[{"id":1578,"href":"https:\/\/agora.xtec.cat\/cfacanfolguera\/wp-json\/wp\/v2\/posts\/1572\/revisions\/1578"}],"wp:featuredmedia":[{"embeddable":true,"href":"https:\/\/agora.xtec.cat\/cfacanfolguera\/wp-json\/wp\/v2\/media\/1575"}],"wp:attachment":[{"href":"https:\/\/agora.xtec.cat\/cfacanfolguera\/wp-json\/wp\/v2\/media?parent=1572"}],"wp:term":[{"taxonomy":"category","embeddable":true,"href":"https:\/\/agora.xtec.cat\/cfacanfolguera\/wp-json\/wp\/v2\/categories?post=1572"},{"taxonomy":"post_tag","embeddable":true,"href":"https:\/\/agora.xtec.cat\/cfacanfolguera\/wp-json\/wp\/v2\/tags?post=1572"}],"curies":[{"name":"wp","href":"https:\/\/api.w.org\/{rel}","templated":true}]}}