{"id":1565,"date":"2026-02-02T15:24:29","date_gmt":"2026-02-02T14:24:29","guid":{"rendered":"https:\/\/agora.xtec.cat\/cfacanfolguera\/?p=1565"},"modified":"2026-02-02T15:24:29","modified_gmt":"2026-02-02T14:24:29","slug":"arriba-el-carnestoltes-al-cfa-can-folguera","status":"publish","type":"post","link":"https:\/\/agora.xtec.cat\/cfacanfolguera\/portada\/arriba-el-carnestoltes-al-cfa-can-folguera\/","title":{"rendered":"Arriba el Carnestoltes al CFA Can Folguera"},"content":{"rendered":"<p data-start=\"170\" data-end=\"399\">El proper <strong data-start=\"180\" data-end=\"214\">dijous 12 de febrer a les 17 h<\/strong>, us convidem a celebrar la <strong data-start=\"242\" data-end=\"267\">festa de Carnestoltes<\/strong> al <strong data-start=\"271\" data-end=\"291\">pati de l\u2019escola<\/strong>. Ser\u00e0 una tarda plena de bon ambient, m\u00fasica i diversi\u00f3, oberta a tot l\u2019alumnat i a la comunitat educativa.<\/p>\n<p data-start=\"401\" data-end=\"582\">Animeu-vos a venir <strong data-start=\"420\" data-end=\"435\">disfressats<\/strong> i a compartir una estona diferent, festiva i plena de color. Una bona oportunitat per trobar-nos, riure plegats i gaudir del Carnestoltes com cal!<\/p>\n<p data-start=\"584\" data-end=\"605\"><strong data-start=\"584\" data-end=\"602\">Us hi esperem!<\/strong> \ud83c\udf89<\/p>\n<p><img loading=\"lazy\" decoding=\"async\" class=\"aligncenter size-full wp-image-1566\" src=\"https:\/\/agora.xtec.cat\/cfacanfolguera\/wp-content\/uploads\/usu249\/2026\/02\/Cartell-Festa-Carnestoltes.jpg\" alt=\"\" width=\"832\" height=\"1248\" srcset=\"https:\/\/agora.xtec.cat\/cfacanfolguera\/wp-content\/uploads\/usu249\/2026\/02\/Cartell-Festa-Carnestoltes.jpg 832w, https:\/\/agora.xtec.cat\/cfacanfolguera\/wp-content\/uploads\/usu249\/2026\/02\/Cartell-Festa-Carnestoltes-200x300.jpg 200w, https:\/\/agora.xtec.cat\/cfacanfolguera\/wp-content\/uploads\/usu249\/2026\/02\/Cartell-Festa-Carnestoltes-683x1024.jpg 683w, https:\/\/agora.xtec.cat\/cfacanfolguera\/wp-content\/uploads\/usu249\/2026\/02\/Cartell-Festa-Carnestoltes-768x1152.jpg 768w\" sizes=\"auto, (max-width: 832px) 100vw, 832px\" \/><\/p>\n","protected":false},"excerpt":{"rendered":"<p>El proper dijous 12 de febrer a les 17 h, us convidem a celebrar la festa de Carnestoltes al pati de l\u2019escola. Ser\u00e0 una tarda plena de bon ambient, m\u00fasica i diversi\u00f3, oberta a tot l\u2019alumnat i a la comunitat educativa.<br \/>\nAnimeu-vos a venir disfressats i&hellip;  <a href=\"https:\/\/agora.xtec.cat\/cfacanfolguera\/portada\/arriba-el-carnestoltes-al-cfa-can-folguera\/\" title=\"Read Arriba el Carnestoltes al CFA Can Folguera\">Llegeix m\u00e9s\u00bb<\/a><\/p>\n","protected":false},"author":1,"featured_media":0,"comment_status":"closed","ping_status":"closed","sticky":false,"template":"","format":"standard","meta":{"_bbp_topic_count":0,"_bbp_reply_count":0,"_bbp_total_topic_count":0,"_bbp_total_reply_count":0,"_bbp_voice_count":0,"_bbp_anonymous_reply_count":0,"_bbp_topic_count_hidden":0,"_bbp_reply_count_hidden":0,"_bbp_forum_subforum_count":0,"footnotes":""},"categories":[29],"tags":[],"class_list":["post-1565","post","type-post","status-publish","format-standard","hentry","category-portada"],"post_mailing_queue_ids":[],"_links":{"self":[{"href":"https:\/\/agora.xtec.cat\/cfacanfolguera\/wp-json\/wp\/v2\/posts\/1565","targetHints":{"allow":["GET"]}}],"collection":[{"href":"https:\/\/agora.xtec.cat\/cfacanfolguera\/wp-json\/wp\/v2\/posts"}],"about":[{"href":"https:\/\/agora.xtec.cat\/cfacanfolguera\/wp-json\/wp\/v2\/types\/post"}],"author":[{"embeddable":true,"href":"https:\/\/agora.xtec.cat\/cfacanfolguera\/wp-json\/wp\/v2\/users\/1"}],"replies":[{"embeddable":true,"href":"https:\/\/agora.xtec.cat\/cfacanfolguera\/wp-json\/wp\/v2\/comments?post=1565"}],"version-history":[{"count":2,"href":"https:\/\/agora.xtec.cat\/cfacanfolguera\/wp-json\/wp\/v2\/posts\/1565\/revisions"}],"predecessor-version":[{"id":1568,"href":"https:\/\/agora.xtec.cat\/cfacanfolguera\/wp-json\/wp\/v2\/posts\/1565\/revisions\/1568"}],"wp:attachment":[{"href":"https:\/\/agora.xtec.cat\/cfacanfolguera\/wp-json\/wp\/v2\/media?parent=1565"}],"wp:term":[{"taxonomy":"category","embeddable":true,"href":"https:\/\/agora.xtec.cat\/cfacanfolguera\/wp-json\/wp\/v2\/categories?post=1565"},{"taxonomy":"post_tag","embeddable":true,"href":"https:\/\/agora.xtec.cat\/cfacanfolguera\/wp-json\/wp\/v2\/tags?post=1565"}],"curies":[{"name":"wp","href":"https:\/\/api.w.org\/{rel}","templated":true}]}}