{"id":688,"date":"2025-07-02T13:00:33","date_gmt":"2025-07-02T11:00:33","guid":{"rendered":"https:\/\/agora.xtec.cat\/cfacalbolava\/?p=688"},"modified":"2025-07-07T12:01:26","modified_gmt":"2025-07-07T10:01:26","slug":"judith-sastre-tanca-una-etapa-al-cfa","status":"publish","type":"post","link":"https:\/\/agora.xtec.cat\/cfacalbolava\/portada\/judith-sastre-tanca-una-etapa-al-cfa\/","title":{"rendered":"Judith Sastre tanca una etapa al CFA"},"content":{"rendered":"<p style=\"text-align: justify;\">La Judith Sastre tanca una etapa com a docent i en comen\u00e7a una de nova en la gesti\u00f3 educativa.<\/p>\n<p style=\"text-align: justify;\">Volem donar-li les gr\u00e0cies per tot el que ha aportat al llarg d\u2019aquests anys: dedicaci\u00f3, bon humor, comprom\u00eds i molta passi\u00f3 per la doc\u00e8ncia.<\/p>\n<p style=\"text-align: justify;\">Et trobarem a faltar a les aules, per\u00f2 sabem que far\u00e0s una gran feina com a t\u00e8cnica d&#8217;ensenyament. Molta sort, Judith, i no perdis mai aquesta empenta que\u00a0et\u00a0fa\u00a0\u00fanica!<\/p>\n<div style=\"width: 402px;\" class=\"wp-video\"><!--[if lt IE 9]><script>document.createElement('video');<\/script><![endif]-->\n<video class=\"wp-video-shortcode\" id=\"video-688-1\" width=\"402\" height=\"720\" preload=\"metadata\" controls=\"controls\"><source type=\"video\/mp4\" src=\"https:\/\/agora.xtec.cat\/cfacalbolava\/wp-content\/uploads\/usu2382\/2025\/07\/lv_0_20250704162527.mp4?_=1\" \/><a href=\"https:\/\/agora.xtec.cat\/cfacalbolava\/wp-content\/uploads\/usu2382\/2025\/07\/lv_0_20250704162527.mp4\">https:\/\/agora.xtec.cat\/cfacalbolava\/wp-content\/uploads\/usu2382\/2025\/07\/lv_0_20250704162527.mp4<\/a><\/video><\/div>\n<p>&nbsp;<\/p>\n","protected":false},"excerpt":{"rendered":"<p>La Judith Sastre tanca una etapa com a docent i en comen\u00e7a una de nova en la gesti\u00f3 educativa.<br \/>\nVolem donar-li les gr\u00e0cies per tot el que ha aportat al llarg d\u2019aquests anys: dedicaci\u00f3, bon humor, comprom\u00eds i molta passi\u00f3 per la doc\u00e8ncia.<br \/>\nEt trobarem a faltar&hellip;  <a href=\"https:\/\/agora.xtec.cat\/cfacalbolava\/portada\/judith-sastre-tanca-una-etapa-al-cfa\/\" title=\"Read Judith Sastre tanca una etapa al CFA\">Llegeix m\u00e9s\u00bb<\/a><\/p>\n","protected":false},"author":1,"featured_media":0,"comment_status":"closed","ping_status":"open","sticky":false,"template":"","format":"standard","meta":{"_bbp_topic_count":0,"_bbp_reply_count":0,"_bbp_total_topic_count":0,"_bbp_total_reply_count":0,"_bbp_voice_count":0,"_bbp_anonymous_reply_count":0,"_bbp_topic_count_hidden":0,"_bbp_reply_count_hidden":0,"_bbp_forum_subforum_count":0,"footnotes":""},"categories":[91,29],"tags":[95],"class_list":["post-688","post","type-post","status-publish","format-standard","hentry","category-esdeveniments","category-portada","tag-esdeveniments"],"post_mailing_queue_ids":[],"_links":{"self":[{"href":"https:\/\/agora.xtec.cat\/cfacalbolava\/wp-json\/wp\/v2\/posts\/688","targetHints":{"allow":["GET"]}}],"collection":[{"href":"https:\/\/agora.xtec.cat\/cfacalbolava\/wp-json\/wp\/v2\/posts"}],"about":[{"href":"https:\/\/agora.xtec.cat\/cfacalbolava\/wp-json\/wp\/v2\/types\/post"}],"author":[{"embeddable":true,"href":"https:\/\/agora.xtec.cat\/cfacalbolava\/wp-json\/wp\/v2\/users\/1"}],"replies":[{"embeddable":true,"href":"https:\/\/agora.xtec.cat\/cfacalbolava\/wp-json\/wp\/v2\/comments?post=688"}],"version-history":[{"count":6,"href":"https:\/\/agora.xtec.cat\/cfacalbolava\/wp-json\/wp\/v2\/posts\/688\/revisions"}],"predecessor-version":[{"id":723,"href":"https:\/\/agora.xtec.cat\/cfacalbolava\/wp-json\/wp\/v2\/posts\/688\/revisions\/723"}],"wp:attachment":[{"href":"https:\/\/agora.xtec.cat\/cfacalbolava\/wp-json\/wp\/v2\/media?parent=688"}],"wp:term":[{"taxonomy":"category","embeddable":true,"href":"https:\/\/agora.xtec.cat\/cfacalbolava\/wp-json\/wp\/v2\/categories?post=688"},{"taxonomy":"post_tag","embeddable":true,"href":"https:\/\/agora.xtec.cat\/cfacalbolava\/wp-json\/wp\/v2\/tags?post=688"}],"curies":[{"name":"wp","href":"https:\/\/api.w.org\/{rel}","templated":true}]}}