{"id":584,"date":"2025-05-23T10:11:50","date_gmt":"2025-05-23T08:11:50","guid":{"rendered":"https:\/\/agora.xtec.cat\/cfacalbolava\/?p=584"},"modified":"2025-07-11T13:28:35","modified_gmt":"2025-07-11T11:28:35","slug":"preinscripcions-2025-2026-2","status":"publish","type":"post","link":"https:\/\/agora.xtec.cat\/cfacalbolava\/portada\/preinscripcions-2025-2026-2\/","title":{"rendered":"Preinscripcions 2025-2026"},"content":{"rendered":"<div class=\"elementor-element elementor-element-47f7d00 elementor-widget elementor-widget-heading\" data-id=\"47f7d00\" data-element_type=\"widget\" data-widget_type=\"heading.default\">\n<div class=\"elementor-widget-container\">\n<h3 class=\"elementor-heading-title elementor-size-default\">Preinscripci\u00f3 Curs 2025-2026<\/h3>\n<\/div>\n<\/div>\n<div class=\"elementor-element elementor-element-064bba3 elementor-widget elementor-widget-text-editor\" data-id=\"064bba3\" data-element_type=\"widget\" data-widget_type=\"text-editor.default\">\n<div class=\"elementor-widget-container\">\n<h3 data-start=\"338\" data-end=\"374\"><strong data-start=\"345\" data-end=\"374\">Abans de la preinscripci\u00f3<\/strong><\/h3>\n<ul data-start=\"375\" data-end=\"578\">\n<li data-start=\"375\" data-end=\"438\">\n<p data-start=\"377\" data-end=\"438\"><strong data-start=\"377\" data-end=\"400\">23 de maig de 2025:<\/strong>\u00a0Publicaci\u00f3 de l\u2019oferta d\u2019ensenyaments<\/p>\n<\/li>\n<li data-start=\"375\" data-end=\"438\">\n<p data-start=\"377\" data-end=\"438\"><strong data-start=\"441\" data-end=\"458\">Juny de 2025:<\/strong>\u00a0Per\u00edode d\u2019informaci\u00f3 i orientaci\u00f3 per a alumnes nous<\/p>\n<\/li>\n<li data-start=\"512\" data-end=\"578\">\n<p data-start=\"514\" data-end=\"578\"><strong data-start=\"514\" data-end=\"537\">18 de juny de 2025:<\/strong>\u00a0Publicaci\u00f3 de l\u2019oferta inicial de places<\/p>\n<\/li>\n<\/ul>\n<hr data-start=\"580\" data-end=\"583\" \/>\n<h3 data-start=\"585\" data-end=\"655\"><strong data-start=\"592\" data-end=\"655\">Presenta la sol\u00b7licitud de preinscripci\u00f3 i fes el seguiment<\/strong><\/h3>\n<ul>\n<li data-start=\"656\" data-end=\"821\">\n<p data-start=\"658\" data-end=\"821\"><strong data-start=\"658\" data-end=\"691\">Del 19 al 27 de juny de 2025:<\/strong>\u00a0Presentaci\u00f3 de sol\u00b7licituds<br data-start=\"719\" data-end=\"722\" \/><em data-start=\"724\" data-end=\"821\">(Cal respectar aquest termini. Les sol\u00b7licituds fora de termini perden les prioritats d\u2019acc\u00e9s.)<\/em><\/p>\n<\/li>\n<li data-start=\"823\" data-end=\"924\">\n<p data-start=\"825\" data-end=\"924\"><strong data-start=\"825\" data-end=\"872\">4 de juliol de 2025 (a partir de les 14 h):<\/strong>\u00a0Llista de sol\u00b7licituds amb la puntuaci\u00f3 provisional<\/p>\n<\/li>\n<li data-start=\"926\" data-end=\"989\">\n<p data-start=\"928\" data-end=\"989\"><strong data-start=\"928\" data-end=\"961\">Del 4 al 9 de juliol de 2025:<\/strong>\u00a0Presentaci\u00f3 de reclamacions<\/p>\n<\/li>\n<li data-start=\"991\" data-end=\"1116\">\n<p data-start=\"993\" data-end=\"1116\"><strong data-start=\"993\" data-end=\"1030\">7 de juliol de 2025 (a les 11 h):<\/strong>\u00a0Sorteig del n\u00famero de desempat<br data-start=\"1061\" data-end=\"1064\" \/><em data-start=\"1066\" data-end=\"1116\">(Al CFA Cal Bolav\u00e0, av. Generalitat 1, Calafell)<\/em><\/p>\n<\/li>\n<li data-start=\"1120\" data-end=\"1238\"><strong data-start=\"1120\" data-end=\"1168\">11 de juliol de 2025 (a partir de les 14 h):<\/strong>\u00a0Llista amb la puntuaci\u00f3 definitiva (un cop resoltes les reclamacions)<\/li>\n<li data-start=\"1240\" data-end=\"1333\">\n<p data-start=\"1242\" data-end=\"1333\"><strong data-start=\"1242\" data-end=\"1290\">16 de juliol de 2025 (a partir de les 14 h):<\/strong>\u00a0Llista d\u2019alumnes admesos i llista d\u2019espera<\/p>\n<\/li>\n<\/ul>\n<hr data-start=\"1335\" data-end=\"1338\" \/>\n<h3 data-start=\"1340\" data-end=\"1375\"><strong data-start=\"1348\" data-end=\"1375\">Formalitza la matr\u00edcula<\/strong><\/h3>\n<ul data-start=\"1376\" data-end=\"1720\">\n<li data-start=\"1376\" data-end=\"1544\">\n<p data-start=\"1378\" data-end=\"1544\"><strong data-start=\"1378\" data-end=\"1413\">Del 2 al 9 de setembre de 2025:<\/strong>\u00a0Matr\u00edcula dels alumnes preinscrits amb pla\u00e7a assignada<br data-start=\"1468\" data-end=\"1471\" \/><em data-start=\"1473\" data-end=\"1544\">(Els centres poden establir calendaris propis dins d\u2019aquest per\u00edode.)<\/em><\/p>\n<\/li>\n<li data-start=\"1546\" data-end=\"1720\">\n<p data-start=\"1548\" data-end=\"1720\"><strong data-start=\"1548\" data-end=\"1588\">A partir del 10 de setembre de 2025:<\/strong>\u00a0Matr\u00edcula dels alumnes en llista d\u2019espera<br data-start=\"1630\" data-end=\"1633\" \/><em data-start=\"1635\" data-end=\"1720\">(Tamb\u00e9 s\u2019hi podran matricular alumnes sense preinscripci\u00f3 si hi ha places vacants.)<\/em><\/p>\n<\/li>\n<\/ul>\n<\/div>\n<\/div>\n<p>Clica l&#8217;enlla\u00e7 seg\u00fcent per obtenir la informaci\u00f3: <a href=\"https:\/\/agora.xtec.cat\/cfacalbolava\/wp-content\/uploads\/usu2382\/2025\/05\/Preinscripcio-25-26-1.pdf\" target=\"_blank\" rel=\"noopener\">Preinscripci\u00f3 2025-2026<\/a><\/p>\n","protected":false},"excerpt":{"rendered":"<p>Preinscripci\u00f3 Curs 2025-2026<\/p>\n<p>Abans de la preinscripci\u00f3<\/p>\n<ul data-start=\"375\" data-end=\"578\">\n<li data-start=\"375\" data-end=\"438\">\n23 de maig de 2025:\u00a0Publicaci\u00f3 de l\u2019oferta d\u2019ensenyaments\n<\/li>\n<li data-start=\"375\" data-end=\"438\">\nJuny de 2025:\u00a0Per\u00edode d\u2019informaci\u00f3 i orientaci\u00f3 per a alumnes nous\n<\/li>\n<li data-start=\"512\" data-end=\"578\">\n18 de juny de 2025:\u00a0Publicaci\u00f3 de l\u2019oferta inicial de places\n<\/li>\n<\/ul>\n<p>Presenta la sol\u00b7licitud de preinscripci\u00f3 i fes&hellip;  <a href=\"https:\/\/agora.xtec.cat\/cfacalbolava\/portada\/preinscripcions-2025-2026-2\/\" title=\"Read Preinscripcions 2025-2026\">Llegeix m\u00e9s\u00bb<\/a><\/p>\n","protected":false},"author":1,"featured_media":0,"comment_status":"open","ping_status":"closed","sticky":false,"template":"","format":"standard","meta":{"_bbp_topic_count":0,"_bbp_reply_count":0,"_bbp_total_topic_count":0,"_bbp_total_reply_count":0,"_bbp_voice_count":0,"_bbp_anonymous_reply_count":0,"_bbp_topic_count_hidden":0,"_bbp_reply_count_hidden":0,"_bbp_forum_subforum_count":0,"footnotes":""},"categories":[29,104],"tags":[103],"class_list":["post-584","post","type-post","status-publish","format-standard","hentry","category-portada","category-preinscripcio","tag-preinscripcio"],"post_mailing_queue_ids":[],"_links":{"self":[{"href":"https:\/\/agora.xtec.cat\/cfacalbolava\/wp-json\/wp\/v2\/posts\/584","targetHints":{"allow":["GET"]}}],"collection":[{"href":"https:\/\/agora.xtec.cat\/cfacalbolava\/wp-json\/wp\/v2\/posts"}],"about":[{"href":"https:\/\/agora.xtec.cat\/cfacalbolava\/wp-json\/wp\/v2\/types\/post"}],"author":[{"embeddable":true,"href":"https:\/\/agora.xtec.cat\/cfacalbolava\/wp-json\/wp\/v2\/users\/1"}],"replies":[{"embeddable":true,"href":"https:\/\/agora.xtec.cat\/cfacalbolava\/wp-json\/wp\/v2\/comments?post=584"}],"version-history":[{"count":3,"href":"https:\/\/agora.xtec.cat\/cfacalbolava\/wp-json\/wp\/v2\/posts\/584\/revisions"}],"predecessor-version":[{"id":1030,"href":"https:\/\/agora.xtec.cat\/cfacalbolava\/wp-json\/wp\/v2\/posts\/584\/revisions\/1030"}],"wp:attachment":[{"href":"https:\/\/agora.xtec.cat\/cfacalbolava\/wp-json\/wp\/v2\/media?parent=584"}],"wp:term":[{"taxonomy":"category","embeddable":true,"href":"https:\/\/agora.xtec.cat\/cfacalbolava\/wp-json\/wp\/v2\/categories?post=584"},{"taxonomy":"post_tag","embeddable":true,"href":"https:\/\/agora.xtec.cat\/cfacalbolava\/wp-json\/wp\/v2\/tags?post=584"}],"curies":[{"name":"wp","href":"https:\/\/api.w.org\/{rel}","templated":true}]}}