{"id":569,"date":"2024-11-03T14:11:11","date_gmt":"2024-11-03T13:11:11","guid":{"rendered":"https:\/\/agora.xtec.cat\/cfacalbolava\/?p=569"},"modified":"2024-11-03T14:11:11","modified_gmt":"2024-11-03T13:11:11","slug":"suspensio-de-les-classes","status":"publish","type":"post","link":"https:\/\/agora.xtec.cat\/cfacalbolava\/general\/suspensio-de-les-classes\/","title":{"rendered":"Suspensi\u00f3 de les classes"},"content":{"rendered":"<p>Informem que <strong>dem\u00e0 dilluns<\/strong> 4 de novembre <strong>es suspenen les classes<\/strong> al CFA Cal Bolav\u00e0.<\/p>\n<p>Ens veiem obligats al tancament, segons les indicacions de la Generalitat de Catalunya:<\/p>\n<blockquote><p><span class=\"s7\">&#8220;Donada l\u2019activaci\u00f3 del pla INUNCAT per les pluges continuades dels darrers dies que han acumulat quantitats importants, i ateses les previsions de precipitacions torrencials la nit de diumenge a dilluns i el mat\u00ed de dilluns, des de protecci\u00f3 civil <\/span><span class=\"s5\">es demana restringir la mobilitat que no sigui imprescindible <\/span><span class=\"s7\">en les comarques del <\/span><span class=\"s5\">Montsi\u00e0, Baix Ebre, Terra Alta, Ribera <\/span><span class=\"s5\">d\u2019Ebre<\/span><span class=\"s5\">, Tarragon\u00e8s, Priorat, Baix Camp, Alt Camp<\/span><span class=\"s5\"> i <\/span><span class=\"s5\">Baix Pened\u00e8s,<\/span><span class=\"s7\"> entre les 00 hores i les 14 hores de dilluns.<\/span><\/p>\n<p><span class=\"s7\">Tenint en compte aquest av\u00eds em\u00e8s des de protecci\u00f3 civil, <\/span><span class=\"s5\">queden suspeses les classes durant tot el dia de dem\u00e0, dilluns dia 4 de novembre<\/span><span class=\"s7\">, en les comarques Montsi\u00e0, Baix Ebre, Terra Alta, Ribera d<\/span><span class=\"s7\">\u2019<\/span><span class=\"s7\">Ebre, Tarragon\u00e8s, Priorat, Baix Camp, Alt Camp<\/span><span class=\"s7\"> i <\/span><span class=\"s7\">Baix Pened\u00e8s.&#8221;<\/span><\/p><\/blockquote>\n<p>Aix\u00ed doncs, les classes es reprendran amb normalitat el proper dimarts.<\/p>\n","protected":false},"excerpt":{"rendered":"<p>Informem que dem\u00e0 dilluns 4 de novembre es suspenen les classes al CFA Cal Bolav\u00e0.<br \/>\nEns veiem obligats al tancament, segons les indicacions de la Generalitat de Catalunya:<br \/>\n&#8220;Donada l\u2019activaci\u00f3 del pla INUNCAT per les pluges continuades dels darrers dies que han acumulat quantitats importants, i ateses&hellip;  <a href=\"https:\/\/agora.xtec.cat\/cfacalbolava\/general\/suspensio-de-les-classes\/\" title=\"Read Suspensi\u00f3 de les classes\">Llegeix m\u00e9s\u00bb<\/a><\/p>\n","protected":false},"author":1,"featured_media":0,"comment_status":"open","ping_status":"closed","sticky":false,"template":"","format":"standard","meta":{"_bbp_topic_count":0,"_bbp_reply_count":0,"_bbp_total_topic_count":0,"_bbp_total_reply_count":0,"_bbp_voice_count":0,"_bbp_anonymous_reply_count":0,"_bbp_topic_count_hidden":0,"_bbp_reply_count_hidden":0,"_bbp_forum_subforum_count":0,"footnotes":""},"categories":[1,29],"tags":[],"class_list":["post-569","post","type-post","status-publish","format-standard","hentry","category-general","category-portada"],"post_mailing_queue_ids":[],"_links":{"self":[{"href":"https:\/\/agora.xtec.cat\/cfacalbolava\/wp-json\/wp\/v2\/posts\/569","targetHints":{"allow":["GET"]}}],"collection":[{"href":"https:\/\/agora.xtec.cat\/cfacalbolava\/wp-json\/wp\/v2\/posts"}],"about":[{"href":"https:\/\/agora.xtec.cat\/cfacalbolava\/wp-json\/wp\/v2\/types\/post"}],"author":[{"embeddable":true,"href":"https:\/\/agora.xtec.cat\/cfacalbolava\/wp-json\/wp\/v2\/users\/1"}],"replies":[{"embeddable":true,"href":"https:\/\/agora.xtec.cat\/cfacalbolava\/wp-json\/wp\/v2\/comments?post=569"}],"version-history":[{"count":1,"href":"https:\/\/agora.xtec.cat\/cfacalbolava\/wp-json\/wp\/v2\/posts\/569\/revisions"}],"predecessor-version":[{"id":570,"href":"https:\/\/agora.xtec.cat\/cfacalbolava\/wp-json\/wp\/v2\/posts\/569\/revisions\/570"}],"wp:attachment":[{"href":"https:\/\/agora.xtec.cat\/cfacalbolava\/wp-json\/wp\/v2\/media?parent=569"}],"wp:term":[{"taxonomy":"category","embeddable":true,"href":"https:\/\/agora.xtec.cat\/cfacalbolava\/wp-json\/wp\/v2\/categories?post=569"},{"taxonomy":"post_tag","embeddable":true,"href":"https:\/\/agora.xtec.cat\/cfacalbolava\/wp-json\/wp\/v2\/tags?post=569"}],"curies":[{"name":"wp","href":"https:\/\/api.w.org\/{rel}","templated":true}]}}