{"id":543,"date":"2024-06-03T11:03:42","date_gmt":"2024-06-03T09:03:42","guid":{"rendered":"https:\/\/agora.xtec.cat\/cfacalbolava\/?p=543"},"modified":"2025-07-11T13:35:37","modified_gmt":"2025-07-11T11:35:37","slug":"presentacio-del-centre-de-formacions-dadults-cal-bolava","status":"publish","type":"post","link":"https:\/\/agora.xtec.cat\/cfacalbolava\/portada\/presentacio-del-centre-de-formacions-dadults-cal-bolava\/","title":{"rendered":"PRESENTACI\u00d3 DEL CENTRE DE FORMACI\u00d3 D&#8217;ADULTS CAL BOLAV\u00c0"},"content":{"rendered":"<p><strong>L&#8217;Escola d&#8217;Adults Cal\u00a0<span class=\"hiddenSpellError\">Bolav\u00e0<\/span>: Oportunitats per a la teva formaci\u00f3 cont\u00ednua a Calafell<\/strong><\/p>\n<div style=\"width: 320px;\" class=\"wp-video\"><!--[if lt IE 9]><script>document.createElement('video');<\/script><![endif]-->\n<video class=\"wp-video-shortcode\" id=\"video-543-1\" width=\"320\" height=\"180\" autoplay=\"1\" preload=\"metadata\" controls=\"controls\"><source type=\"video\/mp4\" src=\"https:\/\/agora.xtec.cat\/cfacalbolava\/wp-content\/uploads\/usu2382\/2024\/06\/portes-obertes-CAL-BOLAVA-def.-video-converter.com_-1.mp4?_=1\" \/><a href=\"https:\/\/agora.xtec.cat\/cfacalbolava\/wp-content\/uploads\/usu2382\/2024\/06\/portes-obertes-CAL-BOLAVA-def.-video-converter.com_-1.mp4\">https:\/\/agora.xtec.cat\/cfacalbolava\/wp-content\/uploads\/usu2382\/2024\/06\/portes-obertes-CAL-BOLAVA-def.-video-converter.com_-1.mp4<\/a><\/video><\/div>\n<p>L&#8217;Escola d&#8217;Adults Cal\u00a0<span class=\"hiddenSpellError\" style=\"padding-bottom: 2px; background-image: url('..\/..\/..\/..\/..\/images\/squiggle_red.png'); background-repeat: repeat-x; background-position: left bottom; cursor: default; color: #000000; font-family: 'Open Sans', Helvetica, Arial, sans-serif; font-size: 16px; font-style: normal; font-variant-ligatures: normal; font-variant-caps: normal; font-weight: 300; letter-spacing: normal; orphans: 2; text-align: start; text-indent: 0px; text-transform: none; widows: 2; word-spacing: 0px; -webkit-text-stroke-width: 0px; white-space: normal; text-decoration-thickness: initial; text-decoration-style: initial; text-decoration-color: initial;\">Bolav\u00e0<\/span>, ubicada a Calafell, ofereix una \u00e0mplia gamma d&#8217;oportunitats formatives per a persones adultes que vulguin ampliar els seus coneixements, millorar les seves habilitats o obtenir titulacions oficials. Entre les seves ofertes m\u00e9s destacades trobem:<\/p>\n<p>Graduat en educaci\u00f3 secund\u00e0ria: Aquest curs permet obtenir la titulaci\u00f3 equivalent a l&#8217;ESO, obrint noves portes en el m\u00f3n laboral i personal.<br \/>\nCursos d&#8217;angl\u00e8s: S&#8217;imparteixen cursos d&#8217;angl\u00e8s de diversos nivells, des de principiant fins a avan\u00e7at, amb l&#8217;objectiu que els alumnes puguin comunicar-se de manera efectiva en aquest idioma tan important.<br \/>\nCursos de castell\u00e0: Per a aquells que vulguin aprendre o millorar el seu nivell de castell\u00e0, l&#8217;escola ofereix cursos adaptats a les necessitats de cada alumne.<br \/>\nAlfabetitzaci\u00f3: Aquest curs s&#8217;adre\u00e7a a persones que no saben llegir ni escriure o que volen millorar les seves habilitats b\u00e0siques en aquest \u00e0mbit.<br \/>\nProva d&#8217;Aptitud Personal (PAP): L&#8217;escola prepara els alumnes per a superar amb \u00e8xit aquesta prova, que \u00e9s un requisit per a accedir a determinats estudis superiors.<br \/>\nA m\u00e9s d&#8217;aquestes ofertes formatives, l&#8217;Escola d&#8217;Adults Cal\u00a0<span class=\"hiddenSpellError\">Bolav\u00e0<\/span>\u00a0tamb\u00e9 organitza tallers, xerrades i altres activitats culturals i educatives obertes a tota la poblaci\u00f3.<\/p>\n<p>Informaci\u00f3 i contacte:<\/p>\n<p>Per a m\u00e9s informaci\u00f3 sobre l&#8217;oferta formativa de l&#8217;Escola d&#8217;Adults Cal\u00a0<span class=\"hiddenSpellError\">Bolav\u00e0<\/span>, pots consultar la seva p\u00e0gina web <a href=\"https:\/\/agora.xtec.cat\/cfacalbolava\/\">https:\/\/agora.xtec.cat\/cfacalbolava\/<\/a> o posar-te en contacte amb ells a trav\u00e9s del seg\u00fcent tel\u00e8fon: 977 699 009 <span class=\"hiddenSpellError\">Ext<\/span>.\u00a02474.<\/p>\n","protected":false},"excerpt":{"rendered":"<p>L&#8217;Escola d&#8217;Adults Cal\u00a0Bolav\u00e0: Oportunitats per a la teva formaci\u00f3 cont\u00ednua a Calafell<br \/>\n<a href=\"https:\/\/agora.xtec.cat\/cfacalbolava\/wp-content\/uploads\/usu2382\/2024\/06\/portes-obertes-CAL-BOLAVA-def.-video-converter.com_-1.mp4\">https:\/\/agora.xtec.cat\/cfacalbolava\/wp-content\/uploads\/usu2382\/2024\/06\/portes-obertes-CAL-BOLAVA-def.-video-converter.com_-1.mp4<\/a><br \/>\nL&#8217;Escola d&#8217;Adults Cal\u00a0Bolav\u00e0, ubicada a Calafell, ofereix una \u00e0mplia gamma d&#8217;oportunitats formatives per a persones adultes que vulguin ampliar els seus coneixements, millorar les seves habilitats o obtenir titulacions oficials. Entre les seves&hellip;  <a href=\"https:\/\/agora.xtec.cat\/cfacalbolava\/portada\/presentacio-del-centre-de-formacions-dadults-cal-bolava\/\" title=\"Read PRESENTACI\u00d3 DEL CENTRE DE FORMACI\u00d3 D&#8217;ADULTS CAL BOLAV\u00c0\">Llegeix m\u00e9s\u00bb<\/a><\/p>\n","protected":false},"author":1,"featured_media":0,"comment_status":"open","ping_status":"closed","sticky":false,"template":"","format":"standard","meta":{"_bbp_topic_count":0,"_bbp_reply_count":0,"_bbp_total_topic_count":0,"_bbp_total_reply_count":0,"_bbp_voice_count":0,"_bbp_anonymous_reply_count":0,"_bbp_topic_count_hidden":0,"_bbp_reply_count_hidden":0,"_bbp_forum_subforum_count":0,"footnotes":""},"categories":[94,29],"tags":[92],"class_list":["post-543","post","type-post","status-publish","format-standard","hentry","category-cfacalbolava","category-portada","tag-cfa-cal-bolava"],"post_mailing_queue_ids":[],"_links":{"self":[{"href":"https:\/\/agora.xtec.cat\/cfacalbolava\/wp-json\/wp\/v2\/posts\/543","targetHints":{"allow":["GET"]}}],"collection":[{"href":"https:\/\/agora.xtec.cat\/cfacalbolava\/wp-json\/wp\/v2\/posts"}],"about":[{"href":"https:\/\/agora.xtec.cat\/cfacalbolava\/wp-json\/wp\/v2\/types\/post"}],"author":[{"embeddable":true,"href":"https:\/\/agora.xtec.cat\/cfacalbolava\/wp-json\/wp\/v2\/users\/1"}],"replies":[{"embeddable":true,"href":"https:\/\/agora.xtec.cat\/cfacalbolava\/wp-json\/wp\/v2\/comments?post=543"}],"version-history":[{"count":6,"href":"https:\/\/agora.xtec.cat\/cfacalbolava\/wp-json\/wp\/v2\/posts\/543\/revisions"}],"predecessor-version":[{"id":546,"href":"https:\/\/agora.xtec.cat\/cfacalbolava\/wp-json\/wp\/v2\/posts\/543\/revisions\/546"}],"wp:attachment":[{"href":"https:\/\/agora.xtec.cat\/cfacalbolava\/wp-json\/wp\/v2\/media?parent=543"}],"wp:term":[{"taxonomy":"category","embeddable":true,"href":"https:\/\/agora.xtec.cat\/cfacalbolava\/wp-json\/wp\/v2\/categories?post=543"},{"taxonomy":"post_tag","embeddable":true,"href":"https:\/\/agora.xtec.cat\/cfacalbolava\/wp-json\/wp\/v2\/tags?post=543"}],"curies":[{"name":"wp","href":"https:\/\/api.w.org\/{rel}","templated":true}]}}