{"id":535,"date":"2024-10-29T08:27:21","date_gmt":"2024-10-29T07:27:21","guid":{"rendered":"https:\/\/agora.xtec.cat\/cfacalbolava\/?p=535"},"modified":"2025-07-11T11:21:25","modified_gmt":"2025-07-11T09:21:25","slug":"nou-curs-per-preparar-la-prova-daptitud-personal-pap","status":"publish","type":"post","link":"https:\/\/agora.xtec.cat\/cfacalbolava\/general\/nou-curs-per-preparar-la-prova-daptitud-personal-pap\/","title":{"rendered":"Nou curs per preparar la Prova d&#8217;Aptitud Personal (PAP) 2025"},"content":{"rendered":"<header class=\"entry-header\">\n<h3 class=\"entry-title\"><strong style=\"font-family: inherit; font-size: 1em;\">Qu\u00e8 \u00e9s la prova d\u2019aptitud personal PAP?<\/strong><\/h3>\n<\/header>\n<div class=\"entry-content\">\n<p>Les PAP avaluen les compet\u00e8ncies ling\u00fc\u00edstiques i el raonament cr\u00edtic, i les compet\u00e8ncies logicomatem\u00e0tiques per accedir als graus d\u2019Educaci\u00f3 infantil o d\u2019Educaci\u00f3 Prim\u00e0ria.<\/p>\n<p>Aquestes proves es realitzen en totes les universitats, tant p\u00fabliques com privades de Catalunya.<\/p>\n<h3>Preparaci\u00f3 Prova d\u2019aptitud personal (PAP)<\/h3>\n<p>Vols accedir al Grau en Educaci\u00f3 Infantil o Prim\u00e0ria?<\/p>\n<p>Prepara la PAP amb nosaltres al CFA Cal Bolav\u00e0!<\/p>\n<p>Despr\u00e9s de l\u2019\u00e8xit rotund del curs passat, en qu\u00e8 el 100% de l\u2019alumnat va superar la Prova d\u2019Aptitud Personal (PAP), al CFA Cal Bolav\u00e0 ens complau anunciar que el curs 2025-2026 tornem a oferir la preparaci\u00f3 espec\u00edfica per a la PAP<\/p>\n<p>La PAP \u00e9s una prova obligat\u00f2ria per accedir als graus en Educaci\u00f3 Infantil i Prim\u00e0ria, i pot marcar la difer\u00e8ncia entre fer realitat la teva vocaci\u00f3 o haver d\u2019esperar un any m\u00e9s. A Cal Bolav\u00e0 t\u2019acompanyem pas a pas, amb professors especialitzats, materials actualitzats i un ambient proper i motivador.<\/p>\n<p>Qu\u00e8 t\u2019oferim?<\/p>\n<p>* Classes adaptades al teu ritme.<\/p>\n<p>* Pr\u00e0ctiques espec\u00edfiques dels continguts de la prova.<\/p>\n<p>* Suport i orientaci\u00f3 cont\u00ednua.<\/p>\n<p>* Grup redu\u00eft i seguiment personalitzat.<\/p>\n<p>Si est\u00e0s cursant batxillerat i tens clar que vols dedicar-te a l\u2019educaci\u00f3, **inscriu-te al CFA Cal Bolav\u00e0 i vine a preparar la PAP amb garanties d\u2019\u00e8xit.<\/p>\n<p>Les places s\u00f3n limitades, no et quedis fora!<\/p>\n<\/div>\n<p><a href=\"https:\/\/agora.xtec.cat\/cfacalbolava\/wp-content\/uploads\/usu2382\/2025\/07\/Flyer-PAP-pag1.jpg\"><img loading=\"lazy\" decoding=\"async\" class=\"alignnone size-large wp-image-908\" src=\"https:\/\/agora.xtec.cat\/cfacalbolava\/wp-content\/uploads\/usu2382\/2025\/07\/Flyer-PAP-pag1-499x1024.jpg\" alt=\"\" width=\"499\" height=\"1024\" srcset=\"https:\/\/agora.xtec.cat\/cfacalbolava\/wp-content\/uploads\/usu2382\/2025\/07\/Flyer-PAP-pag1-499x1024.jpg 499w, https:\/\/agora.xtec.cat\/cfacalbolava\/wp-content\/uploads\/usu2382\/2025\/07\/Flyer-PAP-pag1-146x300.jpg 146w, https:\/\/agora.xtec.cat\/cfacalbolava\/wp-content\/uploads\/usu2382\/2025\/07\/Flyer-PAP-pag1-768x1577.jpg 768w, https:\/\/agora.xtec.cat\/cfacalbolava\/wp-content\/uploads\/usu2382\/2025\/07\/Flyer-PAP-pag1-748x1536.jpg 748w, https:\/\/agora.xtec.cat\/cfacalbolava\/wp-content\/uploads\/usu2382\/2025\/07\/Flyer-PAP-pag1.jpg 974w\" sizes=\"auto, (max-width: 499px) 100vw, 499px\" \/><\/a> <a href=\"https:\/\/agora.xtec.cat\/cfacalbolava\/wp-content\/uploads\/usu2382\/2025\/07\/Flyer-PAP-pag2.jpg\"><img loading=\"lazy\" decoding=\"async\" class=\"alignnone size-large wp-image-907\" src=\"https:\/\/agora.xtec.cat\/cfacalbolava\/wp-content\/uploads\/usu2382\/2025\/07\/Flyer-PAP-pag2-499x1024.jpg\" alt=\"\" width=\"499\" height=\"1024\" srcset=\"https:\/\/agora.xtec.cat\/cfacalbolava\/wp-content\/uploads\/usu2382\/2025\/07\/Flyer-PAP-pag2-499x1024.jpg 499w, https:\/\/agora.xtec.cat\/cfacalbolava\/wp-content\/uploads\/usu2382\/2025\/07\/Flyer-PAP-pag2-146x300.jpg 146w, https:\/\/agora.xtec.cat\/cfacalbolava\/wp-content\/uploads\/usu2382\/2025\/07\/Flyer-PAP-pag2-768x1577.jpg 768w, https:\/\/agora.xtec.cat\/cfacalbolava\/wp-content\/uploads\/usu2382\/2025\/07\/Flyer-PAP-pag2-748x1536.jpg 748w, https:\/\/agora.xtec.cat\/cfacalbolava\/wp-content\/uploads\/usu2382\/2025\/07\/Flyer-PAP-pag2.jpg 974w\" sizes=\"auto, (max-width: 499px) 100vw, 499px\" \/><\/a><\/p>\n<p><a href=\"https:\/\/agora.xtec.cat\/cfacalbolava\/wp-content\/uploads\/usu2382\/2025\/07\/Flyer-PAP-3.pdf\">Flyer PAP (3)<\/a><\/p>\n","protected":false},"excerpt":{"rendered":"<p>Qu\u00e8 \u00e9s la prova d\u2019aptitud personal PAP?<\/p>\n<p>Les PAP avaluen les compet\u00e8ncies ling\u00fc\u00edstiques i el raonament cr\u00edtic, i les compet\u00e8ncies logicomatem\u00e0tiques per accedir als graus d\u2019Educaci\u00f3 infantil o d\u2019Educaci\u00f3 Prim\u00e0ria.<br \/>\nAquestes proves es realitzen en totes les universitats, tant p\u00fabliques com privades de Catalunya.<br \/>\nPreparaci\u00f3 Prova d\u2019aptitud personal&hellip;  <a href=\"https:\/\/agora.xtec.cat\/cfacalbolava\/general\/nou-curs-per-preparar-la-prova-daptitud-personal-pap\/\" title=\"Read Nou curs per preparar la Prova d&#8217;Aptitud Personal (PAP) 2025\">Llegeix m\u00e9s\u00bb<\/a><\/p>\n","protected":false},"author":1,"featured_media":0,"comment_status":"open","ping_status":"closed","sticky":false,"template":"","format":"standard","meta":{"_bbp_topic_count":0,"_bbp_reply_count":0,"_bbp_total_topic_count":0,"_bbp_total_reply_count":0,"_bbp_voice_count":0,"_bbp_anonymous_reply_count":0,"_bbp_topic_count_hidden":0,"_bbp_reply_count_hidden":0,"_bbp_forum_subforum_count":0,"footnotes":""},"categories":[90,1,29],"tags":[105],"class_list":["post-535","post","type-post","status-publish","format-standard","hentry","category-cursos","category-general","category-portada","tag-pap"],"post_mailing_queue_ids":[],"_links":{"self":[{"href":"https:\/\/agora.xtec.cat\/cfacalbolava\/wp-json\/wp\/v2\/posts\/535","targetHints":{"allow":["GET"]}}],"collection":[{"href":"https:\/\/agora.xtec.cat\/cfacalbolava\/wp-json\/wp\/v2\/posts"}],"about":[{"href":"https:\/\/agora.xtec.cat\/cfacalbolava\/wp-json\/wp\/v2\/types\/post"}],"author":[{"embeddable":true,"href":"https:\/\/agora.xtec.cat\/cfacalbolava\/wp-json\/wp\/v2\/users\/1"}],"replies":[{"embeddable":true,"href":"https:\/\/agora.xtec.cat\/cfacalbolava\/wp-json\/wp\/v2\/comments?post=535"}],"version-history":[{"count":4,"href":"https:\/\/agora.xtec.cat\/cfacalbolava\/wp-json\/wp\/v2\/posts\/535\/revisions"}],"predecessor-version":[{"id":965,"href":"https:\/\/agora.xtec.cat\/cfacalbolava\/wp-json\/wp\/v2\/posts\/535\/revisions\/965"}],"wp:attachment":[{"href":"https:\/\/agora.xtec.cat\/cfacalbolava\/wp-json\/wp\/v2\/media?parent=535"}],"wp:term":[{"taxonomy":"category","embeddable":true,"href":"https:\/\/agora.xtec.cat\/cfacalbolava\/wp-json\/wp\/v2\/categories?post=535"},{"taxonomy":"post_tag","embeddable":true,"href":"https:\/\/agora.xtec.cat\/cfacalbolava\/wp-json\/wp\/v2\/tags?post=535"}],"curies":[{"name":"wp","href":"https:\/\/api.w.org\/{rel}","templated":true}]}}