{"id":531,"date":"2024-04-19T09:57:15","date_gmt":"2024-04-19T07:57:15","guid":{"rendered":"https:\/\/agora.xtec.cat\/cfacalbolava\/?p=531"},"modified":"2024-04-19T10:01:33","modified_gmt":"2024-04-19T08:01:33","slug":"preinscripcions-2024-a-lescola-dadults-cal-bolava","status":"publish","type":"post","link":"https:\/\/agora.xtec.cat\/cfacalbolava\/general\/preinscripcions-2024-a-lescola-dadults-cal-bolava\/","title":{"rendered":"Preinscripcions 2024-2025 a l&#8217;escola d&#8217;adults Cal Bolav\u00e0"},"content":{"rendered":"<p><img decoding=\"async\" class=\"img-responsive \" src=\"https:\/\/preinscripcio.gencat.cat\/web\/.content\/estudis\/educacio-adults\/inici\/carrusel\/educacio-adults-bola3.png_223078711.png\" alt=\"Accions i dates\" \/><\/p>\n<p><strong><a href=\"https:\/\/agora.xtec.cat\/cfacalbolava\/wp-content\/uploads\/usu2382\/2024\/04\/image002.png\"><img loading=\"lazy\" decoding=\"async\" class=\"size-full wp-image-532 aligncenter\" src=\"https:\/\/agora.xtec.cat\/cfacalbolava\/wp-content\/uploads\/usu2382\/2024\/04\/image002.png\" alt=\"\" width=\"320\" height=\"85\" srcset=\"https:\/\/agora.xtec.cat\/cfacalbolava\/wp-content\/uploads\/usu2382\/2024\/04\/image002.png 320w, https:\/\/agora.xtec.cat\/cfacalbolava\/wp-content\/uploads\/usu2382\/2024\/04\/image002-300x80.png 300w\" sizes=\"auto, (max-width: 320px) 100vw, 320px\" \/><\/a><\/strong><\/p>\n<p><strong>Abans de la preinscripci\u00f3<\/strong><\/p>\n<p>\u25cf 24 de maig de 2024: publicaci\u00f3 de l&#8217;oferta d&#8217;ensenyaments<\/p>\n<p>\u25cf Juny de 2024: per\u00edode d&#8217;informaci\u00f3 i orientaci\u00f3<\/p>\n<p>\u25cf 17 de juny de 2024: oferta inicial de places<\/p>\n<p><strong>Presenta la sol\u00b7licitud de preinscripci\u00f3 i fes el seguiment<\/strong><\/p>\n<p>\u25cf Del 20 al 28 de juny de 2024: presentaci\u00f3 de sol\u00b7licituds<\/p>\n<p>\u25cf 4 de juliol de 2024 (a partir de les 14 hores): llista de sol\u00b7licituds amb la puntuaci\u00f3 provisional<\/p>\n<p>\u25cf Del 4 al 10 de juliol de 2024: presentaci\u00f3 de reclamacions<\/p>\n<p>\u25cf 5 de juliol del 2024: sorteig del n\u00famero de desempat<\/p>\n<p>\u25cf 11 de juliol de 2024, a les 14 hores: llista de sol\u00b7licituds amb la puntuaci\u00f3 un cop resoltes les reclamacions<\/p>\n<p>\u25cf 15 de juliol de 2024, a les 14 hores: llista d&#8217;alumnes admesos i llista d&#8217;espera<\/p>\n<p>&nbsp;<\/p>\n<p>\u25cf Del 4 al 9 de setembre de 2024: matriculaci\u00f3<\/p>\n<p>\u25cf A partir del 10 de setembre de 2024: matr\u00edcula dels alumnes de la llista d&#8217;espera<\/p>\n","protected":false},"excerpt":{"rendered":"<p><a href=\"https:\/\/agora.xtec.cat\/cfacalbolava\/wp-content\/uploads\/usu2382\/2024\/04\/image002.png\"><\/a><br \/>\nAbans de la preinscripci\u00f3<br \/>\n\u25cf 24 de maig de 2024: publicaci\u00f3 de l&#8217;oferta d&#8217;ensenyaments<br \/>\n\u25cf Juny de 2024: per\u00edode d&#8217;informaci\u00f3 i orientaci\u00f3<br \/>\n\u25cf 17 de juny de 2024: oferta inicial de places<br \/>\nPresenta la sol\u00b7licitud de preinscripci\u00f3 i fes el seguiment<br \/>\n\u25cf Del 20 al 28 de juny de&hellip;  <a href=\"https:\/\/agora.xtec.cat\/cfacalbolava\/general\/preinscripcions-2024-a-lescola-dadults-cal-bolava\/\" title=\"Read Preinscripcions 2024-2025 a l&#8217;escola d&#8217;adults Cal Bolav\u00e0\">Llegeix m\u00e9s\u00bb<\/a><\/p>\n","protected":false},"author":1,"featured_media":0,"comment_status":"open","ping_status":"closed","sticky":false,"template":"","format":"standard","meta":{"_bbp_topic_count":0,"_bbp_reply_count":0,"_bbp_total_topic_count":0,"_bbp_total_reply_count":0,"_bbp_voice_count":0,"_bbp_anonymous_reply_count":0,"_bbp_topic_count_hidden":0,"_bbp_reply_count_hidden":0,"_bbp_forum_subforum_count":0,"footnotes":""},"categories":[1,29],"tags":[],"class_list":["post-531","post","type-post","status-publish","format-standard","hentry","category-general","category-portada"],"post_mailing_queue_ids":[],"_links":{"self":[{"href":"https:\/\/agora.xtec.cat\/cfacalbolava\/wp-json\/wp\/v2\/posts\/531","targetHints":{"allow":["GET"]}}],"collection":[{"href":"https:\/\/agora.xtec.cat\/cfacalbolava\/wp-json\/wp\/v2\/posts"}],"about":[{"href":"https:\/\/agora.xtec.cat\/cfacalbolava\/wp-json\/wp\/v2\/types\/post"}],"author":[{"embeddable":true,"href":"https:\/\/agora.xtec.cat\/cfacalbolava\/wp-json\/wp\/v2\/users\/1"}],"replies":[{"embeddable":true,"href":"https:\/\/agora.xtec.cat\/cfacalbolava\/wp-json\/wp\/v2\/comments?post=531"}],"version-history":[{"count":2,"href":"https:\/\/agora.xtec.cat\/cfacalbolava\/wp-json\/wp\/v2\/posts\/531\/revisions"}],"predecessor-version":[{"id":534,"href":"https:\/\/agora.xtec.cat\/cfacalbolava\/wp-json\/wp\/v2\/posts\/531\/revisions\/534"}],"wp:attachment":[{"href":"https:\/\/agora.xtec.cat\/cfacalbolava\/wp-json\/wp\/v2\/media?parent=531"}],"wp:term":[{"taxonomy":"category","embeddable":true,"href":"https:\/\/agora.xtec.cat\/cfacalbolava\/wp-json\/wp\/v2\/categories?post=531"},{"taxonomy":"post_tag","embeddable":true,"href":"https:\/\/agora.xtec.cat\/cfacalbolava\/wp-json\/wp\/v2\/tags?post=531"}],"curies":[{"name":"wp","href":"https:\/\/api.w.org\/{rel}","templated":true}]}}