{"id":163,"date":"2023-04-27T16:00:33","date_gmt":"2023-04-27T14:00:33","guid":{"rendered":"http:\/\/agora.xtec.cat\/cfacalbolava\/?p=163"},"modified":"2023-06-15T11:24:21","modified_gmt":"2023-06-15T09:24:21","slug":"noticia-8","status":"publish","type":"post","link":"https:\/\/agora.xtec.cat\/cfacalbolava\/portada\/noticia-8\/","title":{"rendered":"Preinscripcions 2023-2024"},"content":{"rendered":"<p style=\"font-weight: 400;\"><strong>Formaci\u00f3 d&#8217;adults<\/strong><\/p>\n<p style=\"font-weight: 400;\">La formaci\u00f3 d&#8217;adults compr\u00e8n les activitats d&#8217;aprenentatge perqu\u00e8 les persones adultes, al llarg de tota la seva vida, puguin desenvolupar capacitats, enriquir coneixements i millorar compet\u00e8ncies t\u00e8cniques i professionals. Aix\u00f2 fa que hi participin persones amb objectius diferents, com poden ser obtenir una titulaci\u00f3, posar-se al dia o ampliar els coneixements.<\/p>\n<p>La preinscripci\u00f3 per als nous alumnes es far\u00e0 presencialment a la seu del CFA Cal bolav\u00e0 del <strong>20 al 28 de juny de 2023<\/strong>.\u00a0 Els horaris d\u2019atenci\u00f3 a l\u2019alumnat s\u00f3n: \u00a0<strong>dilluns, dimecres i divendres de 9:00 a 13:00 h, <\/strong>\u00a0<strong>dimecres de 10:00 a 14:00 h i dijous de 10:00 a 12:30 h<\/strong>.<\/p>\n<p>Per realitzar la preinscripci\u00f3 heu de portar:<\/p>\n<ul>\n<li>DNI, NIE, passaport o document d\u2019identitat del pa\u00eds d\u2019origen (original i fotoc\u00f2pia)<\/li>\n<li>Per a alumnes de GESO: expedient acad\u00e8mic de l\u2019alumne<\/li>\n<\/ul>\n<p><span style=\"font-family: inherit; font-size: 1em;\">La reserva de pla\u00e7a per als alumnes actuals que el curs que ve seguireu estudiant un nivell superior dels estudis la fareu amb el vostre professor abans de finalitzar el curs.<\/span><\/p>\n<p style=\"font-weight: 400;\"><strong>Preinscripcions:<\/strong><\/p>\n<table style=\"font-weight: 400;\" width=\"575\">\n<tbody>\n<tr>\n<td width=\"375\">Fases de la preinscripci\u00f3<\/td>\n<td width=\"200\">Dates<\/td>\n<\/tr>\n<tr>\n<td width=\"375\">Publicaci\u00f3 de l&#8217;oferta d&#8217;ensenyaments<\/td>\n<td width=\"200\">24 de maig<\/td>\n<\/tr>\n<tr>\n<td width=\"375\">Gesti\u00f3 de l&#8217;oferta (reserva per a aluimnes del centre)<\/td>\n<td width=\"200\">Del 12 al 14 de juny<\/td>\n<\/tr>\n<tr>\n<td width=\"375\">Difusi\u00f3 de les vacants<\/td>\n<td width=\"200\">15 de juny<\/td>\n<\/tr>\n<tr>\n<td width=\"375\">Proc\u00e9s de informaci\u00f3 i orientaci\u00f3 en els centres<\/td>\n<td width=\"200\">Del 29 de maig al 19 de juny<\/td>\n<\/tr>\n<tr>\n<td width=\"375\">Matr\u00edcula de l&#8217;alumnat propi<\/td>\n<td width=\"200\">Del 3 al 10 de juliol<\/td>\n<\/tr>\n<tr>\n<td width=\"375\"><\/td>\n<td width=\"200\"><\/td>\n<\/tr>\n<tr>\n<td width=\"375\">Presentaci\u00f3 de sol\u00b7licituds<\/td>\n<td width=\"200\">Del 20 al 28 de juny<\/td>\n<\/tr>\n<tr>\n<td width=\"375\">Entrada de sol\u00b7licituds<\/td>\n<td width=\"200\">Del 20 al 30 de juny<\/td>\n<\/tr>\n<tr>\n<td width=\"375\">Llistes amb el barem provisional<\/td>\n<td width=\"200\">4 de juliol<\/td>\n<\/tr>\n<tr>\n<td width=\"375\">Sorteig<\/td>\n<td width=\"200\">5 de juliol<\/td>\n<\/tr>\n<tr>\n<td width=\"375\">Reclamacions<\/td>\n<td width=\"200\">Del 4 al 7 de juliol<\/td>\n<\/tr>\n<tr>\n<td width=\"375\">Llistes amb el barem definitiu (despr\u00e9s d&#8217;entrada la resoluci\u00f3 de les reclamacions)<\/td>\n<td width=\"200\">11 de juliol<\/td>\n<\/tr>\n<tr>\n<td width=\"375\">Publicaci\u00f3 de les llistes d&#8217;admesos<\/td>\n<td width=\"200\">14 de juliol<\/td>\n<\/tr>\n<tr>\n<td width=\"375\">Per\u00edode de matriculaci\u00f3<\/td>\n<td width=\"200\">Dels 4 al 8 de setembre<\/td>\n<\/tr>\n<tr>\n<td width=\"375\">Matr\u00edcula de l&#8217;alumnat de la llista d&#8217;espera<\/td>\n<td width=\"200\">Del 12 al 15 de setembre<\/td>\n<\/tr>\n<\/tbody>\n<\/table>\n<ul style=\"font-weight: 400;\">\n<li><strong>Lloc<\/strong>: Cal Bolav\u00e0, Av. Generalitat, 1, Calafell.<\/li>\n<\/ul>\n<p style=\"font-weight: 400;\">Caldr\u00e0 demanar cita pr\u00e8via per tel\u00e8fon\u00a0al <a href=\"tel:977699009\">977 699 009,<\/a>\u00a0extensi\u00f3 2474, o b\u00e9 per correu electr\u00f2nic a \u00a0<a href=\"mailto:e3013181@xtec.cat\">e3013181@xtec.cat<\/a><\/p>\n","protected":false},"excerpt":{"rendered":"<p>Formaci\u00f3 d&#8217;adults<br \/>\nLa formaci\u00f3 d&#8217;adults compr\u00e8n les activitats d&#8217;aprenentatge perqu\u00e8 les persones adultes, al llarg de tota la seva vida, puguin desenvolupar capacitats, enriquir coneixements i millorar compet\u00e8ncies t\u00e8cniques i professionals. Aix\u00f2 fa que hi participin persones amb objectius diferents, com poden ser obtenir una titulaci\u00f3,&hellip;  <a href=\"https:\/\/agora.xtec.cat\/cfacalbolava\/portada\/noticia-8\/\" title=\"Read Preinscripcions 2023-2024\">Llegeix m\u00e9s\u00bb<\/a><\/p>\n","protected":false},"author":1,"featured_media":0,"comment_status":"closed","ping_status":"closed","sticky":false,"template":"","format":"standard","meta":{"_bbp_topic_count":0,"_bbp_reply_count":0,"_bbp_total_topic_count":0,"_bbp_total_reply_count":0,"_bbp_voice_count":0,"_bbp_anonymous_reply_count":0,"_bbp_topic_count_hidden":0,"_bbp_reply_count_hidden":0,"_bbp_forum_subforum_count":0,"footnotes":""},"categories":[29],"tags":[42,43],"class_list":["post-163","post","type-post","status-publish","format-standard","hentry","category-portada","tag-angles","tag-expressio-oral"],"post_mailing_queue_ids":[],"_links":{"self":[{"href":"https:\/\/agora.xtec.cat\/cfacalbolava\/wp-json\/wp\/v2\/posts\/163","targetHints":{"allow":["GET"]}}],"collection":[{"href":"https:\/\/agora.xtec.cat\/cfacalbolava\/wp-json\/wp\/v2\/posts"}],"about":[{"href":"https:\/\/agora.xtec.cat\/cfacalbolava\/wp-json\/wp\/v2\/types\/post"}],"author":[{"embeddable":true,"href":"https:\/\/agora.xtec.cat\/cfacalbolava\/wp-json\/wp\/v2\/users\/1"}],"replies":[{"embeddable":true,"href":"https:\/\/agora.xtec.cat\/cfacalbolava\/wp-json\/wp\/v2\/comments?post=163"}],"version-history":[{"count":4,"href":"https:\/\/agora.xtec.cat\/cfacalbolava\/wp-json\/wp\/v2\/posts\/163\/revisions"}],"predecessor-version":[{"id":477,"href":"https:\/\/agora.xtec.cat\/cfacalbolava\/wp-json\/wp\/v2\/posts\/163\/revisions\/477"}],"wp:attachment":[{"href":"https:\/\/agora.xtec.cat\/cfacalbolava\/wp-json\/wp\/v2\/media?parent=163"}],"wp:term":[{"taxonomy":"category","embeddable":true,"href":"https:\/\/agora.xtec.cat\/cfacalbolava\/wp-json\/wp\/v2\/categories?post=163"},{"taxonomy":"post_tag","embeddable":true,"href":"https:\/\/agora.xtec.cat\/cfacalbolava\/wp-json\/wp\/v2\/tags?post=163"}],"curies":[{"name":"wp","href":"https:\/\/api.w.org\/{rel}","templated":true}]}}