{"id":1521,"date":"2026-04-24T10:31:34","date_gmt":"2026-04-24T08:31:34","guid":{"rendered":"https:\/\/agora.xtec.cat\/cfacalbolava\/?p=1521"},"modified":"2026-04-28T12:45:21","modified_gmt":"2026-04-28T10:45:21","slug":"diada-de-sant-jordi-2026","status":"publish","type":"post","link":"https:\/\/agora.xtec.cat\/cfacalbolava\/general\/diada-de-sant-jordi-2026\/","title":{"rendered":"Diada de Sant Jordi 2026 a CFA Cal Bolav\u00e0"},"content":{"rendered":"<div>\n<p>Aquesta setmana hem viscut un Sant Jordi d&#8217;all\u00f2 m\u00e9s especial al\u00a0<strong>CFA Cal Bolav\u00e0<\/strong>\u00a0i volem compartir-ho amb tots vosaltres! Vam escalfar motors amb la iniciativa \u00abAdopta un llibre\u00bb, on vam compartir noves lectures a la nostra paradeta, i vam aprofitar l&#8217;ocasi\u00f3 per inaugurar el nou\u00a0<strong>Rac\u00f3 dels Llibres<\/strong>, un espai que quedar\u00e0 fix al centre per a l\u2019intercanvi lliure durant tot l\u2019any.<\/p>\n<p>A m\u00e9s, l&#8217;alumnat del m\u00f2dul de Llengua Catalana 2 (GES 1) va omplir l&#8217;escola de romanticisme i creativitat amb l&#8217;activitat\u00a0<strong>\u00abDigue&#8217;m una frase d&#8217;AMOR&#8230;\u00bb<\/strong>, recollint missatges i imatges precioses que celebren el sentiment d&#8217;aquesta diada.<\/p>\n<p>Per\u00f2 la festa no s&#8217;aturava aqu\u00ed: ahir, 23 d&#8217;abril, vam passar el dia a\u00a0<strong>Vilanova i la Geltr\u00fa<\/strong>, on vam viure l&#8217;ess\u00e8ncia de la festa recorrent la Rambla Principal, visitant les llibreries m\u00e9s emblem\u00e0tiques i descobrint la biblioteca al cor de la Vila. Va ser una jornada rodona on, a m\u00e9s a m\u00e9s, vam gaudir de la m\u00fasica, les sardanes i les arts esc\u00e8niques que omplien de vida la Pla\u00e7a de la Vila i la Pla\u00e7a de Soler i Carbonell. Una setmana fant\u00e0stica per gaudir plegats de les lletres i les tradicions! \ud83c\udf39\ud83d\udcda\u2728<\/p>\n\r\n\t<div class=\"slideshow_container slideshow_container_style-light\" style=\"height: 300px; \" data-slideshow-id=\"1531\" data-style-name=\"style-light\" data-style-version=\"2.3.1\" >\r\n\r\n\t\t\t\t\t<div class=\"slideshow_loading_icon\"><\/div>\r\n\t\t\r\n\t\t<div class=\"slideshow_content\" style=\"display: none;\">\r\n\r\n\t\t\t<div class=\"slideshow_view\">\r\n\t\t\t\t<div class=\"slideshow_slide slideshow_slide_image\">\r\n\t\t\t\t\t\t\t\t\t\t\t<img src=\"https:\/\/agora.xtec.cat\/cfacalbolava\/wp-content\/uploads\/usu2382\/2026\/04\/IMG-20260423-WA0019.jpg\" alt=\"IMG-20260423-WA0019\" width=\"1600\" height=\"1093\" \/>\r\n\t\t\t\t\t\t\t\t\t\t<div class=\"slideshow_description_box slideshow_transparent\">\r\n\t\t\t\t\t\t<div class=\"slideshow_title\">IMG-20260423-WA0019<\/div>\t\t\t\t\t\t\t\t\t\t\t<\/div>\r\n\t\t\t\t<\/div>\r\n\r\n\t\t\t\t\t\t<div style=\"clear: both;\"><\/div><\/div><div class=\"slideshow_view\">\r\n\t\t\t\t<div class=\"slideshow_slide slideshow_slide_image\">\r\n\t\t\t\t\t\t\t\t\t\t\t<img src=\"https:\/\/agora.xtec.cat\/cfacalbolava\/wp-content\/uploads\/usu2382\/2026\/04\/WhatsApp-Image-2026-04-23-at-17.12.19.jpg\" alt=\"WhatsApp Image 2026-04-23 at 17.12.19\" width=\"470\" height=\"353\" \/>\r\n\t\t\t\t\t\t\t\t\t\t<div class=\"slideshow_description_box slideshow_transparent\">\r\n\t\t\t\t\t\t<div class=\"slideshow_title\">WhatsApp Image 2026-04-23 at 17.12.19<\/div>\t\t\t\t\t\t\t\t\t\t\t<\/div>\r\n\t\t\t\t<\/div>\r\n\r\n\t\t\t\t\t\t<div style=\"clear: both;\"><\/div><\/div><div class=\"slideshow_view\">\r\n\t\t\t\t<div class=\"slideshow_slide slideshow_slide_image\">\r\n\t\t\t\t\t\t\t\t\t\t\t<img src=\"https:\/\/agora.xtec.cat\/cfacalbolava\/wp-content\/uploads\/usu2382\/2026\/04\/WhatsApp-Image-2026-04-23-at-17.12.19-1.jpg\" alt=\"WhatsApp Image 2026-04-23 at 17.12.19 (1)\" width=\"672\" height=\"462\" \/>\r\n\t\t\t\t\t\t\t\t\t\t<div class=\"slideshow_description_box slideshow_transparent\">\r\n\t\t\t\t\t\t<div class=\"slideshow_title\">WhatsApp Image 2026-04-23 at 17.12.19 (1)<\/div>\t\t\t\t\t\t\t\t\t\t\t<\/div>\r\n\t\t\t\t<\/div>\r\n\r\n\t\t\t\t\t\t<div style=\"clear: both;\"><\/div><\/div><div class=\"slideshow_view\">\r\n\t\t\t\t<div class=\"slideshow_slide slideshow_slide_image\">\r\n\t\t\t\t\t\t\t\t\t\t\t<img src=\"https:\/\/agora.xtec.cat\/cfacalbolava\/wp-content\/uploads\/usu2382\/2026\/04\/WhatsApp-Image-2026-04-21-at-09.37.24.jpg\" alt=\"WhatsApp Image 2026-04-21 at 09.37.24\" width=\"353\" height=\"471\" \/>\r\n\t\t\t\t\t\t\t\t\t\t<div class=\"slideshow_description_box slideshow_transparent\">\r\n\t\t\t\t\t\t<div class=\"slideshow_title\">WhatsApp Image 2026-04-21 at 09.37.24<\/div>\t\t\t\t\t\t\t\t\t\t\t<\/div>\r\n\t\t\t\t<\/div>\r\n\r\n\t\t\t\t\t\t<div style=\"clear: both;\"><\/div><\/div><div class=\"slideshow_view\">\r\n\t\t\t\t<div class=\"slideshow_slide slideshow_slide_image\">\r\n\t\t\t\t\t\t\t\t\t\t\t<img src=\"https:\/\/agora.xtec.cat\/cfacalbolava\/wp-content\/uploads\/usu2382\/2026\/04\/WhatsApp-Image-2026-04-22-at-14.29.25.jpg\" alt=\"WhatsApp Image 2026-04-22 at 14.29.25\" width=\"457\" height=\"451\" \/>\r\n\t\t\t\t\t\t\t\t\t\t<div class=\"slideshow_description_box slideshow_transparent\">\r\n\t\t\t\t\t\t<div class=\"slideshow_title\">WhatsApp Image 2026-04-22 at 14.29.25<\/div>\t\t\t\t\t\t\t\t\t\t\t<\/div>\r\n\t\t\t\t<\/div>\r\n\r\n\t\t\t\t\t\t<div style=\"clear: both;\"><\/div><\/div><div class=\"slideshow_view\">\r\n\t\t\t\t<div class=\"slideshow_slide slideshow_slide_image\">\r\n\t\t\t\t\t\t\t\t\t\t\t<img src=\"https:\/\/agora.xtec.cat\/cfacalbolava\/wp-content\/uploads\/usu2382\/2026\/04\/WhatsApp-Image-2026-04-21-at-12.21.12.jpg\" alt=\"WhatsApp Image 2026-04-21 at 12.21.12\" width=\"143\" height=\"256\" \/>\r\n\t\t\t\t\t\t\t\t\t\t<div class=\"slideshow_description_box slideshow_transparent\">\r\n\t\t\t\t\t\t<div class=\"slideshow_title\">WhatsApp Image 2026-04-21 at 12.21.12<\/div>\t\t\t\t\t\t\t\t\t\t\t<\/div>\r\n\t\t\t\t<\/div>\r\n\r\n\t\t\t\t\t\t<div style=\"clear: both;\"><\/div><\/div>\r\n\t\t<\/div>\r\n\r\n\t\t<div class=\"slideshow_controlPanel slideshow_transparent\" style=\"display: none;\"><ul><li class=\"slideshow_togglePlay\" data-play-text=\"Visualitza\" data-pause-text=\"Pausa\"><\/li><\/ul><\/div>\r\n\r\n\t\t<div class=\"slideshow_button slideshow_previous slideshow_transparent\" role=\"button\" data-previous-text=\"Anterior\" style=\"display: none;\"><\/div>\r\n\t\t<div class=\"slideshow_button slideshow_next slideshow_transparent\" role=\"button\" data-next-text=\"Seg\u00fcent\" style=\"display: none;\"><\/div>\r\n\r\n\t\t<div class=\"slideshow_pagination\" style=\"display: none;\" data-go-to-text=\"V\u00e9s a la diapositiva\"><div class=\"slideshow_pagination_center\"><\/div><\/div>\r\n\r\n\t\t<!-- WordPress Slideshow Version 2.3.1 -->\r\n\r\n\t\t\t<\/div>\r\n\r\n\n<\/div>\n<p>&nbsp;<\/p>\n","protected":false},"excerpt":{"rendered":"<p>Aquesta setmana hem viscut un Sant Jordi d&#8217;all\u00f2 m\u00e9s especial al\u00a0CFA Cal Bolav\u00e0\u00a0i volem compartir-ho amb tots vosaltres! Vam escalfar motors amb la iniciativa \u00abAdopta un llibre\u00bb, on vam compartir noves lectures a la nostra paradeta, i vam aprofitar l&#8217;ocasi\u00f3 per inaugurar el nou\u00a0Rac\u00f3 dels&hellip;  <a href=\"https:\/\/agora.xtec.cat\/cfacalbolava\/general\/diada-de-sant-jordi-2026\/\" title=\"Read Diada de Sant Jordi 2026 a CFA Cal Bolav\u00e0\">Llegeix m\u00e9s\u00bb<\/a><\/p>\n","protected":false},"author":1,"featured_media":1550,"comment_status":"open","ping_status":"open","sticky":false,"template":"","format":"standard","meta":{"_bbp_topic_count":0,"_bbp_reply_count":0,"_bbp_total_topic_count":0,"_bbp_total_reply_count":0,"_bbp_voice_count":0,"_bbp_anonymous_reply_count":0,"_bbp_topic_count_hidden":0,"_bbp_reply_count_hidden":0,"_bbp_forum_subforum_count":0,"footnotes":""},"categories":[100,1,29],"tags":[],"class_list":["post-1521","post","type-post","status-publish","format-standard","has-post-thumbnail","hentry","category-articles-dinteres","category-general","category-portada"],"post_mailing_queue_ids":[],"_links":{"self":[{"href":"https:\/\/agora.xtec.cat\/cfacalbolava\/wp-json\/wp\/v2\/posts\/1521","targetHints":{"allow":["GET"]}}],"collection":[{"href":"https:\/\/agora.xtec.cat\/cfacalbolava\/wp-json\/wp\/v2\/posts"}],"about":[{"href":"https:\/\/agora.xtec.cat\/cfacalbolava\/wp-json\/wp\/v2\/types\/post"}],"author":[{"embeddable":true,"href":"https:\/\/agora.xtec.cat\/cfacalbolava\/wp-json\/wp\/v2\/users\/1"}],"replies":[{"embeddable":true,"href":"https:\/\/agora.xtec.cat\/cfacalbolava\/wp-json\/wp\/v2\/comments?post=1521"}],"version-history":[{"count":7,"href":"https:\/\/agora.xtec.cat\/cfacalbolava\/wp-json\/wp\/v2\/posts\/1521\/revisions"}],"predecessor-version":[{"id":1571,"href":"https:\/\/agora.xtec.cat\/cfacalbolava\/wp-json\/wp\/v2\/posts\/1521\/revisions\/1571"}],"wp:featuredmedia":[{"embeddable":true,"href":"https:\/\/agora.xtec.cat\/cfacalbolava\/wp-json\/wp\/v2\/media\/1550"}],"wp:attachment":[{"href":"https:\/\/agora.xtec.cat\/cfacalbolava\/wp-json\/wp\/v2\/media?parent=1521"}],"wp:term":[{"taxonomy":"category","embeddable":true,"href":"https:\/\/agora.xtec.cat\/cfacalbolava\/wp-json\/wp\/v2\/categories?post=1521"},{"taxonomy":"post_tag","embeddable":true,"href":"https:\/\/agora.xtec.cat\/cfacalbolava\/wp-json\/wp\/v2\/tags?post=1521"}],"curies":[{"name":"wp","href":"https:\/\/api.w.org\/{rel}","templated":true}]}}