{"id":1470,"date":"2026-04-17T09:34:06","date_gmt":"2026-04-17T07:34:06","guid":{"rendered":"https:\/\/agora.xtec.cat\/cfacalbolava\/?p=1470"},"modified":"2026-04-28T12:04:26","modified_gmt":"2026-04-28T10:04:26","slug":"per-al-curs-2026-2027-tenim-novetats-en-loferta-formativa-del-cfa-cal-bolava","status":"publish","type":"post","link":"https:\/\/agora.xtec.cat\/cfacalbolava\/general\/per-al-curs-2026-2027-tenim-novetats-en-loferta-formativa-del-cfa-cal-bolava\/","title":{"rendered":"Per al curs 2026-2027, tenim novetats en l&#8217;oferta formativa del CFA Cal Bolav\u00e0!"},"content":{"rendered":"<p>Est\u00e0s pensant en inscriure\u2019t a la prova d\u2019acc\u00e9s a cicle de grau superior (CFGS)? El curs vinent al CFA Cal Bolav\u00e0 oferim un curs per ajudar-te a preparar la prova!<\/p>\n<p>El Curs de Formaci\u00f3 Preparatori per a l&#8217;Acc\u00e9s a Cicles de Grau Superior serveix per preparar l\u2019alumnat per presentar-se a les proves d&#8217;acc\u00e9s als cicles de grau superior de formaci\u00f3 professional, d&#8217;arts pl\u00e0stiques i disseny, i d&#8217;ensenyaments esportius.<\/p>\n<p><strong>Qui pot realitzar la prova d\u2019acc\u00e9s a CFGS?<\/strong><\/p>\n<ul data-editing-info=\"{&quot;applyListStyleFromLevel&quot;:true}\">\n<li>\n<div class=\"x_elementToProof\" role=\"presentation\"><span data-olk-copy-source=\"MessageBody\">Aquesta prova es convoca un cop a l&#8217;any, normalment al mes de maig. Per tant, el curs preparatori que oferim al centre dura un curs acad\u00e8mic i s&#8217;acaba al mes de maig.<\/span><\/div>\n<\/li>\n<li>\n<div role=\"presentation\">S\u2019han d&#8217;haver complert els 19 anys per fer la prova o complir-los l\u2019any natural en qu\u00e8 es realitza la prova.<\/div>\n<\/li>\n<li>\n<div role=\"presentation\">La prova est\u00e0 pensada per a persones que no tenen els estudis necessaris (com batxillerat) per accedir directament a un CFGS.<\/div>\n<\/li>\n<li>\n<div role=\"presentation\">Tenir l\u2019ESO no \u00e9s obligatori per fer aquesta prova.<\/div>\n<\/li>\n<\/ul>\n<p><strong>Qui pot matricular-se al curs de formaci\u00f3 preparatori que oferim al CFA?<\/strong><\/p>\n<p>Poden accedir a aquests estudis les persones que tinguin m\u00e9s de 18 anys o els compleixin durant l\u2019any natural en qu\u00e8 s\u2019inicia la formaci\u00f3.<\/p>\n<p><strong>Com funciona el curs de formaci\u00f3 preparatori?<\/strong><\/p>\n<p>L&#8217;alumnat podr\u00e0 preparar al nostre centre les mat\u00e8ries de la part comuna, les mat\u00e8ries de la part espec\u00edfica, o totes dues parts.<\/p>\n<p>La durada m\u00ednima del curs \u00e9s de 300 hores per a les mat\u00e8ries de la part comuna i de 99 hores per cada mat\u00e8ria de la part espec\u00edfica.<\/p>\n<p>Les mat\u00e8ries de la part comuna s\u00f3n:<\/p>\n<p>\u25cf Llengua catalana<\/p>\n<p>\u25cf Llengua castellana<\/p>\n<p>\u25cf Llengua estrangera<\/p>\n<p>\u25cf Matem\u00e0tiques o Hist\u00f2ria<\/p>\n<p>Segons la fam\u00edlia professional o cicle al qual l\u2019alumnat vol accedir, cal escollir 2 mat\u00e8ries de la part espec\u00edfica. <span data-olk-copy-source=\"MessageBody\">Les mat\u00e8ries de la part comuna es realitzaran totes de forma presencial al CFA. Les mat\u00e8ries de la part espec\u00edfica estan per determinar.<\/span><\/p>\n<p><strong>La qualificaci\u00f3 del curs de formaci\u00f3 preparatori t\u00e9 alguna validesa?<\/strong><\/p>\n<p>En cas que es superi el curs, la qualificaci\u00f3 que s\u2019obt\u00e9 en la formaci\u00f3 que oferim al CFA Cal Bolav\u00e0 contribueix a la nota de la prova d\u2019acc\u00e9s, ja que es multiplica pel coeficient 0,20 i es suma a la nota de la prova d\u2019acc\u00e9s.<\/p>\n<p><strong>Quan puc inscriure\u2019m al curs de formaci\u00f3 preparatori pel curs 2026-2027?<\/strong><\/p>\n<p>El per\u00edode per a la presentaci\u00f3 de sol\u00b7licituds per inscriure\u2019s als cursos del CFA pel curs vinent \u00e9s del 19 al 29 de juny de 2026. No et quedis sense la teva pla\u00e7a!<\/p>\n<p>Per a m\u00e9s informaci\u00f3 sobre aquests nous estudis que oferim al CFA Cal Bolav\u00e0, podeu visitar la p\u00e0gina del Departament d\u2019Ensenyament de la Generalitat de Catalunya: <a href=\"https:\/\/triaeducativa.gencat.cat\/ca\/estudis\/?curs-formacio-preparatori-acces-cicles-\">https:\/\/triaeducativa.gencat.cat\/ca\/estudis\/?curs-formacio-preparatori-acces-cicles-<\/a><\/p>\n<p><a href=\"https:\/\/agora.xtec.cat\/cfacalbolava\/wp-content\/uploads\/usu2382\/2026\/04\/Captura-de-pantalla-2026-04-17-114435.png\"><img loading=\"lazy\" decoding=\"async\" class=\"alignnone size-full wp-image-1506\" src=\"https:\/\/agora.xtec.cat\/cfacalbolava\/wp-content\/uploads\/usu2382\/2026\/04\/Captura-de-pantalla-2026-04-17-114435.png\" alt=\"\" width=\"310\" height=\"385\" srcset=\"https:\/\/agora.xtec.cat\/cfacalbolava\/wp-content\/uploads\/usu2382\/2026\/04\/Captura-de-pantalla-2026-04-17-114435.png 310w, https:\/\/agora.xtec.cat\/cfacalbolava\/wp-content\/uploads\/usu2382\/2026\/04\/Captura-de-pantalla-2026-04-17-114435-242x300.png 242w\" sizes=\"auto, (max-width: 310px) 100vw, 310px\" \/><\/a><\/p>\n<p>&nbsp;<\/p>\n<p>&nbsp;<\/p>\n","protected":false},"excerpt":{"rendered":"<p>Est\u00e0s pensant en inscriure\u2019t a la prova d\u2019acc\u00e9s a cicle de grau superior (CFGS)? El curs vinent al CFA Cal Bolav\u00e0 oferim un curs per ajudar-te a preparar la prova!<br \/>\nEl Curs de Formaci\u00f3 Preparatori per a l&#8217;Acc\u00e9s a Cicles de Grau Superior serveix per preparar&hellip;  <a href=\"https:\/\/agora.xtec.cat\/cfacalbolava\/general\/per-al-curs-2026-2027-tenim-novetats-en-loferta-formativa-del-cfa-cal-bolava\/\" title=\"Read Per al curs 2026-2027, tenim novetats en l&#8217;oferta formativa del CFA Cal Bolav\u00e0!\">Llegeix m\u00e9s\u00bb<\/a><\/p>\n","protected":false},"author":1,"featured_media":1560,"comment_status":"open","ping_status":"open","sticky":false,"template":"","format":"standard","meta":{"_bbp_topic_count":0,"_bbp_reply_count":0,"_bbp_total_topic_count":0,"_bbp_total_reply_count":0,"_bbp_voice_count":0,"_bbp_anonymous_reply_count":0,"_bbp_topic_count_hidden":0,"_bbp_reply_count_hidden":0,"_bbp_forum_subforum_count":0,"footnotes":""},"categories":[100,1,29],"tags":[],"class_list":["post-1470","post","type-post","status-publish","format-standard","has-post-thumbnail","hentry","category-articles-dinteres","category-general","category-portada"],"post_mailing_queue_ids":[],"_links":{"self":[{"href":"https:\/\/agora.xtec.cat\/cfacalbolava\/wp-json\/wp\/v2\/posts\/1470","targetHints":{"allow":["GET"]}}],"collection":[{"href":"https:\/\/agora.xtec.cat\/cfacalbolava\/wp-json\/wp\/v2\/posts"}],"about":[{"href":"https:\/\/agora.xtec.cat\/cfacalbolava\/wp-json\/wp\/v2\/types\/post"}],"author":[{"embeddable":true,"href":"https:\/\/agora.xtec.cat\/cfacalbolava\/wp-json\/wp\/v2\/users\/1"}],"replies":[{"embeddable":true,"href":"https:\/\/agora.xtec.cat\/cfacalbolava\/wp-json\/wp\/v2\/comments?post=1470"}],"version-history":[{"count":6,"href":"https:\/\/agora.xtec.cat\/cfacalbolava\/wp-json\/wp\/v2\/posts\/1470\/revisions"}],"predecessor-version":[{"id":1485,"href":"https:\/\/agora.xtec.cat\/cfacalbolava\/wp-json\/wp\/v2\/posts\/1470\/revisions\/1485"}],"wp:featuredmedia":[{"embeddable":true,"href":"https:\/\/agora.xtec.cat\/cfacalbolava\/wp-json\/wp\/v2\/media\/1560"}],"wp:attachment":[{"href":"https:\/\/agora.xtec.cat\/cfacalbolava\/wp-json\/wp\/v2\/media?parent=1470"}],"wp:term":[{"taxonomy":"category","embeddable":true,"href":"https:\/\/agora.xtec.cat\/cfacalbolava\/wp-json\/wp\/v2\/categories?post=1470"},{"taxonomy":"post_tag","embeddable":true,"href":"https:\/\/agora.xtec.cat\/cfacalbolava\/wp-json\/wp\/v2\/tags?post=1470"}],"curies":[{"name":"wp","href":"https:\/\/api.w.org\/{rel}","templated":true}]}}