{"id":1454,"date":"2026-04-10T11:20:57","date_gmt":"2026-04-10T09:20:57","guid":{"rendered":"https:\/\/agora.xtec.cat\/cfacalbolava\/?p=1454"},"modified":"2026-04-28T12:43:28","modified_gmt":"2026-04-28T10:43:28","slug":"tens-pensat-continuar-estudiant-ja-es-obert-el-periode-per-la-sol-licitud-de-beques","status":"publish","type":"post","link":"https:\/\/agora.xtec.cat\/cfacalbolava\/general\/tens-pensat-continuar-estudiant-ja-es-obert-el-periode-per-la-sol-licitud-de-beques\/","title":{"rendered":"Tens pensat continuar estudiant? Ja \u00e9s obert el per\u00edode per la sol.licitud de beques"},"content":{"rendered":"<p>Tens pensat continuar estudiant el curs vinent? Potser un cicle de grau mitj\u00e0 (CFGM) o de grau superior (CFGS)? O batxillerat? O potser vols fer un curs de preparaci\u00f3 per a les proves d&#8217;acc\u00e9s a cicles? Si \u00e9s aix\u00ed, sabies que pots sol\u00b7licitar una beca si compleixes uns requisits econ\u00f2mics i acad\u00e8mics?<\/p>\n<p>Com cada curs, enguany s\u2019ha tornat a obrir la convocat\u00f2ria p\u00fablica per a la concessi\u00f3 de <strong>beques per a l\u2019alumnat que el curs 2026-2027 cursar\u00e0 ensenyaments postobligatoris no universitaris.<\/strong> No deixis escapar aquesta oportunitat i sol\u00b7licita el suport econ\u00f2mic que pot ajudar-te a construir el teu futur!<\/p>\n<p>IMPORTANT! Pots demanar la beca tot i que no s\u00e0pigues segur si estudiar\u00e0s el curs 2026-2027.<\/p>\n<p>El termini per presentar la sol\u00b7licitud \u00e9s <strong>del 7 d\u2019abril del 2026, a les 8.00h, fins el 18 de maig del 2026, a les 15.00h.<\/strong><\/p>\n<p><strong>Com es tramita?<\/strong><\/p>\n<p>La sol\u00b7licitud es fa online. Recorda! Per tramitar-la has de tenir idCAT o CL@VE. Troba m\u00e9s informaci\u00f3 a la p\u00e0gina web de la <a href=\"https:\/\/web.gencat.cat\/ca\/ciutadania\/serveis\/educacio-formacio\/beques-estudis-no-universitaris\">https:\/\/web.gencat.cat\/ca\/ciutadania\/serveis\/educacio-formacio\/beques-estudis-no-universitaris<\/a><\/p>\n<p>Si ets alumne\/a del CFA i tens dubtes sobre com fer la sol\u00b7licitud, no dubtis en demanar-nos ajuda!<\/p>\n<p><a href=\"https:\/\/agora.xtec.cat\/cfacalbolava\/wp-content\/uploads\/usu2382\/2026\/04\/imatge-beca-1.png\"><img loading=\"lazy\" decoding=\"async\" class=\"alignnone size-full wp-image-1455\" src=\"https:\/\/agora.xtec.cat\/cfacalbolava\/wp-content\/uploads\/usu2382\/2026\/04\/imatge-beca-1.png\" alt=\"\" width=\"724\" height=\"335\" srcset=\"https:\/\/agora.xtec.cat\/cfacalbolava\/wp-content\/uploads\/usu2382\/2026\/04\/imatge-beca-1.png 724w, https:\/\/agora.xtec.cat\/cfacalbolava\/wp-content\/uploads\/usu2382\/2026\/04\/imatge-beca-1-300x139.png 300w\" sizes=\"auto, (max-width: 724px) 100vw, 724px\" \/><\/a><\/p>\n<p>&nbsp;<\/p>\n","protected":false},"excerpt":{"rendered":"<p>Tens pensat continuar estudiant el curs vinent? Potser un cicle de grau mitj\u00e0 (CFGM) o de grau superior (CFGS)? O batxillerat? O potser vols fer un curs de preparaci\u00f3 per a les proves d&#8217;acc\u00e9s a cicles? Si \u00e9s aix\u00ed, sabies que pots sol\u00b7licitar una beca&hellip;  <a href=\"https:\/\/agora.xtec.cat\/cfacalbolava\/general\/tens-pensat-continuar-estudiant-ja-es-obert-el-periode-per-la-sol-licitud-de-beques\/\" title=\"Read Tens pensat continuar estudiant? Ja \u00e9s obert el per\u00edode per la sol.licitud de beques\">Llegeix m\u00e9s\u00bb<\/a><\/p>\n","protected":false},"author":1,"featured_media":1455,"comment_status":"open","ping_status":"open","sticky":false,"template":"","format":"standard","meta":{"_bbp_topic_count":0,"_bbp_reply_count":0,"_bbp_total_topic_count":0,"_bbp_total_reply_count":0,"_bbp_voice_count":0,"_bbp_anonymous_reply_count":0,"_bbp_topic_count_hidden":0,"_bbp_reply_count_hidden":0,"_bbp_forum_subforum_count":0,"footnotes":""},"categories":[100,1,29],"tags":[119],"class_list":["post-1454","post","type-post","status-publish","format-standard","has-post-thumbnail","hentry","category-articles-dinteres","category-general","category-portada","tag-beques"],"post_mailing_queue_ids":[],"_links":{"self":[{"href":"https:\/\/agora.xtec.cat\/cfacalbolava\/wp-json\/wp\/v2\/posts\/1454","targetHints":{"allow":["GET"]}}],"collection":[{"href":"https:\/\/agora.xtec.cat\/cfacalbolava\/wp-json\/wp\/v2\/posts"}],"about":[{"href":"https:\/\/agora.xtec.cat\/cfacalbolava\/wp-json\/wp\/v2\/types\/post"}],"author":[{"embeddable":true,"href":"https:\/\/agora.xtec.cat\/cfacalbolava\/wp-json\/wp\/v2\/users\/1"}],"replies":[{"embeddable":true,"href":"https:\/\/agora.xtec.cat\/cfacalbolava\/wp-json\/wp\/v2\/comments?post=1454"}],"version-history":[{"count":5,"href":"https:\/\/agora.xtec.cat\/cfacalbolava\/wp-json\/wp\/v2\/posts\/1454\/revisions"}],"predecessor-version":[{"id":1569,"href":"https:\/\/agora.xtec.cat\/cfacalbolava\/wp-json\/wp\/v2\/posts\/1454\/revisions\/1569"}],"wp:featuredmedia":[{"embeddable":true,"href":"https:\/\/agora.xtec.cat\/cfacalbolava\/wp-json\/wp\/v2\/media\/1455"}],"wp:attachment":[{"href":"https:\/\/agora.xtec.cat\/cfacalbolava\/wp-json\/wp\/v2\/media?parent=1454"}],"wp:term":[{"taxonomy":"category","embeddable":true,"href":"https:\/\/agora.xtec.cat\/cfacalbolava\/wp-json\/wp\/v2\/categories?post=1454"},{"taxonomy":"post_tag","embeddable":true,"href":"https:\/\/agora.xtec.cat\/cfacalbolava\/wp-json\/wp\/v2\/tags?post=1454"}],"curies":[{"name":"wp","href":"https:\/\/api.w.org\/{rel}","templated":true}]}}