{"id":1397,"date":"2026-04-10T13:21:04","date_gmt":"2026-04-10T11:21:04","guid":{"rendered":"https:\/\/agora.xtec.cat\/cfacalbolava\/?p=1397"},"modified":"2026-04-10T13:24:10","modified_gmt":"2026-04-10T11:24:10","slug":"preinscripcio-curs-2026-2027","status":"publish","type":"post","link":"https:\/\/agora.xtec.cat\/cfacalbolava\/portada\/preinscripcio-curs-2026-2027\/","title":{"rendered":"Preinscripci\u00f3 Curs 2026-2027"},"content":{"rendered":"<p><em>PREINSCRIPCI\u00d3 CURS 2026-2027<\/em><\/p>\n<h3><strong><em>Abans de la preinscripci\u00f3<\/em><\/strong><\/h3>\n<p><strong>22 de maig de 2026<\/strong>: publicaci\u00f3 de l&#8217;oferta d&#8217;ensenyaments<br \/>\nData en qu\u00e8 es publica l&#8217;oferta d&#8217;ensenyaments.<\/p>\n<p><strong>Juny de 2026<\/strong>: per\u00edode d&#8217;informaci\u00f3 i orientaci\u00f3<br \/>\nEl mes de juny ser\u00e0 el per\u00edode preferent d&#8217;informaci\u00f3 i orientaci\u00f3 als alumnes nous.<\/p>\n<p><strong>18 de juny de 2026<\/strong>: oferta inicial de places<br \/>\nPublicaci\u00f3 al web o al tauler d&#8217;anuncis del centre del nombre de places per ensenyament i curs.<\/p>\n<h3><strong><em>Presenta la sol\u00b7licitud de preinscripci\u00f3 i fes el seguiment<\/em><\/strong><\/h3>\n<p><strong>Del 19 al 29 de juny de 2026<\/strong>: presentaci\u00f3 de sol\u00b7licituds<br \/>\n\u00c9s molt important respectar les dates, perqu\u00e8 les sol\u00b7licituds que es presentin fora d&#8217;aquest<br \/>\ntermini perdran totes les prioritats que haurien pogut tenir a l&#8217;hora d&#8217;obtenir la pla\u00e7a. Els<br \/>\ncriteris de prioritat serveixen per donar una puntuaci\u00f3 a cada sol\u00b7licitud. D&#8217;aquesta manera<br \/>\ns&#8217;estableix l&#8217;ordre d&#8217;acc\u00e9s a les places de cada centre.<\/p>\n<p><strong>6 de juliol de 2026<\/strong> (a partir de les 14 hores): llista de sol\u00b7licituds amb la puntuaci\u00f3 provisional<br \/>\nUn cop acabat el per\u00edode de presentaci\u00f3 de sol\u00b7licituds, els centres educatius estudien<br \/>\ncadascuna de les peticions que han rebut: s&#8217;analitzen les dades, els criteris de prioritat que<br \/>\nles fam\u00edlies demanen que es tinguin en compte, i tamb\u00e9 els documents justificatius. Tot<br \/>\nseguit, publiquen la llista de sol\u00b7licituds amb els barems provisionals. En aquesta llista hi ha<br \/>\nles sol\u00b7licituds ordenades alfab\u00e8ticament amb la puntuaci\u00f3 que ha rebut cada sol\u00b7licitud en<br \/>\naplicar-hi el barem. La publicaci\u00f3 de la llista tindr\u00e0 lloc a partir de les 14 hores.<\/p>\n<p><strong>Del 6 al 10 de juliol de 2026<\/strong>: presentaci\u00f3 de reclamacions. <span style=\"font-family: inherit; font-size: 1em;\">Durant aquest per\u00edode, si detectes alguna errada o anomalia en el barem assignat, pots <\/span>presentar una reclamaci\u00f3.<\/p>\n<p><strong>7 de juliol del 2026<\/strong>: sorteig del n\u00famero de desempat<br \/>\nEl nombre de places a cada centre \u00e9s limitat. Si el nombre de peticions supera el d&#8217;alumnes<br \/>\nque el centre pot acollir, cal aplicar un sistema de desempat entre les sol\u00b7licituds que tenen la<br \/>\nmateixa puntuaci\u00f3. Per fer-ho, s&#8217;obt\u00e9 un n\u00famero per sorteig a partir del qual s&#8217;ordenen totes<br \/>\nles peticions empatades en punts, tenint en compte el n\u00famero de desempat que s&#8217;ha assignat<br \/>\na cada sol\u00b7licitud.<\/p>\n<p><strong>14 de juliol de 2026, a les 14 hores<\/strong>: llista de sol\u00b7licituds amb la puntuaci\u00f3 un cop resoltes<br \/>\nles reclamacions<br \/>\nUn cop resoltes totes les reclamacions presentades, el centre publica la llista definitiva de<br \/>\nsol\u00b7licituds amb la puntuaci\u00f3 i el n\u00famero de desempat corresponent. La publicaci\u00f3 de la llista<br \/>\ntindr\u00e0 lloc a partir de les 14 hores.<\/p>\n<p><strong>17 de juliol de 2026, a les 14 hores<\/strong>: llista d&#8217;alumnes admesos i llista d&#8217;espera<br \/>\nFinalment, es publica, per activitats, la llista d&#8217;alumnes admesos al centre i tamb\u00e9 la llista<br \/>\nd&#8217;espera, a partir de les 14 hores.<\/p>\n<h3><em><strong>Formalitza la matr\u00edcula<\/strong><\/em><\/h3>\n<p><strong>Del 2 al 10 de setembre de 2026<\/strong>: matriculaci\u00f3<br \/>\nUn cop s&#8217;ha publicat la llista final d&#8217;alumnes admesos en cada centre, comen\u00e7a el per\u00edode de<br \/>\nmatriculaci\u00f3 dels alumnes preinscrits amb pla\u00e7a assignada.<br \/>\nEls centres poden establir diferents dates de matr\u00edcula per als ensenyaments que ofereixen,<br \/>\nsempre que siguin dins el per\u00edode general de matr\u00edcula establert; aquestes dates s&#8217;han de fer<br \/>\np\u00fabliques en el centre abans de l&#8217;inici del per\u00edode de presentaci\u00f3 de sol\u00b7licituds. En aquells<br \/>\nensenyaments que hi hagi places vacants tamb\u00e9 es podr\u00e0 matricular l&#8217;alumnat sense<br \/>\nsol\u00b7licitud de preinscripci\u00f3 a partir del 14 de setembre de 2026.<\/p>\n<p><strong>A partir del 14 de setembre de 2026<\/strong>: matr\u00edcula dels alumnes de la llista d&#8217;espera<br \/>\nPer\u00edode de matriculaci\u00f3 dels alumnes en llista d&#8217;espera.<br \/>\nEls centres poden establir diferents dates de matr\u00edcula per als ensenyaments que ofereixen,<br \/>\nsempre que siguin dins el per\u00edode general de matr\u00edcula establert; aquestes dates s&#8217;han de fer<br \/>\np\u00fabliques en el centre abans de l&#8217;inici del per\u00edode de presentaci\u00f3 de sol\u00b7licituds. En aquells<br \/>\nensenyaments que hi hagi places vacants tamb\u00e9 es podr\u00e0 matricular l&#8217;alumnat sense<br \/>\nsol\u00b7licitud de preinscripci\u00f3 a partir del 14 de setembre de 2026<\/p>\n<p>M\u00e9s informaci\u00f3: <a href=\"https:\/\/triaeducativa.gencat.cat\/ca\/al-llarg-vida\/\">https:\/\/triaeducativa.gencat.cat\/ca\/al-llarg-vida\/<\/a><\/p>\n","protected":false},"excerpt":{"rendered":"<p>PREINSCRIPCI\u00d3 CURS 2026-2027<br \/>\nAbans de la preinscripci\u00f3<br \/>\n22 de maig de 2026: publicaci\u00f3 de l&#8217;oferta d&#8217;ensenyaments<br \/>\nData en qu\u00e8 es publica l&#8217;oferta d&#8217;ensenyaments.<br \/>\nJuny de 2026: per\u00edode d&#8217;informaci\u00f3 i orientaci\u00f3<br \/>\nEl mes de juny ser\u00e0 el per\u00edode preferent d&#8217;informaci\u00f3 i orientaci\u00f3 als alumnes nous.<br \/>\n18 de juny de 2026: oferta inicial&hellip;  <a href=\"https:\/\/agora.xtec.cat\/cfacalbolava\/portada\/preinscripcio-curs-2026-2027\/\" title=\"Read Preinscripci\u00f3 Curs 2026-2027\">Llegeix m\u00e9s\u00bb<\/a><\/p>\n","protected":false},"author":1,"featured_media":0,"comment_status":"open","ping_status":"open","sticky":false,"template":"","format":"standard","meta":{"_bbp_topic_count":0,"_bbp_reply_count":0,"_bbp_total_topic_count":0,"_bbp_total_reply_count":0,"_bbp_voice_count":0,"_bbp_anonymous_reply_count":0,"_bbp_topic_count_hidden":0,"_bbp_reply_count_hidden":0,"_bbp_forum_subforum_count":0,"footnotes":""},"categories":[29,104],"tags":[103],"class_list":["post-1397","post","type-post","status-publish","format-standard","hentry","category-portada","category-preinscripcio","tag-preinscripcio"],"post_mailing_queue_ids":[],"_links":{"self":[{"href":"https:\/\/agora.xtec.cat\/cfacalbolava\/wp-json\/wp\/v2\/posts\/1397","targetHints":{"allow":["GET"]}}],"collection":[{"href":"https:\/\/agora.xtec.cat\/cfacalbolava\/wp-json\/wp\/v2\/posts"}],"about":[{"href":"https:\/\/agora.xtec.cat\/cfacalbolava\/wp-json\/wp\/v2\/types\/post"}],"author":[{"embeddable":true,"href":"https:\/\/agora.xtec.cat\/cfacalbolava\/wp-json\/wp\/v2\/users\/1"}],"replies":[{"embeddable":true,"href":"https:\/\/agora.xtec.cat\/cfacalbolava\/wp-json\/wp\/v2\/comments?post=1397"}],"version-history":[{"count":6,"href":"https:\/\/agora.xtec.cat\/cfacalbolava\/wp-json\/wp\/v2\/posts\/1397\/revisions"}],"predecessor-version":[{"id":1467,"href":"https:\/\/agora.xtec.cat\/cfacalbolava\/wp-json\/wp\/v2\/posts\/1397\/revisions\/1467"}],"wp:attachment":[{"href":"https:\/\/agora.xtec.cat\/cfacalbolava\/wp-json\/wp\/v2\/media?parent=1397"}],"wp:term":[{"taxonomy":"category","embeddable":true,"href":"https:\/\/agora.xtec.cat\/cfacalbolava\/wp-json\/wp\/v2\/categories?post=1397"},{"taxonomy":"post_tag","embeddable":true,"href":"https:\/\/agora.xtec.cat\/cfacalbolava\/wp-json\/wp\/v2\/tags?post=1397"}],"curies":[{"name":"wp","href":"https:\/\/api.w.org\/{rel}","templated":true}]}}