{"id":1087,"date":"2025-11-11T09:37:37","date_gmt":"2025-11-11T08:37:37","guid":{"rendered":"https:\/\/agora.xtec.cat\/cfacalbolava\/?p=1087"},"modified":"2026-01-22T12:42:49","modified_gmt":"2026-01-22T11:42:49","slug":"inscripcions-obertes-per-la-preparacio-prova-daptitud-personal-pap","status":"publish","type":"post","link":"https:\/\/agora.xtec.cat\/cfacalbolava\/portada\/inscripcions-obertes-per-la-preparacio-prova-daptitud-personal-pap\/","title":{"rendered":"Inscripcions obertes per la preparaci\u00f3 Prova d&#8217;Aptitud Personal (PAP) 2026"},"content":{"rendered":"<h3><span style=\"color: #ff6600;\">Vols accedir al Grau en Educaci\u00f3 Infantil o Prim\u00e0ria?<\/span><\/h3>\n<p><strong>Prepara la PAP amb nosaltres al CFA Cal Bolav\u00e0!<\/strong><\/p>\n<p>Despr\u00e9s de l&#8217;\u00e8xit rotund del curs passat, en qu\u00e8 el 100% de l\u2019alumnat va superar la Prova d\u2019Aptitud Personal (PAP), al CFA Cal Bolav\u00e0 ens complau anunciar que el curs 2025-2026 tornem a oferir la preparaci\u00f3 espec\u00edfica per a la PAP<\/p>\n<p>La PAP \u00e9s una prova obligat\u00f2ria per accedir als graus en Educaci\u00f3 Infantil i Prim\u00e0ria, i pot marcar la difer\u00e8ncia entre fer realitat la teva vocaci\u00f3 o haver d\u2019esperar un any m\u00e9s. A Cal Bolav\u00e0 t\u2019acompanyem pas a pas, amb professors especialitzats, materials actualitzats i un ambient proper i motivador.<\/p>\n<p>Qu\u00e8 t\u2019oferim?<\/p>\n<p>* Classes adaptades al teu ritme.<\/p>\n<p>* Pr\u00e0ctiques espec\u00edfiques dels continguts de la prova.<\/p>\n<p>* Suport i orientaci\u00f3 cont\u00ednua.<\/p>\n<p>* Grup redu\u00eft i seguiment personalitzat.<\/p>\n<p>Si est\u00e0s cursant batxillerat i tens clar que vols dedicar-te a l\u2019educaci\u00f3, **inscriu-te al CFA Cal Bolav\u00e0 i vine a preparar la PAP amb garanties d\u2019\u00e8xit.<\/p>\n<p>Les places s\u00f3n limitades, no et quedis fora!<\/p>\n<p style=\"text-align: justify;\" data-pm-slice=\"1 1 []\"><strong>Qu\u00e8 \u00e9s la prova d&#8217;aptitud personal PAP?<\/strong><\/p>\n<p style=\"text-align: justify;\">Les PAP avaluen les compet\u00e8ncies ling\u00fc\u00edstiques i el raonament cr\u00edtic, i les compet\u00e8ncies logicomatem\u00e0tiques per accedir als graus d&#8217;Educaci\u00f3 infantil o d&#8217;Educaci\u00f3 Prim\u00e0ria.<\/p>\n<p style=\"text-align: justify;\">Aquestes proves es realitzen en totes les universitats, tant p\u00fabliques com privades de Catalunya.<\/p>\n<p><a href=\"https:\/\/agora.xtec.cat\/cfacalbolava\/wp-content\/uploads\/usu2382\/2026\/01\/Poster-PAP-CFA.jpg\"><img loading=\"lazy\" decoding=\"async\" class=\"alignnone wp-image-1109\" src=\"https:\/\/agora.xtec.cat\/cfacalbolava\/wp-content\/uploads\/usu2382\/2026\/01\/Poster-PAP-CFA.jpg\" alt=\"\" width=\"529\" height=\"750\" srcset=\"https:\/\/agora.xtec.cat\/cfacalbolava\/wp-content\/uploads\/usu2382\/2026\/01\/Poster-PAP-CFA.jpg 659w, https:\/\/agora.xtec.cat\/cfacalbolava\/wp-content\/uploads\/usu2382\/2026\/01\/Poster-PAP-CFA-211x300.jpg 211w\" sizes=\"auto, (max-width: 529px) 100vw, 529px\" \/><\/a> <a href=\"https:\/\/agora.xtec.cat\/cfacalbolava\/wp-content\/uploads\/usu2382\/2025\/07\/Flyer-PAP-pag2.jpg\"><img loading=\"lazy\" decoding=\"async\" class=\"alignnone wp-image-907\" src=\"https:\/\/agora.xtec.cat\/cfacalbolava\/wp-content\/uploads\/usu2382\/2025\/07\/Flyer-PAP-pag2-499x1024.jpg\" alt=\"\" width=\"365\" height=\"750\" srcset=\"https:\/\/agora.xtec.cat\/cfacalbolava\/wp-content\/uploads\/usu2382\/2025\/07\/Flyer-PAP-pag2-499x1024.jpg 499w, https:\/\/agora.xtec.cat\/cfacalbolava\/wp-content\/uploads\/usu2382\/2025\/07\/Flyer-PAP-pag2-146x300.jpg 146w, https:\/\/agora.xtec.cat\/cfacalbolava\/wp-content\/uploads\/usu2382\/2025\/07\/Flyer-PAP-pag2-768x1577.jpg 768w, https:\/\/agora.xtec.cat\/cfacalbolava\/wp-content\/uploads\/usu2382\/2025\/07\/Flyer-PAP-pag2-748x1536.jpg 748w, https:\/\/agora.xtec.cat\/cfacalbolava\/wp-content\/uploads\/usu2382\/2025\/07\/Flyer-PAP-pag2.jpg 974w\" sizes=\"auto, (max-width: 365px) 100vw, 365px\" \/><\/a><\/p>\n<p>&nbsp;<\/p>\n","protected":false},"excerpt":{"rendered":"<p>Vols accedir al Grau en Educaci\u00f3 Infantil o Prim\u00e0ria?<br \/>\nPrepara la PAP amb nosaltres al CFA Cal Bolav\u00e0!<br \/>\nDespr\u00e9s de l&#8217;\u00e8xit rotund del curs passat, en qu\u00e8 el 100% de l\u2019alumnat va superar la Prova d\u2019Aptitud Personal (PAP), al CFA Cal Bolav\u00e0 ens complau anunciar que el&hellip;  <a href=\"https:\/\/agora.xtec.cat\/cfacalbolava\/portada\/inscripcions-obertes-per-la-preparacio-prova-daptitud-personal-pap\/\" title=\"Read Inscripcions obertes per la preparaci\u00f3 Prova d&#8217;Aptitud Personal (PAP) 2026\">Llegeix m\u00e9s\u00bb<\/a><\/p>\n","protected":false},"author":1,"featured_media":0,"comment_status":"open","ping_status":"open","sticky":false,"template":"","format":"standard","meta":{"_bbp_topic_count":0,"_bbp_reply_count":0,"_bbp_total_topic_count":0,"_bbp_total_reply_count":0,"_bbp_voice_count":0,"_bbp_anonymous_reply_count":0,"_bbp_topic_count_hidden":0,"_bbp_reply_count_hidden":0,"_bbp_forum_subforum_count":0,"footnotes":""},"categories":[90,29],"tags":[105,118],"class_list":["post-1087","post","type-post","status-publish","format-standard","hentry","category-cursos","category-portada","tag-pap","tag-preparacio-prova-daptitud-personal"],"post_mailing_queue_ids":[],"_links":{"self":[{"href":"https:\/\/agora.xtec.cat\/cfacalbolava\/wp-json\/wp\/v2\/posts\/1087","targetHints":{"allow":["GET"]}}],"collection":[{"href":"https:\/\/agora.xtec.cat\/cfacalbolava\/wp-json\/wp\/v2\/posts"}],"about":[{"href":"https:\/\/agora.xtec.cat\/cfacalbolava\/wp-json\/wp\/v2\/types\/post"}],"author":[{"embeddable":true,"href":"https:\/\/agora.xtec.cat\/cfacalbolava\/wp-json\/wp\/v2\/users\/1"}],"replies":[{"embeddable":true,"href":"https:\/\/agora.xtec.cat\/cfacalbolava\/wp-json\/wp\/v2\/comments?post=1087"}],"version-history":[{"count":6,"href":"https:\/\/agora.xtec.cat\/cfacalbolava\/wp-json\/wp\/v2\/posts\/1087\/revisions"}],"predecessor-version":[{"id":1115,"href":"https:\/\/agora.xtec.cat\/cfacalbolava\/wp-json\/wp\/v2\/posts\/1087\/revisions\/1115"}],"wp:attachment":[{"href":"https:\/\/agora.xtec.cat\/cfacalbolava\/wp-json\/wp\/v2\/media?parent=1087"}],"wp:term":[{"taxonomy":"category","embeddable":true,"href":"https:\/\/agora.xtec.cat\/cfacalbolava\/wp-json\/wp\/v2\/categories?post=1087"},{"taxonomy":"post_tag","embeddable":true,"href":"https:\/\/agora.xtec.cat\/cfacalbolava\/wp-json\/wp\/v2\/tags?post=1087"}],"curies":[{"name":"wp","href":"https:\/\/api.w.org\/{rel}","templated":true}]}}