{"id":1046,"date":"2025-07-15T12:58:01","date_gmt":"2025-07-15T10:58:01","guid":{"rendered":"https:\/\/agora.xtec.cat\/cfacalbolava\/?p=1046"},"modified":"2025-07-15T13:06:27","modified_gmt":"2025-07-15T11:06:27","slug":"la-grolleria-disfressada-dhumor","status":"publish","type":"post","link":"https:\/\/agora.xtec.cat\/cfacalbolava\/articles-dinteres\/la-grolleria-disfressada-dhumor\/","title":{"rendered":"La grolleria disfressada d&#8217;humor"},"content":{"rendered":"<p style=\"text-align: justify;\">Circula per xarxes un <a href=\"https:\/\/www.youtube.com\/watch?v=P0lo38DhSss&amp;t=26s\" target=\"_blank\" rel=\"noopener\">v\u00eddeo<\/a>\u00a0de la companyia espanyola Teatro sin papeles que representa una part de l\u2019obra \u201cEsas Latinas\u201d. En concret una escena que planteja el tema de la diversitat ling\u00fc\u00edstica a l\u2019Estat espanyol.<\/p>\n<p style=\"text-align: justify;\">En lloc de mostrar una reflexi\u00f3 cr\u00edtica i intel\u00b7ligent sobre la conviv\u00e8ncia de les lleng\u00fces oficials (no cooficials) aquesta pantomima disfressada de vodevil s\u2019ha convertit en un exercici groller i ofensiu de ridiculitzaci\u00f3 del catal\u00e0. No \u00e9s novetat que des d&#8217;Espanya es tracti amb menyspreu les lleng\u00fces que no s\u00f3n el castell\u00e0, per\u00f2 s\u00ed que resulta insultant i inacceptable que una proposta com aquesta rebi suport institucional de l\u2019Ajuntament de Barcelona.<\/p>\n<p style=\"text-align: justify;\">No tan sols es mofa del catal\u00e0, sin\u00f3 que ho fa des d\u2019una ignor\u00e0ncia prepotent. El catal\u00e0 hi apareix caricaturitzat de forma esperp\u00e8ntica, simplificat i banalitzat, convertit en motiu de burla en lloc de ser reconegut com una llengua rica. Els catalans hi apareixem amb una aptitud xen\u00f2foba i de menyspreu cap als no catalanoparlants. Si passegessin per l\u2019Hospitalet de Llobregat o per Santa Coloma de Gramenet s\u2019adonarien que el catal\u00e0 no passa de ser una an\u00e8cdota. Podr\u00edem citar altres localitats catalanes on el catal\u00e0 \u00e9s un idioma minoritzat. Potser als ve\u00efns d\u2019aquestes ciutats els vigilants del catal\u00e0 els hi barren el pas cada cop que intenten anar al CAP i jo, pobre de mi, no m&#8217;he adonat.<\/p>\n<p style=\"text-align: justify;\">Aquesta actitud no nom\u00e9s insulta els catalanoparlants, sin\u00f3 que perpetua una mirada centralista que es nega a acceptar la diversitat ling\u00fc\u00edstica com un valor i ho veu com un problema.<\/p>\n<p style=\"text-align: justify;\">Ara b\u00e9, el que m\u00e9s indigna no \u00e9s el contingut de l\u2019obra, al cap i a la fi, el menyspreu a les lleng\u00fces no castellanes \u00e9s una actitud massa arrelada en certs sectors espanyols perqu\u00e8 sorprengui, sin\u00f3 que aquest espectacle s&#8217;hagi programat a Barcelona amb el suport de les institucions p\u00fabliques.<\/p>\n<p style=\"text-align: justify;\">La realitat \u00e9s que milers d\u2019immigrants, vinguts de tot arreu de l\u2019estat espanyol des dels anys seixanta, no han tingut necessitat de parlar ni escriure catal\u00e0. Han treballat, han anat a l\u2019escola, han fet \u00fas del sistema p\u00fablic de salut i, a m\u00e9s a m\u00e9s, han trobat feina, han prosperat i han fet una vida digna i castellana.<\/p>\n<p style=\"text-align: justify;\">La llibertat d\u2019expressi\u00f3 no pot ser l\u2019excusa per finan\u00e7ar ni avalar la burla, la mentida i la humiliaci\u00f3 cultural. No parlem d\u2019una cr\u00edtica leg\u00edtima ni d\u2019un debat sobre la pol\u00edtica ling\u00fc\u00edstica; parlem d\u2019un atac, d\u2019una pe\u00e7a ro\u00efna que se\u2019n riu del catal\u00e0 i, per extensi\u00f3, de tots aquells que el parlem, estimem i el defensem.<\/p>\n<p style=\"text-align: justify;\">L&#8217;Ajuntament de Barcelona t\u00e9 una responsabilitat clara en la promoci\u00f3 i defensa del catal\u00e0, especialment en un moment en qu\u00e8 la seva exist\u00e8ncia est\u00e0 amena\u00e7ada. Donar veu i diners a discursos que ridiculitzen la nostra llengua \u00e9s un insult als ciutadans que esperem que les nostres institucions estiguin al nostre costat, i no al servei d\u2019aquells que voldrien veure la nostra llengua redu\u00efda a l\u2019an\u00e8cdota folkl\u00f2rica. Citant al poeta Narc\u00eds Comadira \u201cNo veig per quina ra\u00f3 un pa\u00eds a de renunciar a la seva llengua per generositat amb una gent que, volunt\u00e0riament, el trien per viure. Per qu\u00e8 no renuncien ells a la seva llengua per generositat al pa\u00eds que els acull?<\/p>\n<p><strong>Carles Carbonell<\/strong><\/p>\n","protected":false},"excerpt":{"rendered":"<p>Circula per xarxes un <a href=\"https:\/\/www.youtube.com\/watch?v=P0lo38DhSss&amp;t=26s\" target=\"_blank\" rel=\"noopener\">v\u00eddeo<\/a>\u00a0de la companyia espanyola Teatro sin papeles que representa una part de l\u2019obra \u201cEsas Latinas\u201d. En concret una escena que planteja el tema de la diversitat ling\u00fc\u00edstica a l\u2019Estat espanyol.<br \/>\nEn lloc de mostrar una reflexi\u00f3 cr\u00edtica i intel\u00b7ligent&hellip;  <a href=\"https:\/\/agora.xtec.cat\/cfacalbolava\/articles-dinteres\/la-grolleria-disfressada-dhumor\/\" title=\"Read La grolleria disfressada d&#8217;humor\">Llegeix m\u00e9s\u00bb<\/a><\/p>\n","protected":false},"author":1,"featured_media":1049,"comment_status":"open","ping_status":"open","sticky":false,"template":"","format":"standard","meta":{"_bbp_topic_count":0,"_bbp_reply_count":0,"_bbp_total_topic_count":0,"_bbp_total_reply_count":0,"_bbp_voice_count":0,"_bbp_anonymous_reply_count":0,"_bbp_topic_count_hidden":0,"_bbp_reply_count_hidden":0,"_bbp_forum_subforum_count":0,"footnotes":""},"categories":[100],"tags":[101],"class_list":["post-1046","post","type-post","status-publish","format-standard","has-post-thumbnail","hentry","category-articles-dinteres","tag-articles-dinteres"],"post_mailing_queue_ids":[],"_links":{"self":[{"href":"https:\/\/agora.xtec.cat\/cfacalbolava\/wp-json\/wp\/v2\/posts\/1046","targetHints":{"allow":["GET"]}}],"collection":[{"href":"https:\/\/agora.xtec.cat\/cfacalbolava\/wp-json\/wp\/v2\/posts"}],"about":[{"href":"https:\/\/agora.xtec.cat\/cfacalbolava\/wp-json\/wp\/v2\/types\/post"}],"author":[{"embeddable":true,"href":"https:\/\/agora.xtec.cat\/cfacalbolava\/wp-json\/wp\/v2\/users\/1"}],"replies":[{"embeddable":true,"href":"https:\/\/agora.xtec.cat\/cfacalbolava\/wp-json\/wp\/v2\/comments?post=1046"}],"version-history":[{"count":3,"href":"https:\/\/agora.xtec.cat\/cfacalbolava\/wp-json\/wp\/v2\/posts\/1046\/revisions"}],"predecessor-version":[{"id":1051,"href":"https:\/\/agora.xtec.cat\/cfacalbolava\/wp-json\/wp\/v2\/posts\/1046\/revisions\/1051"}],"wp:featuredmedia":[{"embeddable":true,"href":"https:\/\/agora.xtec.cat\/cfacalbolava\/wp-json\/wp\/v2\/media\/1049"}],"wp:attachment":[{"href":"https:\/\/agora.xtec.cat\/cfacalbolava\/wp-json\/wp\/v2\/media?parent=1046"}],"wp:term":[{"taxonomy":"category","embeddable":true,"href":"https:\/\/agora.xtec.cat\/cfacalbolava\/wp-json\/wp\/v2\/categories?post=1046"},{"taxonomy":"post_tag","embeddable":true,"href":"https:\/\/agora.xtec.cat\/cfacalbolava\/wp-json\/wp\/v2\/tags?post=1046"}],"curies":[{"name":"wp","href":"https:\/\/api.w.org\/{rel}","templated":true}]}}