{"id":1025,"date":"2025-03-29T13:15:31","date_gmt":"2025-03-29T12:15:31","guid":{"rendered":"https:\/\/agora.xtec.cat\/cfacalbolava\/?p=1025"},"modified":"2025-07-11T13:24:37","modified_gmt":"2025-07-11T11:24:37","slug":"el-cfa-de-cal-bolava-a-la-fira-de-formacio-i-ocupacio-2025","status":"publish","type":"post","link":"https:\/\/agora.xtec.cat\/cfacalbolava\/general\/el-cfa-de-cal-bolava-a-la-fira-de-formacio-i-ocupacio-2025\/","title":{"rendered":"EL CFA de Cal Bolav\u00e0 a la Fira de Formaci\u00f3 i Ocupaci\u00f3 2025"},"content":{"rendered":"<p>El passat 27 de mar\u00e7 va tenir lloc la Fira d&#8217;Ocupaci\u00f3 i Formaci\u00f3 de Calafell, un esdeveniment dedicat a promoure les oportunitats laborals i formatives del territori. El Centre de Formaci\u00f3 d&#8217;Adults CFA Cal Bolav\u00e0 hi va participar activament, oferint informaci\u00f3 detallada sobre la seva oferta formativa i atenent totes les persones interessades en continuar o reprendre els seus estudis.<\/p>\n<p><a href=\"https:\/\/agora.xtec.cat\/cfacalbolava\/wp-content\/uploads\/usu2382\/2025\/07\/Imagen-de-WhatsApp-2025-07-10-a-las-08.00.39_954e221a.jpg\"><img loading=\"lazy\" decoding=\"async\" class=\"alignnone wp-image-1028\" src=\"https:\/\/agora.xtec.cat\/cfacalbolava\/wp-content\/uploads\/usu2382\/2025\/07\/Imagen-de-WhatsApp-2025-07-10-a-las-08.00.39_954e221a-e1752233004218-872x1024.jpg\" alt=\"\" width=\"600\" height=\"704\" srcset=\"https:\/\/agora.xtec.cat\/cfacalbolava\/wp-content\/uploads\/usu2382\/2025\/07\/Imagen-de-WhatsApp-2025-07-10-a-las-08.00.39_954e221a-e1752233004218-872x1024.jpg 872w, https:\/\/agora.xtec.cat\/cfacalbolava\/wp-content\/uploads\/usu2382\/2025\/07\/Imagen-de-WhatsApp-2025-07-10-a-las-08.00.39_954e221a-e1752233004218-256x300.jpg 256w, https:\/\/agora.xtec.cat\/cfacalbolava\/wp-content\/uploads\/usu2382\/2025\/07\/Imagen-de-WhatsApp-2025-07-10-a-las-08.00.39_954e221a-e1752233004218-768x902.jpg 768w, https:\/\/agora.xtec.cat\/cfacalbolava\/wp-content\/uploads\/usu2382\/2025\/07\/Imagen-de-WhatsApp-2025-07-10-a-las-08.00.39_954e221a-e1752233004218.jpg 1150w\" sizes=\"auto, (max-width: 600px) 100vw, 600px\" \/><\/a><a href=\"https:\/\/agora.xtec.cat\/cfacalbolava\/wp-content\/uploads\/usu2382\/2025\/07\/Imagen-de-WhatsApp-2025-07-10-a-las-08.00.39_a75ef1e6.jpg\"> <img loading=\"lazy\" decoding=\"async\" class=\"alignnone wp-image-1026\" src=\"https:\/\/agora.xtec.cat\/cfacalbolava\/wp-content\/uploads\/usu2382\/2025\/07\/Imagen-de-WhatsApp-2025-07-10-a-las-08.00.39_a75ef1e6-1024x576.jpg\" alt=\"\" width=\"600\" height=\"338\" srcset=\"https:\/\/agora.xtec.cat\/cfacalbolava\/wp-content\/uploads\/usu2382\/2025\/07\/Imagen-de-WhatsApp-2025-07-10-a-las-08.00.39_a75ef1e6-1024x576.jpg 1024w, https:\/\/agora.xtec.cat\/cfacalbolava\/wp-content\/uploads\/usu2382\/2025\/07\/Imagen-de-WhatsApp-2025-07-10-a-las-08.00.39_a75ef1e6-300x169.jpg 300w, https:\/\/agora.xtec.cat\/cfacalbolava\/wp-content\/uploads\/usu2382\/2025\/07\/Imagen-de-WhatsApp-2025-07-10-a-las-08.00.39_a75ef1e6-768x432.jpg 768w, https:\/\/agora.xtec.cat\/cfacalbolava\/wp-content\/uploads\/usu2382\/2025\/07\/Imagen-de-WhatsApp-2025-07-10-a-las-08.00.39_a75ef1e6-1536x864.jpg 1536w, https:\/\/agora.xtec.cat\/cfacalbolava\/wp-content\/uploads\/usu2382\/2025\/07\/Imagen-de-WhatsApp-2025-07-10-a-las-08.00.39_a75ef1e6.jpg 1600w\" sizes=\"auto, (max-width: 600px) 100vw, 600px\" \/>\u00a0<\/a> <a href=\"https:\/\/agora.xtec.cat\/cfacalbolava\/wp-content\/uploads\/usu2382\/2025\/07\/Imagen-de-WhatsApp-2025-07-10-a-las-08.00.39_42e84f06.jpg\"><img loading=\"lazy\" decoding=\"async\" class=\"alignnone wp-image-1027\" src=\"https:\/\/agora.xtec.cat\/cfacalbolava\/wp-content\/uploads\/usu2382\/2025\/07\/Imagen-de-WhatsApp-2025-07-10-a-las-08.00.39_42e84f06-1024x576.jpg\" alt=\"\" width=\"600\" height=\"338\" srcset=\"https:\/\/agora.xtec.cat\/cfacalbolava\/wp-content\/uploads\/usu2382\/2025\/07\/Imagen-de-WhatsApp-2025-07-10-a-las-08.00.39_42e84f06-1024x576.jpg 1024w, https:\/\/agora.xtec.cat\/cfacalbolava\/wp-content\/uploads\/usu2382\/2025\/07\/Imagen-de-WhatsApp-2025-07-10-a-las-08.00.39_42e84f06-300x169.jpg 300w, https:\/\/agora.xtec.cat\/cfacalbolava\/wp-content\/uploads\/usu2382\/2025\/07\/Imagen-de-WhatsApp-2025-07-10-a-las-08.00.39_42e84f06-768x432.jpg 768w, https:\/\/agora.xtec.cat\/cfacalbolava\/wp-content\/uploads\/usu2382\/2025\/07\/Imagen-de-WhatsApp-2025-07-10-a-las-08.00.39_42e84f06-1536x864.jpg 1536w, https:\/\/agora.xtec.cat\/cfacalbolava\/wp-content\/uploads\/usu2382\/2025\/07\/Imagen-de-WhatsApp-2025-07-10-a-las-08.00.39_42e84f06.jpg 1600w\" sizes=\"auto, (max-width: 600px) 100vw, 600px\" \/><\/a><\/p>\n","protected":false},"excerpt":{"rendered":"<p>El passat 27 de mar\u00e7 va tenir lloc la Fira d&#8217;Ocupaci\u00f3 i Formaci\u00f3 de Calafell, un esdeveniment dedicat a promoure les oportunitats laborals i formatives del territori. El Centre de Formaci\u00f3 d&#8217;Adults CFA Cal Bolav\u00e0 hi va participar activament, oferint informaci\u00f3 detallada sobre la seva&hellip;  <a href=\"https:\/\/agora.xtec.cat\/cfacalbolava\/general\/el-cfa-de-cal-bolava-a-la-fira-de-formacio-i-ocupacio-2025\/\" title=\"Read EL CFA de Cal Bolav\u00e0 a la Fira de Formaci\u00f3 i Ocupaci\u00f3 2025\">Llegeix m\u00e9s\u00bb<\/a><\/p>\n","protected":false},"author":1,"featured_media":0,"comment_status":"open","ping_status":"open","sticky":false,"template":"","format":"standard","meta":{"_bbp_topic_count":0,"_bbp_reply_count":0,"_bbp_total_topic_count":0,"_bbp_total_reply_count":0,"_bbp_voice_count":0,"_bbp_anonymous_reply_count":0,"_bbp_topic_count_hidden":0,"_bbp_reply_count_hidden":0,"_bbp_forum_subforum_count":0,"footnotes":""},"categories":[90,91,1,29],"tags":[113,92,98,111],"class_list":["post-1025","post","type-post","status-publish","format-standard","hentry","category-cursos","category-esdeveniments","category-general","category-portada","tag-c","tag-cfa-cal-bolava","tag-cursos","tag-educacio"],"post_mailing_queue_ids":[],"_links":{"self":[{"href":"https:\/\/agora.xtec.cat\/cfacalbolava\/wp-json\/wp\/v2\/posts\/1025","targetHints":{"allow":["GET"]}}],"collection":[{"href":"https:\/\/agora.xtec.cat\/cfacalbolava\/wp-json\/wp\/v2\/posts"}],"about":[{"href":"https:\/\/agora.xtec.cat\/cfacalbolava\/wp-json\/wp\/v2\/types\/post"}],"author":[{"embeddable":true,"href":"https:\/\/agora.xtec.cat\/cfacalbolava\/wp-json\/wp\/v2\/users\/1"}],"replies":[{"embeddable":true,"href":"https:\/\/agora.xtec.cat\/cfacalbolava\/wp-json\/wp\/v2\/comments?post=1025"}],"version-history":[{"count":1,"href":"https:\/\/agora.xtec.cat\/cfacalbolava\/wp-json\/wp\/v2\/posts\/1025\/revisions"}],"predecessor-version":[{"id":1029,"href":"https:\/\/agora.xtec.cat\/cfacalbolava\/wp-json\/wp\/v2\/posts\/1025\/revisions\/1029"}],"wp:attachment":[{"href":"https:\/\/agora.xtec.cat\/cfacalbolava\/wp-json\/wp\/v2\/media?parent=1025"}],"wp:term":[{"taxonomy":"category","embeddable":true,"href":"https:\/\/agora.xtec.cat\/cfacalbolava\/wp-json\/wp\/v2\/categories?post=1025"},{"taxonomy":"post_tag","embeddable":true,"href":"https:\/\/agora.xtec.cat\/cfacalbolava\/wp-json\/wp\/v2\/tags?post=1025"}],"curies":[{"name":"wp","href":"https:\/\/api.w.org\/{rel}","templated":true}]}}