{"id":1013,"date":"2024-12-10T12:59:19","date_gmt":"2024-12-10T11:59:19","guid":{"rendered":"https:\/\/agora.xtec.cat\/cfacalbolava\/?p=1013"},"modified":"2025-07-11T13:04:16","modified_gmt":"2025-07-11T11:04:16","slug":"treball-al-curs-dalfabetitzacio","status":"publish","type":"post","link":"https:\/\/agora.xtec.cat\/cfacalbolava\/esdeveniments\/treball-al-curs-dalfabetitzacio\/","title":{"rendered":"Treball al curs d&#8217;alfabetitzaci\u00f3"},"content":{"rendered":"<p>Al CFA Cal Bolav\u00e0, les nostres alumnes d\u2019alfabetitzaci\u00f3 i instrumental han treballat amb entusiasme un tema fonamental: les vocals, les s\u00edl\u00b7labes, les consonants i la formaci\u00f3 de noves paraules! \ud83d\udcdd\ud83c\udf89<\/p>\n<div dir=\"auto\">Ha estat una sessi\u00f3 molt did\u00e0ctica on no nom\u00e9s hem apr\u00e8s, sin\u00f3 que tamb\u00e9 ens ho hem passat d\u2019all\u00f2 m\u00e9s b\u00e9. \ud83d\udca1\ud83d\udcac Juntes hem descobert com les paraules prenen forma i hem pres consci\u00e8ncia del poder de la comunicaci\u00f3.<\/div>\n<div dir=\"auto\"><\/div>\n<div dir=\"auto\">\ud83d\udcaa Estem plenes de ganes de continuar aprenent i creixent juntes en aquest cam\u00ed ple de lletres, sons i noves experi\u00e8ncies.<\/div>\n<div dir=\"auto\"><\/div>\n<div dir=\"auto\"><\/div>\n<div dir=\"auto\"><\/div>\n<div dir=\"auto\"><a href=\"https:\/\/agora.xtec.cat\/cfacalbolava\/wp-content\/uploads\/usu2382\/2025\/07\/Imagen-de-WhatsApp-2025-07-08-a-las-09.40.25_53f2e4bb.jpg\"><img loading=\"lazy\" decoding=\"async\" class=\"alignnone wp-image-1012\" src=\"https:\/\/agora.xtec.cat\/cfacalbolava\/wp-content\/uploads\/usu2382\/2025\/07\/Imagen-de-WhatsApp-2025-07-08-a-las-09.40.25_53f2e4bb.jpg\" alt=\"\" width=\"501\" height=\"529\" srcset=\"https:\/\/agora.xtec.cat\/cfacalbolava\/wp-content\/uploads\/usu2382\/2025\/07\/Imagen-de-WhatsApp-2025-07-08-a-las-09.40.25_53f2e4bb.jpg 677w, https:\/\/agora.xtec.cat\/cfacalbolava\/wp-content\/uploads\/usu2382\/2025\/07\/Imagen-de-WhatsApp-2025-07-08-a-las-09.40.25_53f2e4bb-284x300.jpg 284w\" sizes=\"auto, (max-width: 501px) 100vw, 501px\" \/><\/a><\/div>\n","protected":false},"excerpt":{"rendered":"<p>Al CFA Cal Bolav\u00e0, les nostres alumnes d\u2019alfabetitzaci\u00f3 i instrumental han treballat amb entusiasme un tema fonamental: les vocals, les s\u00edl\u00b7labes, les consonants i la formaci\u00f3 de noves paraules! \ud83d\udcdd\ud83c\udf89<br \/>\nHa estat una sessi\u00f3 molt did\u00e0ctica on no nom\u00e9s hem apr\u00e8s, sin\u00f3 que tamb\u00e9 ens ho&hellip;  <a href=\"https:\/\/agora.xtec.cat\/cfacalbolava\/esdeveniments\/treball-al-curs-dalfabetitzacio\/\" title=\"Read Treball al curs d&#8217;alfabetitzaci\u00f3\">Llegeix m\u00e9s\u00bb<\/a><\/p>\n","protected":false},"author":1,"featured_media":0,"comment_status":"closed","ping_status":"open","sticky":false,"template":"","format":"standard","meta":{"_bbp_topic_count":0,"_bbp_reply_count":0,"_bbp_total_topic_count":0,"_bbp_total_reply_count":0,"_bbp_voice_count":0,"_bbp_anonymous_reply_count":0,"_bbp_topic_count_hidden":0,"_bbp_reply_count_hidden":0,"_bbp_forum_subforum_count":0,"footnotes":""},"categories":[91],"tags":[110,111],"class_list":["post-1013","post","type-post","status-publish","format-standard","hentry","category-esdeveniments","tag-alfabetitzacio","tag-educacio"],"post_mailing_queue_ids":[],"_links":{"self":[{"href":"https:\/\/agora.xtec.cat\/cfacalbolava\/wp-json\/wp\/v2\/posts\/1013","targetHints":{"allow":["GET"]}}],"collection":[{"href":"https:\/\/agora.xtec.cat\/cfacalbolava\/wp-json\/wp\/v2\/posts"}],"about":[{"href":"https:\/\/agora.xtec.cat\/cfacalbolava\/wp-json\/wp\/v2\/types\/post"}],"author":[{"embeddable":true,"href":"https:\/\/agora.xtec.cat\/cfacalbolava\/wp-json\/wp\/v2\/users\/1"}],"replies":[{"embeddable":true,"href":"https:\/\/agora.xtec.cat\/cfacalbolava\/wp-json\/wp\/v2\/comments?post=1013"}],"version-history":[{"count":3,"href":"https:\/\/agora.xtec.cat\/cfacalbolava\/wp-json\/wp\/v2\/posts\/1013\/revisions"}],"predecessor-version":[{"id":1017,"href":"https:\/\/agora.xtec.cat\/cfacalbolava\/wp-json\/wp\/v2\/posts\/1013\/revisions\/1017"}],"wp:attachment":[{"href":"https:\/\/agora.xtec.cat\/cfacalbolava\/wp-json\/wp\/v2\/media?parent=1013"}],"wp:term":[{"taxonomy":"category","embeddable":true,"href":"https:\/\/agora.xtec.cat\/cfacalbolava\/wp-json\/wp\/v2\/categories?post=1013"},{"taxonomy":"post_tag","embeddable":true,"href":"https:\/\/agora.xtec.cat\/cfacalbolava\/wp-json\/wp\/v2\/tags?post=1013"}],"curies":[{"name":"wp","href":"https:\/\/api.w.org\/{rel}","templated":true}]}}