{"id":1010,"date":"2024-12-17T12:48:28","date_gmt":"2024-12-17T11:48:28","guid":{"rendered":"https:\/\/agora.xtec.cat\/cfacalbolava\/?p=1010"},"modified":"2025-07-11T12:54:45","modified_gmt":"2025-07-11T10:54:45","slug":"els-alumenes-dangles-a2-1-celebren-nadal","status":"publish","type":"post","link":"https:\/\/agora.xtec.cat\/cfacalbolava\/esdeveniments\/els-alumenes-dangles-a2-1-celebren-nadal\/","title":{"rendered":"Els alumenes d&#8217;angl\u00e8s A2.1 celebren Nadal"},"content":{"rendered":"<p>Aquesta setmana els alumnes d&#8217;Angl\u00e8s A2.1 han celebrat el Nadal fent un pica-pica i gaudint d&#8217;un molent l\u00fadic tots plegats.<\/p>\n<p><a href=\"https:\/\/agora.xtec.cat\/cfacalbolava\/wp-content\/uploads\/usu2382\/2025\/07\/Imagen-de-WhatsApp-2025-07-08-a-las-09.38.40_a048aecc.jpg\"><img loading=\"lazy\" decoding=\"async\" class=\"alignnone size-large wp-image-1009\" src=\"https:\/\/agora.xtec.cat\/cfacalbolava\/wp-content\/uploads\/usu2382\/2025\/07\/Imagen-de-WhatsApp-2025-07-08-a-las-09.38.40_a048aecc-1024x768.jpg\" alt=\"\" width=\"1024\" height=\"768\" srcset=\"https:\/\/agora.xtec.cat\/cfacalbolava\/wp-content\/uploads\/usu2382\/2025\/07\/Imagen-de-WhatsApp-2025-07-08-a-las-09.38.40_a048aecc-1024x768.jpg 1024w, https:\/\/agora.xtec.cat\/cfacalbolava\/wp-content\/uploads\/usu2382\/2025\/07\/Imagen-de-WhatsApp-2025-07-08-a-las-09.38.40_a048aecc-300x225.jpg 300w, https:\/\/agora.xtec.cat\/cfacalbolava\/wp-content\/uploads\/usu2382\/2025\/07\/Imagen-de-WhatsApp-2025-07-08-a-las-09.38.40_a048aecc-768x576.jpg 768w, https:\/\/agora.xtec.cat\/cfacalbolava\/wp-content\/uploads\/usu2382\/2025\/07\/Imagen-de-WhatsApp-2025-07-08-a-las-09.38.40_a048aecc-1536x1152.jpg 1536w, https:\/\/agora.xtec.cat\/cfacalbolava\/wp-content\/uploads\/usu2382\/2025\/07\/Imagen-de-WhatsApp-2025-07-08-a-las-09.38.40_a048aecc-200x150.jpg 200w, https:\/\/agora.xtec.cat\/cfacalbolava\/wp-content\/uploads\/usu2382\/2025\/07\/Imagen-de-WhatsApp-2025-07-08-a-las-09.38.40_a048aecc.jpg 2048w\" sizes=\"auto, (max-width: 1024px) 100vw, 1024px\" \/><\/a><\/p>\n<p>&nbsp;<\/p>\n","protected":false},"excerpt":{"rendered":"<p>Aquesta setmana els alumnes d&#8217;Angl\u00e8s A2.1 han celebrat el Nadal fent un pica-pica i gaudint d&#8217;un molent l\u00fadic tots plegats.<br \/>\n<a href=\"https:\/\/agora.xtec.cat\/cfacalbolava\/wp-content\/uploads\/usu2382\/2025\/07\/Imagen-de-WhatsApp-2025-07-08-a-las-09.38.40_a048aecc.jpg\"><\/a><br \/>\n&nbsp;<\/p>\n","protected":false},"author":1,"featured_media":0,"comment_status":"open","ping_status":"open","sticky":false,"template":"","format":"standard","meta":{"_bbp_topic_count":0,"_bbp_reply_count":0,"_bbp_total_topic_count":0,"_bbp_total_reply_count":0,"_bbp_voice_count":0,"_bbp_anonymous_reply_count":0,"_bbp_topic_count_hidden":0,"_bbp_reply_count_hidden":0,"_bbp_forum_subforum_count":0,"footnotes":""},"categories":[91],"tags":[42,108],"class_list":["post-1010","post","type-post","status-publish","format-standard","hentry","category-esdeveniments","tag-angles","tag-nadal"],"post_mailing_queue_ids":[],"_links":{"self":[{"href":"https:\/\/agora.xtec.cat\/cfacalbolava\/wp-json\/wp\/v2\/posts\/1010","targetHints":{"allow":["GET"]}}],"collection":[{"href":"https:\/\/agora.xtec.cat\/cfacalbolava\/wp-json\/wp\/v2\/posts"}],"about":[{"href":"https:\/\/agora.xtec.cat\/cfacalbolava\/wp-json\/wp\/v2\/types\/post"}],"author":[{"embeddable":true,"href":"https:\/\/agora.xtec.cat\/cfacalbolava\/wp-json\/wp\/v2\/users\/1"}],"replies":[{"embeddable":true,"href":"https:\/\/agora.xtec.cat\/cfacalbolava\/wp-json\/wp\/v2\/comments?post=1010"}],"version-history":[{"count":1,"href":"https:\/\/agora.xtec.cat\/cfacalbolava\/wp-json\/wp\/v2\/posts\/1010\/revisions"}],"predecessor-version":[{"id":1011,"href":"https:\/\/agora.xtec.cat\/cfacalbolava\/wp-json\/wp\/v2\/posts\/1010\/revisions\/1011"}],"wp:attachment":[{"href":"https:\/\/agora.xtec.cat\/cfacalbolava\/wp-json\/wp\/v2\/media?parent=1010"}],"wp:term":[{"taxonomy":"category","embeddable":true,"href":"https:\/\/agora.xtec.cat\/cfacalbolava\/wp-json\/wp\/v2\/categories?post=1010"},{"taxonomy":"post_tag","embeddable":true,"href":"https:\/\/agora.xtec.cat\/cfacalbolava\/wp-json\/wp\/v2\/tags?post=1010"}],"curies":[{"name":"wp","href":"https:\/\/api.w.org\/{rel}","templated":true}]}}