{"id":12060,"date":"2026-01-30T13:53:56","date_gmt":"2026-01-30T12:53:56","guid":{"rendered":"https:\/\/agora.xtec.cat\/cfabonpastor\/?p=12060"},"modified":"2026-01-30T13:53:56","modified_gmt":"2026-01-30T12:53:56","slug":"dia-escolar-de-la-pau-i-la-no-violencia-25-26","status":"publish","type":"post","link":"https:\/\/agora.xtec.cat\/cfabonpastor\/general\/dia-escolar-de-la-pau-i-la-no-violencia-25-26\/","title":{"rendered":"Dia escolar de la Pau i la no-viol\u00e8ncia 25-26"},"content":{"rendered":"<p><span style=\"font-weight: 400;\">El 30 de gener, el centres educatius celebren el Dia Escolar de la Pau i la No-viol\u00e8ncia. Des del CFA Bon Pastor hem commemorat aquesta data al llarg d\u2019aquesta setmana a partir de diferents activitats i propostes. Ha estat una oportunitat per recordar que la pau no \u00e9s nom\u00e9s abs\u00e8ncia de conflicte, sin\u00f3 tamb\u00e9 respecte, di\u00e0leg, just\u00edcia i conviv\u00e8ncia, i con\u00e8ixer diferents maneres de promoure i defensar els drets humans. A continuaci\u00f3 trobareu qu\u00e8 han fet els diferents cursos i ensenyament impartits al centre:<\/span><\/p>\n<p><b>COMPETIC: compet\u00e8ncia digital al servei de la consci\u00e8ncia social<\/b><\/p>\n<p><span style=\"font-weight: 400;\">A COMPETIC, l\u2019alumnat ha utilitzat Google Earth per localitzar zones en conflicte i entendre\u2019n millor el context. A partir de les imatges i d\u2019informaci\u00f3 recopilada, han elaborat una fitxa per cada conflicte, amb un text breu explicatiu i la imatge de la zona on t\u00e9 lloc.<\/span><\/p>\n<p><span style=\"font-weight: 400;\">A COMPETIC 1, l\u2019activitat s\u2019ha centrat en la creaci\u00f3 d\u2019un mapa mundi de conflictes. Un cop finalitzat el mapa, han dissenyat cartells informatius amb Canva, combinant el mapa elaborat i la informaci\u00f3 de cada conflicte per crear materials visuals pensats per penjar al centre.<\/span><\/p>\n<p><b>CFI, CASTELL\u00c0 3 I CATAL\u00c0 1: coloms de la pau,\u00a0 poesia i creaci\u00f3 audiovisual<\/b><\/p>\n<p><span style=\"font-weight: 400;\">L\u2019alumnat de CFI 2 i CFI 3 ha realitzat una activitat conjunta de papirofl\u00e8xia, creant coloms de la pau de colors per decorar els passadissos de l\u2019escola. En aquests coloms hi han escrit els seus noms i, als m\u00f2bils penjats, hi apareixen paraules de pau redactades per companys i companyes de Castell\u00e0, construint un missatge col\u00b7lectiu de centre.<\/span><\/p>\n\n\t\t<style type=\"text\/css\">\n\t\t\t#gallery-1 {\n\t\t\t\tmargin: auto;\n\t\t\t}\n\t\t\t#gallery-1 .gallery-item {\n\t\t\t\tfloat: left;\n\t\t\t\tmargin-top: 10px;\n\t\t\t\ttext-align: center;\n\t\t\t\twidth: 33%;\n\t\t\t}\n\t\t\t#gallery-1 img {\n\t\t\t\tborder: 2px solid #cfcfcf;\n\t\t\t}\n\t\t\t#gallery-1 .gallery-caption {\n\t\t\t\tmargin-left: 0;\n\t\t\t}\n\t\t\t\/* see gallery_shortcode() in wp-includes\/media.php *\/\n\t\t<\/style>\n\t\t<div id='gallery-1' class='gallery galleryid-12060 gallery-columns-3 gallery-size-thumbnail'><dl class='gallery-item'>\n\t\t\t<dt class='gallery-icon portrait'>\n\t\t\t\t<a href='https:\/\/agora.xtec.cat\/cfabonpastor\/general\/dia-escolar-de-la-pau-i-la-no-violencia-25-26\/attachment\/66464558-17e3-424b-83bf-c3f327b219db\/'><img loading=\"lazy\" decoding=\"async\" width=\"150\" height=\"150\" src=\"https:\/\/agora.xtec.cat\/cfabonpastor\/wp-content\/uploads\/usu260\/2026\/01\/66464558-17e3-424b-83bf-c3f327b219db-150x150.jpg\" class=\"attachment-thumbnail size-thumbnail\" alt=\"\" \/><\/a>\n\t\t\t<\/dt><\/dl><dl class='gallery-item'>\n\t\t\t<dt class='gallery-icon portrait'>\n\t\t\t\t<a href='https:\/\/agora.xtec.cat\/cfabonpastor\/general\/dia-escolar-de-la-pau-i-la-no-violencia-25-26\/attachment\/fceb9844-70eb-410c-aabb-3134d574d881\/'><img loading=\"lazy\" decoding=\"async\" width=\"150\" height=\"150\" src=\"https:\/\/agora.xtec.cat\/cfabonpastor\/wp-content\/uploads\/usu260\/2026\/01\/fceb9844-70eb-410c-aabb-3134d574d881-150x150.jpg\" class=\"attachment-thumbnail size-thumbnail\" alt=\"\" \/><\/a>\n\t\t\t<\/dt><\/dl><dl class='gallery-item'>\n\t\t\t<dt class='gallery-icon portrait'>\n\t\t\t\t<a href='https:\/\/agora.xtec.cat\/cfabonpastor\/general\/dia-escolar-de-la-pau-i-la-no-violencia-25-26\/attachment\/c92a1067-10e2-466c-a794-2adaec0b7589\/'><img loading=\"lazy\" decoding=\"async\" width=\"150\" height=\"150\" src=\"https:\/\/agora.xtec.cat\/cfabonpastor\/wp-content\/uploads\/usu260\/2026\/01\/c92a1067-10e2-466c-a794-2adaec0b7589-150x150.jpg\" class=\"attachment-thumbnail size-thumbnail\" alt=\"\" \/><\/a>\n\t\t\t<\/dt><\/dl><br style=\"clear: both\" \/><dl class='gallery-item'>\n\t\t\t<dt class='gallery-icon portrait'>\n\t\t\t\t<a href='https:\/\/agora.xtec.cat\/cfabonpastor\/general\/dia-escolar-de-la-pau-i-la-no-violencia-25-26\/attachment\/af5dafae-3247-4d2a-a476-2a99f6d71a31\/'><img loading=\"lazy\" decoding=\"async\" width=\"150\" height=\"150\" src=\"https:\/\/agora.xtec.cat\/cfabonpastor\/wp-content\/uploads\/usu260\/2026\/01\/af5dafae-3247-4d2a-a476-2a99f6d71a31-150x150.jpg\" class=\"attachment-thumbnail size-thumbnail\" alt=\"\" \/><\/a>\n\t\t\t<\/dt><\/dl><dl class='gallery-item'>\n\t\t\t<dt class='gallery-icon portrait'>\n\t\t\t\t<a href='https:\/\/agora.xtec.cat\/cfabonpastor\/general\/dia-escolar-de-la-pau-i-la-no-violencia-25-26\/attachment\/c3ddd9e4-e358-479b-bf16-b98469f8f679\/'><img loading=\"lazy\" decoding=\"async\" width=\"150\" height=\"150\" src=\"https:\/\/agora.xtec.cat\/cfabonpastor\/wp-content\/uploads\/usu260\/2026\/01\/c3ddd9e4-e358-479b-bf16-b98469f8f679-150x150.jpg\" class=\"attachment-thumbnail size-thumbnail\" alt=\"\" \/><\/a>\n\t\t\t<\/dt><\/dl><dl class='gallery-item'>\n\t\t\t<dt class='gallery-icon portrait'>\n\t\t\t\t<a href='https:\/\/agora.xtec.cat\/cfabonpastor\/general\/dia-escolar-de-la-pau-i-la-no-violencia-25-26\/attachment\/c92a1067-10e2-466c-a794-2adaec0b7589-1\/'><img loading=\"lazy\" decoding=\"async\" width=\"150\" height=\"150\" src=\"https:\/\/agora.xtec.cat\/cfabonpastor\/wp-content\/uploads\/usu260\/2026\/01\/c92a1067-10e2-466c-a794-2adaec0b7589-1-150x150.jpg\" class=\"attachment-thumbnail size-thumbnail\" alt=\"\" \/><\/a>\n\t\t\t<\/dt><\/dl><br style=\"clear: both\" \/><dl class='gallery-item'>\n\t\t\t<dt class='gallery-icon portrait'>\n\t\t\t\t<a href='https:\/\/agora.xtec.cat\/cfabonpastor\/general\/dia-escolar-de-la-pau-i-la-no-violencia-25-26\/attachment\/af5dafae-3247-4d2a-a476-2a99f6d71a31-1\/'><img loading=\"lazy\" decoding=\"async\" width=\"150\" height=\"150\" src=\"https:\/\/agora.xtec.cat\/cfabonpastor\/wp-content\/uploads\/usu260\/2026\/01\/af5dafae-3247-4d2a-a476-2a99f6d71a31-1-150x150.jpg\" class=\"attachment-thumbnail size-thumbnail\" alt=\"\" \/><\/a>\n\t\t\t<\/dt><\/dl><dl class='gallery-item'>\n\t\t\t<dt class='gallery-icon portrait'>\n\t\t\t\t<a href='https:\/\/agora.xtec.cat\/cfabonpastor\/general\/dia-escolar-de-la-pau-i-la-no-violencia-25-26\/attachment\/a227bbd9-d005-4e01-b241-e3797356f801-1\/'><img loading=\"lazy\" decoding=\"async\" width=\"150\" height=\"150\" src=\"https:\/\/agora.xtec.cat\/cfabonpastor\/wp-content\/uploads\/usu260\/2026\/01\/a227bbd9-d005-4e01-b241-e3797356f801-1-150x150.jpg\" class=\"attachment-thumbnail size-thumbnail\" alt=\"\" \/><\/a>\n\t\t\t<\/dt><\/dl><dl class='gallery-item'>\n\t\t\t<dt class='gallery-icon portrait'>\n\t\t\t\t<a href='https:\/\/agora.xtec.cat\/cfabonpastor\/general\/dia-escolar-de-la-pau-i-la-no-violencia-25-26\/attachment\/c3ddd9e4-e358-479b-bf16-b98469f8f679-1\/'><img loading=\"lazy\" decoding=\"async\" width=\"150\" height=\"150\" src=\"https:\/\/agora.xtec.cat\/cfabonpastor\/wp-content\/uploads\/usu260\/2026\/01\/c3ddd9e4-e358-479b-bf16-b98469f8f679-1-150x150.jpg\" class=\"attachment-thumbnail size-thumbnail\" alt=\"\" \/><\/a>\n\t\t\t<\/dt><\/dl><br style=\"clear: both\" \/>\n\t\t<\/div>\n\n<p><span style=\"font-weight: 400;\">A m\u00e9s a m\u00e9s, l\u2019alumnat de CFI 3 ha treballat poemes sobre la pau, fent-ne lectura i reflexi\u00f3 a l\u2019aula. Com a producte final, han elaborat un muntatge audiovisual enregistrant les seves veus recitant els poemes i combinant-los amb imatges i m\u00fasica de fons.<\/span><\/p>\n<blockquote style = 'width:600px;' class='instagram-media' data-instgrm-version='14'>\n<p><!-- replace this href with the link to the post --><br \/>\n<a href='https:\/\/www.instagram.com\/p\/DUIWy3vDBqm\/?igsh=MXdiNWNjY2NtOHVocQ==' ><\/a><\/p>\n<\/blockquote>\n<p><script src=\"\/\/www.instagram.com\/embed.js\"><\/script><\/p>\n<p><b>Angl\u00e8s 2 i 3: m\u00fasica per entendre i parlar de la pau<\/b><\/p>\n<p><span style=\"font-weight: 400;\">A Angl\u00e8s 2, s\u2019ha treballat la pau a partir de la lletra de \u201c<\/span><i><span style=\"font-weight: 400;\">What\u2019s Going On\u201d<\/span><\/i><span style=\"font-weight: 400;\"> (Marvin Gaye), amb audicions successives per comprendre el significat i el vocabulari, i amb conversa sobre el missatge de den\u00fancia contra la guerra i el racisme.<\/span><\/p>\n<p><span style=\"font-weight: 400;\">A Angl\u00e8s 3, a m\u00e9s de \u201c<\/span><i><span style=\"font-weight: 400;\">What\u2019s Going On<\/span><\/i><span style=\"font-weight: 400;\">\u201d, s\u2019ha treballat tamb\u00e9 \u201c<\/span><i><span style=\"font-weight: 400;\">What\u2019s Happening, Brother<\/span><\/i><span style=\"font-weight: 400;\">\u201d, reflexionant sobre com la guerra impacta la vida quotidiana. L\u2019activitat ha culminat amb una activitat de conversa (<\/span><i><span style=\"font-weight: 400;\">speaking<\/span><\/i><span style=\"font-weight: 400;\">) per expressar opinions de manera respectuosa i ordenada.<\/span><\/p>\n<p><iframe loading=\"lazy\" title=\"YouTube video player\" src=\"https:\/\/www.youtube.com\/embed\/KDK7TiEiMOI?si=Wm2v4at-gdpkvsmC\" width=\"560\" height=\"315\" frameborder=\"0\" allowfullscreen=\"allowfullscreen\"><\/iframe><br \/>\n<b>GES: concert-manifest per la Pau<\/b><\/p>\n<p><span style=\"font-weight: 400;\">El 29 de gener, alguns alumnes de GES han assistit de manera volunt\u00e0ria al concert ben\u00e8fic ACTXPALESTINE al Palau Sant Jordi. En relaci\u00f3 amb aquest esdeveniment, l\u2019alumnat de GES 1 i GES 2 ha rebut una formaci\u00f3 per part de l\u2019organitzaci\u00f3 sobre el conflicte Israel-Palestina, amb contextualitzaci\u00f3 de l\u2019origen i l\u2019evoluci\u00f3 del conflicte i una proposta per crear contingut comunicatiu relacionat amb el concert per compartir-lo i divulgar la import\u00e0ncia dels actes culturals per a promoure la cultura de la pau..<\/span><\/p>\n<p><span style=\"font-weight: 400;\">Tamb\u00e9, des de la tutoria s\u2019han elaborat cartells amb missatges i dibuixos per la pau que s\u2019han penjat a l\u2019entrada del centre.<\/span><\/p>\n<p><img loading=\"lazy\" decoding=\"async\" class=\"aligncenter size-medium wp-image-12065\" src=\"https:\/\/agora.xtec.cat\/cfabonpastor\/wp-content\/uploads\/usu260\/2026\/01\/ebd5f197-ed44-4636-9a55-f6ccf707fa28-1-225x300.jpg\" alt=\"\" width=\"225\" height=\"300\" srcset=\"https:\/\/agora.xtec.cat\/cfabonpastor\/wp-content\/uploads\/usu260\/2026\/01\/ebd5f197-ed44-4636-9a55-f6ccf707fa28-1-225x300.jpg 225w, https:\/\/agora.xtec.cat\/cfabonpastor\/wp-content\/uploads\/usu260\/2026\/01\/ebd5f197-ed44-4636-9a55-f6ccf707fa28-1-768x1024.jpg 768w, https:\/\/agora.xtec.cat\/cfabonpastor\/wp-content\/uploads\/usu260\/2026\/01\/ebd5f197-ed44-4636-9a55-f6ccf707fa28-1-1152x1536.jpg 1152w, https:\/\/agora.xtec.cat\/cfabonpastor\/wp-content\/uploads\/usu260\/2026\/01\/ebd5f197-ed44-4636-9a55-f6ccf707fa28-1-1536x2048.jpg 1536w, https:\/\/agora.xtec.cat\/cfabonpastor\/wp-content\/uploads\/usu260\/2026\/01\/ebd5f197-ed44-4636-9a55-f6ccf707fa28-1-scaled.jpg 1920w\" sizes=\"auto, (max-width: 225px) 100vw, 225px\" \/><\/p>\n","protected":false},"excerpt":{"rendered":"<p>El 30 de gener, el centres educatius celebren el Dia Escolar de la Pau i la No-viol\u00e8ncia. Des del CFA Bon Pastor hem commemorat aquesta data al llarg d\u2019aquesta setmana a partir de diferents activitats i propostes. Ha estat una oportunitat per recordar que la&hellip;  <a href=\"https:\/\/agora.xtec.cat\/cfabonpastor\/general\/dia-escolar-de-la-pau-i-la-no-violencia-25-26\/\" title=\"Read Dia escolar de la Pau i la no-viol\u00e8ncia 25-26\">Llegeix m\u00e9s\u00bb<\/a><\/p>\n","protected":false},"author":1,"featured_media":12064,"comment_status":"open","ping_status":"open","sticky":false,"template":"","format":"standard","meta":{"_bbp_topic_count":0,"_bbp_reply_count":0,"_bbp_total_topic_count":0,"_bbp_total_reply_count":0,"_bbp_voice_count":0,"_bbp_anonymous_reply_count":0,"_bbp_topic_count_hidden":0,"_bbp_reply_count_hidden":0,"_bbp_forum_subforum_count":0,"footnotes":""},"categories":[147,1,104,29],"tags":[],"class_list":["post-12060","post","type-post","status-publish","format-standard","has-post-thumbnail","hentry","category-alumnat","category-general","category-noticies","category-portada"],"post_mailing_queue_ids":[],"_links":{"self":[{"href":"https:\/\/agora.xtec.cat\/cfabonpastor\/wp-json\/wp\/v2\/posts\/12060","targetHints":{"allow":["GET"]}}],"collection":[{"href":"https:\/\/agora.xtec.cat\/cfabonpastor\/wp-json\/wp\/v2\/posts"}],"about":[{"href":"https:\/\/agora.xtec.cat\/cfabonpastor\/wp-json\/wp\/v2\/types\/post"}],"author":[{"embeddable":true,"href":"https:\/\/agora.xtec.cat\/cfabonpastor\/wp-json\/wp\/v2\/users\/1"}],"replies":[{"embeddable":true,"href":"https:\/\/agora.xtec.cat\/cfabonpastor\/wp-json\/wp\/v2\/comments?post=12060"}],"version-history":[{"count":5,"href":"https:\/\/agora.xtec.cat\/cfabonpastor\/wp-json\/wp\/v2\/posts\/12060\/revisions"}],"predecessor-version":[{"id":12077,"href":"https:\/\/agora.xtec.cat\/cfabonpastor\/wp-json\/wp\/v2\/posts\/12060\/revisions\/12077"}],"wp:featuredmedia":[{"embeddable":true,"href":"https:\/\/agora.xtec.cat\/cfabonpastor\/wp-json\/wp\/v2\/media\/12064"}],"wp:attachment":[{"href":"https:\/\/agora.xtec.cat\/cfabonpastor\/wp-json\/wp\/v2\/media?parent=12060"}],"wp:term":[{"taxonomy":"category","embeddable":true,"href":"https:\/\/agora.xtec.cat\/cfabonpastor\/wp-json\/wp\/v2\/categories?post=12060"},{"taxonomy":"post_tag","embeddable":true,"href":"https:\/\/agora.xtec.cat\/cfabonpastor\/wp-json\/wp\/v2\/tags?post=12060"}],"curies":[{"name":"wp","href":"https:\/\/api.w.org\/{rel}","templated":true}]}}