{"id":12037,"date":"2025-12-19T10:29:50","date_gmt":"2025-12-19T09:29:50","guid":{"rendered":"https:\/\/agora.xtec.cat\/cfabonpastor\/?p=12037"},"modified":"2025-12-19T10:29:50","modified_gmt":"2025-12-19T09:29:50","slug":"nou-grup-curs-de-mobil-2-al-cfa-bon-pastor","status":"publish","type":"post","link":"https:\/\/agora.xtec.cat\/cfabonpastor\/general\/nou-grup-curs-de-mobil-2-al-cfa-bon-pastor\/","title":{"rendered":"Nou grup: Curs de M\u00f2bil 2 al CFA Bon Pastor"},"content":{"rendered":"<p><img loading=\"lazy\" decoding=\"async\" src=\"https:\/\/agora.xtec.cat\/cfabonpastor\/wp-content\/uploads\/usu260\/2025\/12\/Cartell-per-a-difusio_-BON-PASTOR-MOBIL_page-0001-169x300.jpg\" alt=\"\" width=\"507\" height=\"900\" class=\"aligncenter size-medium wp-image-12038\" srcset=\"https:\/\/agora.xtec.cat\/cfabonpastor\/wp-content\/uploads\/usu260\/2025\/12\/Cartell-per-a-difusio_-BON-PASTOR-MOBIL_page-0001-169x300.jpg 169w, https:\/\/agora.xtec.cat\/cfabonpastor\/wp-content\/uploads\/usu260\/2025\/12\/Cartell-per-a-difusio_-BON-PASTOR-MOBIL_page-0001-576x1024.jpg 576w, https:\/\/agora.xtec.cat\/cfabonpastor\/wp-content\/uploads\/usu260\/2025\/12\/Cartell-per-a-difusio_-BON-PASTOR-MOBIL_page-0001-768x1365.jpg 768w, https:\/\/agora.xtec.cat\/cfabonpastor\/wp-content\/uploads\/usu260\/2025\/12\/Cartell-per-a-difusio_-BON-PASTOR-MOBIL_page-0001-864x1536.jpg 864w, https:\/\/agora.xtec.cat\/cfabonpastor\/wp-content\/uploads\/usu260\/2025\/12\/Cartell-per-a-difusio_-BON-PASTOR-MOBIL_page-0001-1152x2048.jpg 1152w, https:\/\/agora.xtec.cat\/cfabonpastor\/wp-content\/uploads\/usu260\/2025\/12\/Cartell-per-a-difusio_-BON-PASTOR-MOBIL_page-0001-scaled.jpg 1440w\" sizes=\"auto, (max-width: 507px) 100vw, 507px\" \/><\/p>\n<p>Apr\u00e8n a fer servir el m\u00f2bil amb m\u00e9s seguretat i autonomia.<br \/>\nDijous, de 17:00 h a 19:00 h \u00b7 del 15\/01\/2026 al 26\/02\/2026.<br \/>\nInscripci\u00f3 amb el codi QR del cartell o contacta\u2019ns: 932 11 78 91 \/ WhatsApp 687 007 546 (M\u00f2nica).<\/p>\n","protected":false},"excerpt":{"rendered":"<p>Apr\u00e8n a fer servir el m\u00f2bil amb m\u00e9s seguretat i autonomia.<br \/>\nDijous, de 17:00 h a 19:00 h \u00b7 del 15\/01\/2026 al 26\/02\/2026.<br \/>\nInscripci\u00f3 amb el codi QR del cartell o contacta\u2019ns: 932 11 78 91 \/ WhatsApp 687 007 546 (M\u00f2nica).<\/p>\n","protected":false},"author":1,"featured_media":12038,"comment_status":"open","ping_status":"open","sticky":false,"template":"","format":"standard","meta":{"_bbp_topic_count":0,"_bbp_reply_count":0,"_bbp_total_topic_count":0,"_bbp_total_reply_count":0,"_bbp_voice_count":0,"_bbp_anonymous_reply_count":0,"_bbp_topic_count_hidden":0,"_bbp_reply_count_hidden":0,"_bbp_forum_subforum_count":0,"footnotes":""},"categories":[1,104,29],"tags":[],"class_list":["post-12037","post","type-post","status-publish","format-standard","has-post-thumbnail","hentry","category-general","category-noticies","category-portada"],"post_mailing_queue_ids":[],"_links":{"self":[{"href":"https:\/\/agora.xtec.cat\/cfabonpastor\/wp-json\/wp\/v2\/posts\/12037","targetHints":{"allow":["GET"]}}],"collection":[{"href":"https:\/\/agora.xtec.cat\/cfabonpastor\/wp-json\/wp\/v2\/posts"}],"about":[{"href":"https:\/\/agora.xtec.cat\/cfabonpastor\/wp-json\/wp\/v2\/types\/post"}],"author":[{"embeddable":true,"href":"https:\/\/agora.xtec.cat\/cfabonpastor\/wp-json\/wp\/v2\/users\/1"}],"replies":[{"embeddable":true,"href":"https:\/\/agora.xtec.cat\/cfabonpastor\/wp-json\/wp\/v2\/comments?post=12037"}],"version-history":[{"count":2,"href":"https:\/\/agora.xtec.cat\/cfabonpastor\/wp-json\/wp\/v2\/posts\/12037\/revisions"}],"predecessor-version":[{"id":12040,"href":"https:\/\/agora.xtec.cat\/cfabonpastor\/wp-json\/wp\/v2\/posts\/12037\/revisions\/12040"}],"wp:featuredmedia":[{"embeddable":true,"href":"https:\/\/agora.xtec.cat\/cfabonpastor\/wp-json\/wp\/v2\/media\/12038"}],"wp:attachment":[{"href":"https:\/\/agora.xtec.cat\/cfabonpastor\/wp-json\/wp\/v2\/media?parent=12037"}],"wp:term":[{"taxonomy":"category","embeddable":true,"href":"https:\/\/agora.xtec.cat\/cfabonpastor\/wp-json\/wp\/v2\/categories?post=12037"},{"taxonomy":"post_tag","embeddable":true,"href":"https:\/\/agora.xtec.cat\/cfabonpastor\/wp-json\/wp\/v2\/tags?post=12037"}],"curies":[{"name":"wp","href":"https:\/\/api.w.org\/{rel}","templated":true}]}}