{"id":11860,"date":"2025-05-06T18:26:46","date_gmt":"2025-05-06T16:26:46","guid":{"rendered":"https:\/\/agora.xtec.cat\/cfabonpastor\/?p=11860"},"modified":"2025-05-06T18:26:46","modified_gmt":"2025-05-06T16:26:46","slug":"cloenda-del-projecte-lectura-facil-a-radio-maconda","status":"publish","type":"post","link":"https:\/\/agora.xtec.cat\/cfabonpastor\/general\/cloenda-del-projecte-lectura-facil-a-radio-maconda\/","title":{"rendered":"Cloenda del projecte Lectura F\u00e0cil a R\u00e0dio Maconda"},"content":{"rendered":"<p class=\"\" data-start=\"222\" data-end=\"587\">En aquesta jornada, hem posat punt final al <strong data-start=\"251\" data-end=\"270\">Club de Lectura<\/strong> amb una sortida molt especial a <strong data-start=\"303\" data-end=\"320\">R\u00e0dio Maconda<\/strong>, ubicada a la <strong data-start=\"335\" data-end=\"372\">Biblioteca Gabriel Garc\u00eda M\u00e1rquez<\/strong>. All\u00e0, ens han introdu\u00eft en el fascinant m\u00f3n de la r\u00e0dio i hem tingut l\u2019oportunitat de <strong data-start=\"460\" data-end=\"482\">gravar un programa<\/strong> dedicat a la lectura que hem compartit durant aquests quatre mesos: <em data-start=\"551\" data-end=\"559\">Marr\u00f3n<\/em>, de <strong data-start=\"564\" data-end=\"586\">Roc\u00edo Quillahuaman<\/strong>.<\/p>\n<p data-start=\"222\" data-end=\"587\"><img loading=\"lazy\" decoding=\"async\" class=\" wp-image-11865 aligncenter\" src=\"https:\/\/agora.xtec.cat\/cfabonpastor\/wp-content\/uploads\/usu260\/2025\/05\/WhatsApp-Image-2025-05-06-at-14.26.24-1-1-300x169.jpeg\" alt=\"\" width=\"357\" height=\"201\" srcset=\"https:\/\/agora.xtec.cat\/cfabonpastor\/wp-content\/uploads\/usu260\/2025\/05\/WhatsApp-Image-2025-05-06-at-14.26.24-1-1-300x169.jpeg 300w, https:\/\/agora.xtec.cat\/cfabonpastor\/wp-content\/uploads\/usu260\/2025\/05\/WhatsApp-Image-2025-05-06-at-14.26.24-1-1-1024x576.jpeg 1024w, https:\/\/agora.xtec.cat\/cfabonpastor\/wp-content\/uploads\/usu260\/2025\/05\/WhatsApp-Image-2025-05-06-at-14.26.24-1-1-768x432.jpeg 768w, https:\/\/agora.xtec.cat\/cfabonpastor\/wp-content\/uploads\/usu260\/2025\/05\/WhatsApp-Image-2025-05-06-at-14.26.24-1-1-1536x864.jpeg 1536w, https:\/\/agora.xtec.cat\/cfabonpastor\/wp-content\/uploads\/usu260\/2025\/05\/WhatsApp-Image-2025-05-06-at-14.26.24-1-1-2048x1152.jpeg 2048w\" sizes=\"auto, (max-width: 357px) 100vw, 357px\" \/><\/p>\n<p class=\"\" data-start=\"589\" data-end=\"922\">Durant l\u2019enregistrament, l\u2019alumnat de <strong data-start=\"627\" data-end=\"636\">GES 1<\/strong> ha compartit les seves impressions sobre el llibre: aquells aspectes que m\u00e9s els han agradat i tamb\u00e9 aquells que, des de la seva mirada cr\u00edtica, canviarien. Ha estat una experi\u00e8ncia enriquidora i diferent que ha perm\u00e8s donar veu a les seves reflexions en un entorn real de comunicaci\u00f3.<\/p>\n<p data-start=\"589\" data-end=\"922\"><img loading=\"lazy\" decoding=\"async\" class=\" wp-image-11863 aligncenter\" src=\"https:\/\/agora.xtec.cat\/cfabonpastor\/wp-content\/uploads\/usu260\/2025\/05\/WhatsApp-Image-2025-05-06-at-14.26.25-2-169x300.jpeg\" alt=\"\" width=\"252\" height=\"447\" srcset=\"https:\/\/agora.xtec.cat\/cfabonpastor\/wp-content\/uploads\/usu260\/2025\/05\/WhatsApp-Image-2025-05-06-at-14.26.25-2-169x300.jpeg 169w, https:\/\/agora.xtec.cat\/cfabonpastor\/wp-content\/uploads\/usu260\/2025\/05\/WhatsApp-Image-2025-05-06-at-14.26.25-2-576x1024.jpeg 576w, https:\/\/agora.xtec.cat\/cfabonpastor\/wp-content\/uploads\/usu260\/2025\/05\/WhatsApp-Image-2025-05-06-at-14.26.25-2-768x1365.jpeg 768w, https:\/\/agora.xtec.cat\/cfabonpastor\/wp-content\/uploads\/usu260\/2025\/05\/WhatsApp-Image-2025-05-06-at-14.26.25-2-864x1536.jpeg 864w, https:\/\/agora.xtec.cat\/cfabonpastor\/wp-content\/uploads\/usu260\/2025\/05\/WhatsApp-Image-2025-05-06-at-14.26.25-2-1152x2048.jpeg 1152w, https:\/\/agora.xtec.cat\/cfabonpastor\/wp-content\/uploads\/usu260\/2025\/05\/WhatsApp-Image-2025-05-06-at-14.26.25-2-scaled.jpeg 1440w\" sizes=\"auto, (max-width: 252px) 100vw, 252px\" \/><\/p>\n<p class=\"\" data-start=\"924\" data-end=\"1183\">Despr\u00e9s de l\u2019enregistrament, hem aprofitat per <strong data-start=\"971\" data-end=\"1019\">visitar la Biblioteca Gabriel Garc\u00eda M\u00e1rquez<\/strong>, reconeguda internacionalment i guardonada amb diversos premis. Ha estat una gran oportunitat per descobrir un espai cultural de refer\u00e8ncia al barri de Sant Mart\u00ed.<\/p>\n<p data-start=\"924\" data-end=\"1183\"><img loading=\"lazy\" decoding=\"async\" class=\" wp-image-11862 aligncenter\" src=\"https:\/\/agora.xtec.cat\/cfabonpastor\/wp-content\/uploads\/usu260\/2025\/05\/WhatsApp-Image-2025-05-06-at-14.26.25-3-300x169.jpeg\" alt=\"\" width=\"375\" height=\"211\" srcset=\"https:\/\/agora.xtec.cat\/cfabonpastor\/wp-content\/uploads\/usu260\/2025\/05\/WhatsApp-Image-2025-05-06-at-14.26.25-3-300x169.jpeg 300w, https:\/\/agora.xtec.cat\/cfabonpastor\/wp-content\/uploads\/usu260\/2025\/05\/WhatsApp-Image-2025-05-06-at-14.26.25-3-1024x576.jpeg 1024w, https:\/\/agora.xtec.cat\/cfabonpastor\/wp-content\/uploads\/usu260\/2025\/05\/WhatsApp-Image-2025-05-06-at-14.26.25-3-768x432.jpeg 768w, https:\/\/agora.xtec.cat\/cfabonpastor\/wp-content\/uploads\/usu260\/2025\/05\/WhatsApp-Image-2025-05-06-at-14.26.25-3-1536x864.jpeg 1536w, https:\/\/agora.xtec.cat\/cfabonpastor\/wp-content\/uploads\/usu260\/2025\/05\/WhatsApp-Image-2025-05-06-at-14.26.25-3-2048x1152.jpeg 2048w\" sizes=\"auto, (max-width: 375px) 100vw, 375px\" \/><\/p>\n<p class=\"\" data-start=\"1185\" data-end=\"1533\">Amb aquesta activitat tan completa, tanquem el projecte de lectura organitzat per <strong data-start=\"1267\" data-end=\"1296\">Biblioteques de Barcelona<\/strong> i el <strong data-start=\"1302\" data-end=\"1338\">Consorci d\u2019Educaci\u00f3 de Barcelona<\/strong>, en qu\u00e8 el nostre centre ha participat activament amb l\u2019alumnat de GES 1. Una experi\u00e8ncia que ha promogut la lectura cr\u00edtica, la creativitat i l\u2019expressi\u00f3 oral en un format original i motivador.<\/p>\n","protected":false},"excerpt":{"rendered":"<p>En aquesta jornada, hem posat punt final al Club de Lectura amb una sortida molt especial a R\u00e0dio Maconda, ubicada a la Biblioteca Gabriel Garc\u00eda M\u00e1rquez. All\u00e0, ens han introdu\u00eft en el fascinant m\u00f3n de la r\u00e0dio i hem tingut l\u2019oportunitat de gravar un programa&hellip;  <a href=\"https:\/\/agora.xtec.cat\/cfabonpastor\/general\/cloenda-del-projecte-lectura-facil-a-radio-maconda\/\" title=\"Read Cloenda del projecte Lectura F\u00e0cil a R\u00e0dio Maconda\">Llegeix m\u00e9s\u00bb<\/a><\/p>\n","protected":false},"author":1,"featured_media":11867,"comment_status":"open","ping_status":"closed","sticky":false,"template":"","format":"standard","meta":{"_bbp_topic_count":0,"_bbp_reply_count":0,"_bbp_total_topic_count":0,"_bbp_total_reply_count":0,"_bbp_voice_count":0,"_bbp_anonymous_reply_count":0,"_bbp_topic_count_hidden":0,"_bbp_reply_count_hidden":0,"_bbp_forum_subforum_count":0,"footnotes":""},"categories":[1,29],"tags":[157,105,138,39],"class_list":["post-11860","post","type-post","status-publish","format-standard","has-post-thumbnail","hentry","category-general","category-portada","tag-curs-24-25","tag-el-gust-per-la-lectura","tag-ges","tag-sortides"],"post_mailing_queue_ids":[],"_links":{"self":[{"href":"https:\/\/agora.xtec.cat\/cfabonpastor\/wp-json\/wp\/v2\/posts\/11860","targetHints":{"allow":["GET"]}}],"collection":[{"href":"https:\/\/agora.xtec.cat\/cfabonpastor\/wp-json\/wp\/v2\/posts"}],"about":[{"href":"https:\/\/agora.xtec.cat\/cfabonpastor\/wp-json\/wp\/v2\/types\/post"}],"author":[{"embeddable":true,"href":"https:\/\/agora.xtec.cat\/cfabonpastor\/wp-json\/wp\/v2\/users\/1"}],"replies":[{"embeddable":true,"href":"https:\/\/agora.xtec.cat\/cfabonpastor\/wp-json\/wp\/v2\/comments?post=11860"}],"version-history":[{"count":1,"href":"https:\/\/agora.xtec.cat\/cfabonpastor\/wp-json\/wp\/v2\/posts\/11860\/revisions"}],"predecessor-version":[{"id":11866,"href":"https:\/\/agora.xtec.cat\/cfabonpastor\/wp-json\/wp\/v2\/posts\/11860\/revisions\/11866"}],"wp:featuredmedia":[{"embeddable":true,"href":"https:\/\/agora.xtec.cat\/cfabonpastor\/wp-json\/wp\/v2\/media\/11867"}],"wp:attachment":[{"href":"https:\/\/agora.xtec.cat\/cfabonpastor\/wp-json\/wp\/v2\/media?parent=11860"}],"wp:term":[{"taxonomy":"category","embeddable":true,"href":"https:\/\/agora.xtec.cat\/cfabonpastor\/wp-json\/wp\/v2\/categories?post=11860"},{"taxonomy":"post_tag","embeddable":true,"href":"https:\/\/agora.xtec.cat\/cfabonpastor\/wp-json\/wp\/v2\/tags?post=11860"}],"curies":[{"name":"wp","href":"https:\/\/api.w.org\/{rel}","templated":true}]}}