{"id":11802,"date":"2025-04-01T10:53:27","date_gmt":"2025-04-01T08:53:27","guid":{"rendered":"https:\/\/agora.xtec.cat\/cfabonpastor\/?p=11802"},"modified":"2025-05-01T11:01:20","modified_gmt":"2025-05-01T09:01:20","slug":"marc-un-mes-dedicat-a-les-dones-teixint-igualtat-des-de-leducacio","status":"publish","type":"post","link":"https:\/\/agora.xtec.cat\/cfabonpastor\/general\/marc-un-mes-dedicat-a-les-dones-teixint-igualtat-des-de-leducacio\/","title":{"rendered":"Mar\u00e7, un mes dedicat a les dones: teixint igualtat des de l\u2019educaci\u00f3."},"content":{"rendered":"<p>El Dia Internacional de la Dona \u00e9s una jornada per reivindicar la igualtat de drets entre dones i homes. Al nostre centre educatiu, aquest mes de mar\u00e7 hem dut a terme activitats diverses i significatives per donar visibilitat a les dones en diferents \u00e0mbits i fomentar la reflexi\u00f3 cr\u00edtica sobre la seva lluita hist\u00f2rica i actual.<\/p>\n<h2>Activitats a COMPETIC<\/h2>\n<h3>COMPETIC Inicial<\/h3>\n<p>L\u2019alumnat ha conegut la vida de dones influents a trav\u00e9s de biografies que han treballat amb eines d\u2019edici\u00f3 de textos. Una activitat que ha servit per refor\u00e7ar la comprensi\u00f3 escrita i visibilitzar traject\u00f2ries femenines rellevants.<\/p>\n<h3>COMPETIC 1<\/h3>\n<p>Cada alumne\/a ha investigat una artista i ha creat un cartell digital amb Canva. Tots els treballs s\u2019han recollit en una presentaci\u00f3 col\u00b7laborativa que podeu consultar aqu\u00ed: <a href=\"https:\/\/docs.google.com\/presentation\/d\/1fwPHT2X_6XE8aU30nFBpAvoNeOHQ-37t0MspU_Wmlyk\/edit?usp=sharing\">Presentaci\u00f3.<\/a><\/p>\n<h3>COMPETIC 2<\/h3>\n<p>S\u2019han elaborat cartells amb GIMP dedicats a dones inspiradores, com a part del treball d\u2019edici\u00f3 d\u2019imatge (C5). Les creacions s\u2019exposen al passad\u00eds del centre i s\u2019afegeixen a la campanya institucional &#8220;<a href=\"https:\/\/igualtat.gencat.cat\/ca\/actualitat\/campanyes\/8m-2025\/index.html\">Tan senzill com<\/a>&#8220;.<\/p>\n<p><img loading=\"lazy\" decoding=\"async\" class=\"size-medium wp-image-11807 alignleft\" src=\"https:\/\/agora.xtec.cat\/cfabonpastor\/wp-content\/uploads\/usu260\/2025\/05\/Cartell-Dia-de-la-Dona-212x300.jpg\" alt=\"\" width=\"212\" height=\"300\" srcset=\"https:\/\/agora.xtec.cat\/cfabonpastor\/wp-content\/uploads\/usu260\/2025\/05\/Cartell-Dia-de-la-Dona-212x300.jpg 212w, https:\/\/agora.xtec.cat\/cfabonpastor\/wp-content\/uploads\/usu260\/2025\/05\/Cartell-Dia-de-la-Dona-724x1024.jpg 724w, https:\/\/agora.xtec.cat\/cfabonpastor\/wp-content\/uploads\/usu260\/2025\/05\/Cartell-Dia-de-la-Dona-768x1086.jpg 768w, https:\/\/agora.xtec.cat\/cfabonpastor\/wp-content\/uploads\/usu260\/2025\/05\/Cartell-Dia-de-la-Dona-1086x1536.jpg 1086w, https:\/\/agora.xtec.cat\/cfabonpastor\/wp-content\/uploads\/usu260\/2025\/05\/Cartell-Dia-de-la-Dona.jpg 1414w\" sizes=\"auto, (max-width: 212px) 100vw, 212px\" \/> <img loading=\"lazy\" decoding=\"async\" class=\"alignnone wp-image-11806 size-medium alignleft\" src=\"https:\/\/agora.xtec.cat\/cfabonpastor\/wp-content\/uploads\/usu260\/2025\/05\/Cartell-Dones-Body-Positive-Organic-Floral-Lila-Fucsia-212x300.jpg\" alt=\"\" width=\"212\" height=\"300\" srcset=\"https:\/\/agora.xtec.cat\/cfabonpastor\/wp-content\/uploads\/usu260\/2025\/05\/Cartell-Dones-Body-Positive-Organic-Floral-Lila-Fucsia-212x300.jpg 212w, https:\/\/agora.xtec.cat\/cfabonpastor\/wp-content\/uploads\/usu260\/2025\/05\/Cartell-Dones-Body-Positive-Organic-Floral-Lila-Fucsia-724x1024.jpg 724w, https:\/\/agora.xtec.cat\/cfabonpastor\/wp-content\/uploads\/usu260\/2025\/05\/Cartell-Dones-Body-Positive-Organic-Floral-Lila-Fucsia-768x1086.jpg 768w, https:\/\/agora.xtec.cat\/cfabonpastor\/wp-content\/uploads\/usu260\/2025\/05\/Cartell-Dones-Body-Positive-Organic-Floral-Lila-Fucsia-1086x1536.jpg 1086w, https:\/\/agora.xtec.cat\/cfabonpastor\/wp-content\/uploads\/usu260\/2025\/05\/Cartell-Dones-Body-Positive-Organic-Floral-Lila-Fucsia.jpg 1414w\" sizes=\"auto, (max-width: 212px) 100vw, 212px\" \/><\/p>\n<h2><img loading=\"lazy\" decoding=\"async\" class=\"alignnone wp-image-11805 \" src=\"https:\/\/agora.xtec.cat\/cfabonpastor\/wp-content\/uploads\/usu260\/2025\/05\/Cartel-Recomendaciones-Marcha-8M-Ilustrado-Morado-212x300.jpg\" alt=\"\" width=\"217\" height=\"307\" srcset=\"https:\/\/agora.xtec.cat\/cfabonpastor\/wp-content\/uploads\/usu260\/2025\/05\/Cartel-Recomendaciones-Marcha-8M-Ilustrado-Morado-212x300.jpg 212w, https:\/\/agora.xtec.cat\/cfabonpastor\/wp-content\/uploads\/usu260\/2025\/05\/Cartel-Recomendaciones-Marcha-8M-Ilustrado-Morado-724x1024.jpg 724w, https:\/\/agora.xtec.cat\/cfabonpastor\/wp-content\/uploads\/usu260\/2025\/05\/Cartel-Recomendaciones-Marcha-8M-Ilustrado-Morado-768x1086.jpg 768w, https:\/\/agora.xtec.cat\/cfabonpastor\/wp-content\/uploads\/usu260\/2025\/05\/Cartel-Recomendaciones-Marcha-8M-Ilustrado-Morado-1086x1536.jpg 1086w, https:\/\/agora.xtec.cat\/cfabonpastor\/wp-content\/uploads\/usu260\/2025\/05\/Cartel-Recomendaciones-Marcha-8M-Ilustrado-Morado-1448x2048.jpg 1448w, https:\/\/agora.xtec.cat\/cfabonpastor\/wp-content\/uploads\/usu260\/2025\/05\/Cartel-Recomendaciones-Marcha-8M-Ilustrado-Morado.jpg 1587w\" sizes=\"auto, (max-width: 217px) 100vw, 217px\" \/><\/h2>\n<h2>Formaci\u00f3 Instrumental: pensament cr\u00edtic i acci\u00f3<\/h2>\n<h3>CFI 3<\/h3>\n<p>Hem llegit el Manifest del 8M i treballat el v\u00eddeo de Margarita S\u00e1nchez \u201c<a href=\"https:\/\/www.youtube.com\/watch?v=oIb1M3QzEIU&amp;t=4326s\">Qu\u00edtate t\u00fa pa ponerme yo<\/a>\u201d. Despr\u00e9s del debat, l\u2019alumnat va enviar un correu amb les seves reflexions a la direcci\u00f3 i va crear un cartell reivindicatiu amb Canva.<\/p>\n<p><img loading=\"lazy\" decoding=\"async\" class=\"alignnone wp-image-11817 size-medium\" src=\"https:\/\/agora.xtec.cat\/cfabonpastor\/wp-content\/uploads\/usu260\/2025\/05\/Cartel-Frase-Feminista-Ilustrado-Morado-212x300.jpg\" alt=\"\" width=\"212\" height=\"300\" srcset=\"https:\/\/agora.xtec.cat\/cfabonpastor\/wp-content\/uploads\/usu260\/2025\/05\/Cartel-Frase-Feminista-Ilustrado-Morado-212x300.jpg 212w, https:\/\/agora.xtec.cat\/cfabonpastor\/wp-content\/uploads\/usu260\/2025\/05\/Cartel-Frase-Feminista-Ilustrado-Morado-724x1024.jpg 724w, https:\/\/agora.xtec.cat\/cfabonpastor\/wp-content\/uploads\/usu260\/2025\/05\/Cartel-Frase-Feminista-Ilustrado-Morado-768x1086.jpg 768w, https:\/\/agora.xtec.cat\/cfabonpastor\/wp-content\/uploads\/usu260\/2025\/05\/Cartel-Frase-Feminista-Ilustrado-Morado-1086x1536.jpg 1086w, https:\/\/agora.xtec.cat\/cfabonpastor\/wp-content\/uploads\/usu260\/2025\/05\/Cartel-Frase-Feminista-Ilustrado-Morado-1448x2048.jpg 1448w, https:\/\/agora.xtec.cat\/cfabonpastor\/wp-content\/uploads\/usu260\/2025\/05\/Cartel-Frase-Feminista-Ilustrado-Morado.jpg 1587w\" sizes=\"auto, (max-width: 212px) 100vw, 212px\" \/>\u00a0 \u00a0 \u00a0 \u00a0 \u00a0 \u00a0 \u00a0 \u00a0 \u00a0 \u00a0<img loading=\"lazy\" decoding=\"async\" class=\"alignnone wp-image-11818 size-medium\" src=\"https:\/\/agora.xtec.cat\/cfabonpastor\/wp-content\/uploads\/usu260\/2025\/05\/Flyer-Dia-de-la-Mujer-Ilustrado-Violeta-y-Blanco-212x300.jpg\" alt=\"\" width=\"212\" height=\"300\" srcset=\"https:\/\/agora.xtec.cat\/cfabonpastor\/wp-content\/uploads\/usu260\/2025\/05\/Flyer-Dia-de-la-Mujer-Ilustrado-Violeta-y-Blanco-212x300.jpg 212w, https:\/\/agora.xtec.cat\/cfabonpastor\/wp-content\/uploads\/usu260\/2025\/05\/Flyer-Dia-de-la-Mujer-Ilustrado-Violeta-y-Blanco-724x1024.jpg 724w, https:\/\/agora.xtec.cat\/cfabonpastor\/wp-content\/uploads\/usu260\/2025\/05\/Flyer-Dia-de-la-Mujer-Ilustrado-Violeta-y-Blanco-768x1086.jpg 768w, https:\/\/agora.xtec.cat\/cfabonpastor\/wp-content\/uploads\/usu260\/2025\/05\/Flyer-Dia-de-la-Mujer-Ilustrado-Violeta-y-Blanco-1086x1536.jpg 1086w, https:\/\/agora.xtec.cat\/cfabonpastor\/wp-content\/uploads\/usu260\/2025\/05\/Flyer-Dia-de-la-Mujer-Ilustrado-Violeta-y-Blanco.jpg 1414w\" sizes=\"auto, (max-width: 212px) 100vw, 212px\" \/><\/p>\n<h3>CFI 2<\/h3>\n<p>Hem conegut la figura de Concepci\u00f3n Arenal a trav\u00e9s de textos, dictats i activitats de c\u00e0lcul per analitzar les desigualtats de g\u00e8nere en \u00e0mbits culturals i cient\u00edfics.<\/p>\n<p><img loading=\"lazy\" decoding=\"async\" class=\"size-medium wp-image-11808 aligncenter\" src=\"https:\/\/agora.xtec.cat\/cfabonpastor\/wp-content\/uploads\/usu260\/2025\/05\/CFI-2_ConcepcionArenal-300x226.jpg\" alt=\"\" width=\"300\" height=\"226\" srcset=\"https:\/\/agora.xtec.cat\/cfabonpastor\/wp-content\/uploads\/usu260\/2025\/05\/CFI-2_ConcepcionArenal-300x226.jpg 300w, https:\/\/agora.xtec.cat\/cfabonpastor\/wp-content\/uploads\/usu260\/2025\/05\/CFI-2_ConcepcionArenal-1024x771.jpg 1024w, https:\/\/agora.xtec.cat\/cfabonpastor\/wp-content\/uploads\/usu260\/2025\/05\/CFI-2_ConcepcionArenal-768x578.jpg 768w, https:\/\/agora.xtec.cat\/cfabonpastor\/wp-content\/uploads\/usu260\/2025\/05\/CFI-2_ConcepcionArenal-1536x1156.jpg 1536w, https:\/\/agora.xtec.cat\/cfabonpastor\/wp-content\/uploads\/usu260\/2025\/05\/CFI-2_ConcepcionArenal-200x150.jpg 200w, https:\/\/agora.xtec.cat\/cfabonpastor\/wp-content\/uploads\/usu260\/2025\/05\/CFI-2_ConcepcionArenal.jpg 1600w\" sizes=\"auto, (max-width: 300px) 100vw, 300px\" \/><\/p>\n<h2>Tert\u00falies i literatura amb mirada feminista<\/h2>\n<h3>Tert\u00falia liter\u00e0ria<\/h3>\n<p>Hem visualitzat el<a href=\"https:\/\/www.filmin.es\/corto\/els-buits\"> curt \u201cEls buits<\/a>\u201d, nominat als Goya 2025, i debatut sobre la repressi\u00f3 de les dones durant el franquisme. Tamb\u00e9 hem llegit \u201c<a href=\"https:\/\/lafinestralectora.cat\/lesdeveniment\/\">L\u2019esdeveniment<\/a>\u201d d\u2019Annie Ernaux, compartit viv\u00e8ncies i assistit al col\u00b7loqui posterior a la projecci\u00f3 de la <a href=\"https:\/\/www.filmin.es\/pelicula\/el-acontecimiento\">pel\u00b7l\u00edcula<\/a> basada en l\u2019obra.<\/p>\n<p><img loading=\"lazy\" decoding=\"async\" class=\"size-medium wp-image-11814 aligncenter\" src=\"https:\/\/agora.xtec.cat\/cfabonpastor\/wp-content\/uploads\/usu260\/2025\/05\/2-literaria-300x224.jpg\" alt=\"\" width=\"300\" height=\"224\" srcset=\"https:\/\/agora.xtec.cat\/cfabonpastor\/wp-content\/uploads\/usu260\/2025\/05\/2-literaria-300x224.jpg 300w, https:\/\/agora.xtec.cat\/cfabonpastor\/wp-content\/uploads\/usu260\/2025\/05\/2-literaria-1024x766.jpg 1024w, https:\/\/agora.xtec.cat\/cfabonpastor\/wp-content\/uploads\/usu260\/2025\/05\/2-literaria-768x574.jpg 768w, https:\/\/agora.xtec.cat\/cfabonpastor\/wp-content\/uploads\/usu260\/2025\/05\/2-literaria-1536x1149.jpg 1536w, https:\/\/agora.xtec.cat\/cfabonpastor\/wp-content\/uploads\/usu260\/2025\/05\/2-literaria-2048x1532.jpg 2048w, https:\/\/agora.xtec.cat\/cfabonpastor\/wp-content\/uploads\/usu260\/2025\/05\/2-literaria-200x150.jpg 200w\" sizes=\"auto, (max-width: 300px) 100vw, 300px\" \/><\/p>\n<h2>Lectures a l\u2019\u00e0rea de Llengua Castellana<\/h2>\n<h3>Castell\u00e0 2<\/h3>\n<p>Lectura del conte \u201c<a href=\"https:\/\/www.mujeresenred.net\/IMG\/pdf\/lacenicientaquenoqueriacomerperdices.pdf\">La cenicienta que no quer\u00eda comer perdices<\/a>\u201d, una hist\u00f2ria alternativa que trenca amb els estereotips i convida a l\u2019empoderament femen\u00ed.<\/p>\n<p><img loading=\"lazy\" decoding=\"async\" class=\" wp-image-11809 aligncenter\" src=\"https:\/\/agora.xtec.cat\/cfabonpastor\/wp-content\/uploads\/usu260\/2025\/05\/Castella-2-300x135.jpg\" alt=\"\" width=\"382\" height=\"172\" srcset=\"https:\/\/agora.xtec.cat\/cfabonpastor\/wp-content\/uploads\/usu260\/2025\/05\/Castella-2-300x135.jpg 300w, https:\/\/agora.xtec.cat\/cfabonpastor\/wp-content\/uploads\/usu260\/2025\/05\/Castella-2-1024x461.jpg 1024w, https:\/\/agora.xtec.cat\/cfabonpastor\/wp-content\/uploads\/usu260\/2025\/05\/Castella-2-768x346.jpg 768w, https:\/\/agora.xtec.cat\/cfabonpastor\/wp-content\/uploads\/usu260\/2025\/05\/Castella-2-1536x691.jpg 1536w, https:\/\/agora.xtec.cat\/cfabonpastor\/wp-content\/uploads\/usu260\/2025\/05\/Castella-2-2048x922.jpg 2048w\" sizes=\"auto, (max-width: 382px) 100vw, 382px\" \/><\/p>\n<h3>Castell\u00e0 3<\/h3>\n<p>Hem treballat amb textos del llibre \u201cCuentos de buenas noches para ni\u00f1as rebeldes. 100 mujeres migrantes que cambiaron el mundo\u201d, compartint hist\u00f2ries inspiradores com la d\u2019Ang\u00e9lica Rozeanu o Anne Hidalgo.<\/p>\n<p><img loading=\"lazy\" decoding=\"async\" class=\" wp-image-11810 aligncenter\" src=\"https:\/\/agora.xtec.cat\/cfabonpastor\/wp-content\/uploads\/usu260\/2025\/05\/Castella-3-2-300x135.jpg\" alt=\"\" width=\"358\" height=\"161\" srcset=\"https:\/\/agora.xtec.cat\/cfabonpastor\/wp-content\/uploads\/usu260\/2025\/05\/Castella-3-2-300x135.jpg 300w, https:\/\/agora.xtec.cat\/cfabonpastor\/wp-content\/uploads\/usu260\/2025\/05\/Castella-3-2-1024x461.jpg 1024w, https:\/\/agora.xtec.cat\/cfabonpastor\/wp-content\/uploads\/usu260\/2025\/05\/Castella-3-2-768x346.jpg 768w, https:\/\/agora.xtec.cat\/cfabonpastor\/wp-content\/uploads\/usu260\/2025\/05\/Castella-3-2-1536x691.jpg 1536w, https:\/\/agora.xtec.cat\/cfabonpastor\/wp-content\/uploads\/usu260\/2025\/05\/Castella-3-2-2048x922.jpg 2048w\" sizes=\"auto, (max-width: 358px) 100vw, 358px\" \/><\/p>\n<h3>Llengua Castellana II (GES 1)<\/h3>\n<p>L\u2019alumnat ha preparat una exposici\u00f3 sobre Pilar Mir\u00f3 i ha organitzat un cinef\u00f2rum amb la projecci\u00f3 de \u201cEl crimen de Cuenca\u201d a la Biblioteca Bon Pastor. La sessi\u00f3 ha comptat amb col\u00b7loqui final i una gran participaci\u00f3.<\/p>\n<p><img loading=\"lazy\" decoding=\"async\" class=\"alignnone wp-image-11811\" src=\"https:\/\/agora.xtec.cat\/cfabonpastor\/wp-content\/uploads\/usu260\/2025\/05\/ges-1-cineforum-300x169.jpeg\" alt=\"\" width=\"346\" height=\"195\" srcset=\"https:\/\/agora.xtec.cat\/cfabonpastor\/wp-content\/uploads\/usu260\/2025\/05\/ges-1-cineforum-300x169.jpeg 300w, https:\/\/agora.xtec.cat\/cfabonpastor\/wp-content\/uploads\/usu260\/2025\/05\/ges-1-cineforum-1024x576.jpeg 1024w, https:\/\/agora.xtec.cat\/cfabonpastor\/wp-content\/uploads\/usu260\/2025\/05\/ges-1-cineforum-768x432.jpeg 768w, https:\/\/agora.xtec.cat\/cfabonpastor\/wp-content\/uploads\/usu260\/2025\/05\/ges-1-cineforum-1536x864.jpeg 1536w, https:\/\/agora.xtec.cat\/cfabonpastor\/wp-content\/uploads\/usu260\/2025\/05\/ges-1-cineforum-2048x1152.jpeg 2048w\" sizes=\"auto, (max-width: 346px) 100vw, 346px\" \/><img loading=\"lazy\" decoding=\"async\" class=\"wp-image-11812 size-medium alignright\" src=\"https:\/\/agora.xtec.cat\/cfabonpastor\/wp-content\/uploads\/usu260\/2025\/05\/GES-Recuerdo-de-Pilar-Miro-300x225.jpg\" alt=\"\" width=\"300\" height=\"225\" srcset=\"https:\/\/agora.xtec.cat\/cfabonpastor\/wp-content\/uploads\/usu260\/2025\/05\/GES-Recuerdo-de-Pilar-Miro-300x225.jpg 300w, https:\/\/agora.xtec.cat\/cfabonpastor\/wp-content\/uploads\/usu260\/2025\/05\/GES-Recuerdo-de-Pilar-Miro-1024x768.jpg 1024w, https:\/\/agora.xtec.cat\/cfabonpastor\/wp-content\/uploads\/usu260\/2025\/05\/GES-Recuerdo-de-Pilar-Miro-768x576.jpg 768w, https:\/\/agora.xtec.cat\/cfabonpastor\/wp-content\/uploads\/usu260\/2025\/05\/GES-Recuerdo-de-Pilar-Miro-1536x1152.jpg 1536w, https:\/\/agora.xtec.cat\/cfabonpastor\/wp-content\/uploads\/usu260\/2025\/05\/GES-Recuerdo-de-Pilar-Miro-2048x1536.jpg 2048w, https:\/\/agora.xtec.cat\/cfabonpastor\/wp-content\/uploads\/usu260\/2025\/05\/GES-Recuerdo-de-Pilar-Miro-200x150.jpg 200w\" sizes=\"auto, (max-width: 300px) 100vw, 300px\" \/><\/p>\n<h2><\/h2>\n<h2>Educaci\u00f3 per la Salut: la bretxa de g\u00e8nere<\/h2>\n<p>Amb el mateix grup (GES 1), hem reflexionat sobre la desigualtat en salut que afecta les dones. A trav\u00e9s de lectures i debat, hem abordat temes com la manca de recerca espec\u00edfica, l\u2019infradiagn\u00f2stic i la sobremedicaci\u00f3 femenina.<\/p>\n<h2>GES 2: una mirada al modernisme feminista<\/h2>\n<p>Hem descobert la figura de Caterina Albert (V\u00edctor Catal\u00e0), escriptora i feminista del modernisme. Hem analitzat la seva obra \u201cSolitud\u201d i el context que la va portar a escriure sota pseud\u00f2nim.<\/p>\n<p><img loading=\"lazy\" decoding=\"async\" class=\" wp-image-11813 aligncenter\" src=\"https:\/\/agora.xtec.cat\/cfabonpastor\/wp-content\/uploads\/usu260\/2025\/05\/GES2_CaterinaAlbertV.-Catala-300x202.jpg\" alt=\"\" width=\"315\" height=\"212\" srcset=\"https:\/\/agora.xtec.cat\/cfabonpastor\/wp-content\/uploads\/usu260\/2025\/05\/GES2_CaterinaAlbertV.-Catala-300x202.jpg 300w, https:\/\/agora.xtec.cat\/cfabonpastor\/wp-content\/uploads\/usu260\/2025\/05\/GES2_CaterinaAlbertV.-Catala-1024x689.jpg 1024w, https:\/\/agora.xtec.cat\/cfabonpastor\/wp-content\/uploads\/usu260\/2025\/05\/GES2_CaterinaAlbertV.-Catala-768x517.jpg 768w, https:\/\/agora.xtec.cat\/cfabonpastor\/wp-content\/uploads\/usu260\/2025\/05\/GES2_CaterinaAlbertV.-Catala-1536x1034.jpg 1536w, https:\/\/agora.xtec.cat\/cfabonpastor\/wp-content\/uploads\/usu260\/2025\/05\/GES2_CaterinaAlbertV.-Catala-2048x1378.jpg 2048w\" sizes=\"auto, (max-width: 315px) 100vw, 315px\" \/><\/p>\n<h2>Una mirada compartida<\/h2>\n<p>Totes aquestes accions han estat molt m\u00e9s que activitats d\u2019aula: han estat espais de pensament, expressi\u00f3 i transformaci\u00f3. Des del CFA, continuem compromesos amb l\u2019educaci\u00f3 com a eina de canvi per construir una societat m\u00e9s justa i igualit\u00e0ria.<\/p>\n","protected":false},"excerpt":{"rendered":"<p>El Dia Internacional de la Dona \u00e9s una jornada per reivindicar la igualtat de drets entre dones i homes. Al nostre centre educatiu, aquest mes de mar\u00e7 hem dut a terme activitats diverses i significatives per donar visibilitat a les dones en diferents \u00e0mbits i&hellip;  <a href=\"https:\/\/agora.xtec.cat\/cfabonpastor\/general\/marc-un-mes-dedicat-a-les-dones-teixint-igualtat-des-de-leducacio\/\" title=\"Read Mar\u00e7, un mes dedicat a les dones: teixint igualtat des de l\u2019educaci\u00f3.\">Llegeix m\u00e9s\u00bb<\/a><\/p>\n","protected":false},"author":1,"featured_media":11815,"comment_status":"open","ping_status":"closed","sticky":false,"template":"","format":"standard","meta":{"_bbp_topic_count":0,"_bbp_reply_count":0,"_bbp_total_topic_count":0,"_bbp_total_reply_count":0,"_bbp_voice_count":0,"_bbp_anonymous_reply_count":0,"_bbp_topic_count_hidden":0,"_bbp_reply_count_hidden":0,"_bbp_forum_subforum_count":0,"footnotes":""},"categories":[1,104,29],"tags":[157,118,115,102],"class_list":["post-11802","post","type-post","status-publish","format-standard","has-post-thumbnail","hentry","category-general","category-noticies","category-portada","tag-curs-24-25","tag-diadeladona","tag-dona","tag-projecte-educatiu"],"post_mailing_queue_ids":[],"_links":{"self":[{"href":"https:\/\/agora.xtec.cat\/cfabonpastor\/wp-json\/wp\/v2\/posts\/11802","targetHints":{"allow":["GET"]}}],"collection":[{"href":"https:\/\/agora.xtec.cat\/cfabonpastor\/wp-json\/wp\/v2\/posts"}],"about":[{"href":"https:\/\/agora.xtec.cat\/cfabonpastor\/wp-json\/wp\/v2\/types\/post"}],"author":[{"embeddable":true,"href":"https:\/\/agora.xtec.cat\/cfabonpastor\/wp-json\/wp\/v2\/users\/1"}],"replies":[{"embeddable":true,"href":"https:\/\/agora.xtec.cat\/cfabonpastor\/wp-json\/wp\/v2\/comments?post=11802"}],"version-history":[{"count":3,"href":"https:\/\/agora.xtec.cat\/cfabonpastor\/wp-json\/wp\/v2\/posts\/11802\/revisions"}],"predecessor-version":[{"id":11819,"href":"https:\/\/agora.xtec.cat\/cfabonpastor\/wp-json\/wp\/v2\/posts\/11802\/revisions\/11819"}],"wp:featuredmedia":[{"embeddable":true,"href":"https:\/\/agora.xtec.cat\/cfabonpastor\/wp-json\/wp\/v2\/media\/11815"}],"wp:attachment":[{"href":"https:\/\/agora.xtec.cat\/cfabonpastor\/wp-json\/wp\/v2\/media?parent=11802"}],"wp:term":[{"taxonomy":"category","embeddable":true,"href":"https:\/\/agora.xtec.cat\/cfabonpastor\/wp-json\/wp\/v2\/categories?post=11802"},{"taxonomy":"post_tag","embeddable":true,"href":"https:\/\/agora.xtec.cat\/cfabonpastor\/wp-json\/wp\/v2\/tags?post=11802"}],"curies":[{"name":"wp","href":"https:\/\/api.w.org\/{rel}","templated":true}]}}