{"id":11272,"date":"2023-11-13T12:58:17","date_gmt":"2023-11-13T11:58:17","guid":{"rendered":"https:\/\/agora.xtec.cat\/cfabonpastor\/?p=11272"},"modified":"2023-12-15T09:35:58","modified_gmt":"2023-12-15T08:35:58","slug":"cursos-de-capacitacio-digital-per-a-adults-i-joves","status":"publish","type":"post","link":"https:\/\/agora.xtec.cat\/cfabonpastor\/portada\/cursos-de-capacitacio-digital-per-a-adults-i-joves\/","title":{"rendered":"Cursos de capacitaci\u00f3 digital per a adults i joves"},"content":{"rendered":"<p>La r\u00e0pida transformaci\u00f3 digital de l&#8217;economia i la societat ha convertit les compet\u00e8ncies digitals en eines b\u00e0siques per poder aprofitar les oportunitats que ofereixen des del punt de vista econ\u00f2mic, social i ambiental.<\/p>\n<p>Per donar resposta a aquesta necessitat de formaci\u00f3 en compet\u00e8ncies digitals, el Departament d&#8217;Educaci\u00f3 ha creat una\u00a0<strong>xarxa de centres de capacitaci\u00f3 digital<\/strong>, formada per instituts de formaci\u00f3 professional i escoles d&#8217;adults d&#8217;arreu de Catalunya que ofereixen un total de cinc cursos, des del nivell m\u00e9s b\u00e0sic fins a l&#8217;\u00e0mbit professional.<\/p>\n<p>Hi ha cinc cursos de formaci\u00f3 en l&#8217;\u00e0mbit digital, que van des del nivell m\u00e9s b\u00e0sic fins a l&#8217;\u00e0mbit professional.<\/p>\n<p><strong>Horaris dels cursos:\u00a0 tarda i vespre, grups de m\u00e0xim 15 persones. <\/strong><strong>Aquests cursos s\u00f3n gratu\u00efts<\/strong>.<\/p>\n<p>Si hi est\u00e0s interessat o interessada truca al centre, inscriu-te online a trav\u00e9s del formulari o vine presencialment en horari d&#8217;atenci\u00f3 al p\u00fablic.<\/p>\n<p style=\"text-align: center;\"><strong>CONTINGUTS<\/strong><\/p>\n<table>\n<tbody>\n<tr>\n<td><strong>Curs 1:\u00a0M\u00e9s Digitals, nivell A:<\/strong>\u00a0Descobrim el m\u00f3n digital (15 hores), dirigit a persones que fan un \u00fas espor\u00e0dic de les eines digitals.<\/p>\n<p><strong>Continguts:<\/strong><\/p>\n<ul>\n<li>Descobrim el m\u00f2bil.Explorem el dispositiu. Coneixem les icones. La bateria i el carregador, les operadores. La primera trucada. Trucar a alg\u00fa. Els meus contactes i els preferits. To de trucada: volum i vibraci\u00f3. Rebre trucades i SMS.<\/li>\n<li>Que hi ha alg\u00fa? la botiga d\u2019aplicacions. Instal\u00b7lar aplicacions, configurar el WhatsApp, enviar missatges.<\/li>\n<li>El poso al meu gust.\u00a0 aspectes b\u00e0sics de configuraci\u00f3 (wifi, dades, utilitats, etc.)<\/li>\n<\/ul>\n<\/td>\n<td><strong>Curs 2<\/strong>:\u00a0<strong>M\u00e9s Digitals, nivell B:<\/strong>\u00a0Ens movem pel m\u00f3n digital (15 hores), per als que utilitzen eines digitals de forma regular, per\u00f2 que no s\u00f3n aut\u00f2nomes per donar-los nous usos.<\/p>\n<p><strong>Continguts:<\/strong><\/p>\n<ul>\n<li>El meu primer correu.\u00a0 Gesti\u00f3 del correu. Els meus contactes. Configuraci\u00f3 del compte de correu.<\/li>\n<li>Faig fotos i v\u00eddeos. La c\u00e0mera del m\u00f2bil, m\u2019he fet una selfie. La galeria d\u2019imatges.<\/li>\n<li>La immensitat digital. Navegar pel web. Cerquem i consultem informaci\u00f3. Adreces preferides.<\/li>\n<li>Ull, vigilem qu\u00e8 fem i diem!. Quins missatges!. Q\u00fcesti\u00f3 d\u2019etiqueta. Seguretat.<\/li>\n<\/ul>\n<\/td>\n<\/tr>\n<tr>\n<td><strong>Curs 3: M\u00e9s Digitals, nivell C:<\/strong> Ens endinsem en el m\u00f3n digital\u201d (15 hores), per a persones\u00a0amb autonomia digital que volen aprofundir en la seves compet\u00e8ncies.<strong>Continguts:<\/strong><\/p>\n<ul>\n<li>Com puc anar a\u2026,On est\u00e0 aquest museu?. Bus, metro, tramvia\u2026. Quin temps far\u00e0?. A quina hora sortim de casa?<\/li>\n<li>Tot a la butxaca, El banc a la butxaca. Quin dia tinc hora al metge?. Fem tr\u00e0mits en l\u00ednia, Identificaci\u00f3 digital (Cl@ve \/ idCAT m\u00f2bil).<\/li>\n<li>Guardem i compartim. Tot el material junt, fem un \u00e0lbum de fotos, qu\u00e8 fem amb els v\u00eddeos?, compartim-ho!<\/li>\n<li>Relaxem-nos i gaudim.\u00a0 Escoltem m\u00fasica, mirem pel\u00b7l\u00edcules i s\u00e8ries, llegim.<\/li>\n<\/ul>\n<\/td>\n<td><strong>Curs 4: Digitalitzaci\u00f3 aplicada l\u2019entorn professional\u00a0<\/strong>(30 hores, 2 m\u00f2duls formatius de 15h), el programa formatiu associat a aquest curs es correspon a la qualificaci\u00f3 professional IFC748_2 de Digitalitzaci\u00f3 aplicada l\u2019entorn professional de nivell 2.<\/p>\n<p><strong>Continguts:\u00a0<\/strong><\/p>\n<ul>\n<li>MF_2-2490-1111_2 Gesti\u00f3 de dispositius i dades mitjan\u00e7ant tecnologies habilitadores<br \/>\ndigitals. Nivell 2. 15 hores.<\/li>\n<li>MF_2-2491-1111_2 Gesti\u00f3 de continguts mitjan\u00e7ant tecnologies habilitadores digitals.<br \/>\nNivell 2. 15 hores.<\/li>\n<\/ul>\n<\/td>\n<\/tr>\n<tr>\n<td colspan=\"2\"><strong>Curs 5: Digitalitzaci\u00f3 en la ind\u00fastria, els serveis i la comunicaci\u00f3 (15 hores).<\/strong><br \/>\n<strong>Continguts:<\/strong>-Elaboraci\u00f3 de continguts i dissenys digitals a la xarxa.<br \/>\n-La realitat virtual. Simulaci\u00f3 de processos industrials i de serveis<br \/>\n-Brodat digital.<br \/>\n-\u00das b\u00e0sic d\u2019eines de disseny de peces (sketchup, tinkercad\u2026).<br \/>\n-\u00das i configuraci\u00f3 dels programes Slicer.<br \/>\n-\u00das i configuraci\u00f3 d\u2019impressores 3D.<br \/>\n-Selecci\u00f3 de materials per a la impressi\u00f3.<br \/>\n-Manteniment de l\u2019equip i \u00fas de les talladores l\u00e0ser.<\/td>\n<\/tr>\n<\/tbody>\n<\/table>\n<p><a href=\"https:\/\/educacio.gencat.cat\/ca\/serveis-tramits\/formacio-digital\/\">m\u00e9s informaci\u00f3<\/a><\/p>\n<p><a href=\"https:\/\/docs.google.com\/forms\/d\/e\/1FAIpQLSc2UKyF3CThefvyP8fNXf4fiykZyQCjhWxbnrdYjGuvvlTvbg\/viewform\">FORMULARI D&#8217;INSCRIPCI\u00d3<\/a><\/p>\n<p>Tamb\u00e9 pots fer la inscripci\u00f3 al centre.<\/p>\n<p><img loading=\"lazy\" decoding=\"async\" class=\"aligncenter size-large wp-image-11287\" src=\"https:\/\/agora.xtec.cat\/cfabonpastor\/wp-content\/uploads\/usu260\/2023\/11\/cartell-imprimir-731x1024.jpg\" alt=\"\" width=\"731\" height=\"1024\" srcset=\"https:\/\/agora.xtec.cat\/cfabonpastor\/wp-content\/uploads\/usu260\/2023\/11\/cartell-imprimir-731x1024.jpg 731w, https:\/\/agora.xtec.cat\/cfabonpastor\/wp-content\/uploads\/usu260\/2023\/11\/cartell-imprimir-214x300.jpg 214w, https:\/\/agora.xtec.cat\/cfabonpastor\/wp-content\/uploads\/usu260\/2023\/11\/cartell-imprimir-768x1075.jpg 768w, https:\/\/agora.xtec.cat\/cfabonpastor\/wp-content\/uploads\/usu260\/2023\/11\/cartell-imprimir-1097x1536.jpg 1097w, https:\/\/agora.xtec.cat\/cfabonpastor\/wp-content\/uploads\/usu260\/2023\/11\/cartell-imprimir-1462x2048.jpg 1462w, https:\/\/agora.xtec.cat\/cfabonpastor\/wp-content\/uploads\/usu260\/2023\/11\/cartell-imprimir.jpg 1711w\" sizes=\"auto, (max-width: 731px) 100vw, 731px\" \/><\/p>\n<p>&nbsp;<\/p>\n<p><a href=\"https:\/\/educacio.gencat.cat\/ca\/serveis-tramits\/formacio-digital\/\">m\u00e9s informaci\u00f3<\/a><\/p>\n<p><img loading=\"lazy\" decoding=\"async\" class=\"aligncenter size-full wp-image-11293\" src=\"https:\/\/agora.xtec.cat\/cfabonpastor\/wp-content\/uploads\/usu260\/2023\/11\/logo-1.png\" alt=\"\" width=\"1021\" height=\"112\" srcset=\"https:\/\/agora.xtec.cat\/cfabonpastor\/wp-content\/uploads\/usu260\/2023\/11\/logo-1.png 1021w, https:\/\/agora.xtec.cat\/cfabonpastor\/wp-content\/uploads\/usu260\/2023\/11\/logo-1-300x33.png 300w, https:\/\/agora.xtec.cat\/cfabonpastor\/wp-content\/uploads\/usu260\/2023\/11\/logo-1-768x84.png 768w\" sizes=\"auto, (max-width: 1021px) 100vw, 1021px\" \/><\/p>\n<p><a href=\"https:\/\/docs.google.com\/forms\/d\/e\/1FAIpQLSc2UKyF3CThefvyP8fNXf4fiykZyQCjhWxbnrdYjGuvvlTvbg\/viewform\">FORMULARI D&#8217;INSCRIPCI\u00d3<\/a><\/p>\n<p>Tamb\u00e9 pots fer la inscripci\u00f3 al centre. Si vols pots descarregar aqu\u00ed el <a href=\"https:\/\/agora.xtec.cat\/cfabonpastor\/wp-content\/uploads\/usu260\/2023\/11\/Formulari_Inscripcio_CD-1.pdf\">Formulari_Inscripci\u00f3_CD<\/a> en paper, per\u00f2 si no disposes d&#8217;impressora tamb\u00e9 te&#8217;l podem facilitar al centre.<\/p>\n<p>&nbsp;<\/p>\n","protected":false},"excerpt":{"rendered":"<p>La r\u00e0pida transformaci\u00f3 digital de l&#8217;economia i la societat ha convertit les compet\u00e8ncies digitals en eines b\u00e0siques per poder aprofitar les oportunitats que ofereixen des del punt de vista econ\u00f2mic, social i ambiental.<br \/>\nPer donar resposta a aquesta necessitat de formaci\u00f3 en compet\u00e8ncies digitals, el Departament&hellip;  <a href=\"https:\/\/agora.xtec.cat\/cfabonpastor\/portada\/cursos-de-capacitacio-digital-per-a-adults-i-joves\/\" title=\"Read Cursos de capacitaci\u00f3 digital per a adults i joves\">Llegeix m\u00e9s\u00bb<\/a><\/p>\n","protected":false},"author":1,"featured_media":11287,"comment_status":"open","ping_status":"closed","sticky":false,"template":"","format":"standard","meta":{"_bbp_topic_count":0,"_bbp_reply_count":0,"_bbp_total_topic_count":0,"_bbp_total_reply_count":0,"_bbp_voice_count":0,"_bbp_anonymous_reply_count":0,"_bbp_topic_count_hidden":0,"_bbp_reply_count_hidden":0,"_bbp_forum_subforum_count":0,"footnotes":""},"categories":[29],"tags":[58,150],"class_list":["post-11272","post","type-post","status-publish","format-standard","has-post-thumbnail","hentry","category-portada","tag-competic","tag-curs-23-24"],"post_mailing_queue_ids":[],"_links":{"self":[{"href":"https:\/\/agora.xtec.cat\/cfabonpastor\/wp-json\/wp\/v2\/posts\/11272","targetHints":{"allow":["GET"]}}],"collection":[{"href":"https:\/\/agora.xtec.cat\/cfabonpastor\/wp-json\/wp\/v2\/posts"}],"about":[{"href":"https:\/\/agora.xtec.cat\/cfabonpastor\/wp-json\/wp\/v2\/types\/post"}],"author":[{"embeddable":true,"href":"https:\/\/agora.xtec.cat\/cfabonpastor\/wp-json\/wp\/v2\/users\/1"}],"replies":[{"embeddable":true,"href":"https:\/\/agora.xtec.cat\/cfabonpastor\/wp-json\/wp\/v2\/comments?post=11272"}],"version-history":[{"count":7,"href":"https:\/\/agora.xtec.cat\/cfabonpastor\/wp-json\/wp\/v2\/posts\/11272\/revisions"}],"predecessor-version":[{"id":11294,"href":"https:\/\/agora.xtec.cat\/cfabonpastor\/wp-json\/wp\/v2\/posts\/11272\/revisions\/11294"}],"wp:featuredmedia":[{"embeddable":true,"href":"https:\/\/agora.xtec.cat\/cfabonpastor\/wp-json\/wp\/v2\/media\/11287"}],"wp:attachment":[{"href":"https:\/\/agora.xtec.cat\/cfabonpastor\/wp-json\/wp\/v2\/media?parent=11272"}],"wp:term":[{"taxonomy":"category","embeddable":true,"href":"https:\/\/agora.xtec.cat\/cfabonpastor\/wp-json\/wp\/v2\/categories?post=11272"},{"taxonomy":"post_tag","embeddable":true,"href":"https:\/\/agora.xtec.cat\/cfabonpastor\/wp-json\/wp\/v2\/tags?post=11272"}],"curies":[{"name":"wp","href":"https:\/\/api.w.org\/{rel}","templated":true}]}}