{"id":2349,"date":"2026-03-11T10:21:30","date_gmt":"2026-03-11T09:21:30","guid":{"rendered":"https:\/\/agora.xtec.cat\/cfabergueda\/?p=2349"},"modified":"2026-03-11T10:21:30","modified_gmt":"2026-03-11T09:21:30","slug":"el-remei-duu-nom-de-dona","status":"publish","type":"post","link":"https:\/\/agora.xtec.cat\/cfabergueda\/general\/el-remei-duu-nom-de-dona\/","title":{"rendered":"El remei duu nom de dona"},"content":{"rendered":"<p><a href=\"https:\/\/agora.xtec.cat\/cfabergueda\/wp-content\/uploads\/usu1406\/2026\/03\/Cartell-Dia-de-la-Dona-CFA-Bergueda.png\"><img loading=\"lazy\" decoding=\"async\" class=\"wp-image-2351 alignright\" src=\"https:\/\/agora.xtec.cat\/cfabergueda\/wp-content\/uploads\/usu1406\/2026\/03\/Cartell-Dia-de-la-Dona-CFA-Bergueda-212x300.png\" alt=\"\" width=\"103\" height=\"146\" srcset=\"https:\/\/agora.xtec.cat\/cfabergueda\/wp-content\/uploads\/usu1406\/2026\/03\/Cartell-Dia-de-la-Dona-CFA-Bergueda-212x300.png 212w, https:\/\/agora.xtec.cat\/cfabergueda\/wp-content\/uploads\/usu1406\/2026\/03\/Cartell-Dia-de-la-Dona-CFA-Bergueda-724x1024.png 724w, https:\/\/agora.xtec.cat\/cfabergueda\/wp-content\/uploads\/usu1406\/2026\/03\/Cartell-Dia-de-la-Dona-CFA-Bergueda-768x1086.png 768w, https:\/\/agora.xtec.cat\/cfabergueda\/wp-content\/uploads\/usu1406\/2026\/03\/Cartell-Dia-de-la-Dona-CFA-Bergueda-1086x1536.png 1086w, https:\/\/agora.xtec.cat\/cfabergueda\/wp-content\/uploads\/usu1406\/2026\/03\/Cartell-Dia-de-la-Dona-CFA-Bergueda-1448x2048.png 1448w, https:\/\/agora.xtec.cat\/cfabergueda\/wp-content\/uploads\/usu1406\/2026\/03\/Cartell-Dia-de-la-Dona-CFA-Bergueda.png 1587w\" sizes=\"auto, (max-width: 103px) 100vw, 103px\" \/><\/a><\/p>\n<p>Amb motiu del Dia Internacional de les Dones, al CFA Bergued\u00e0 hem organitzat diverses activitats.<\/p>\n<p>El dilluns 9 de mar\u00e7, encara que sigui un dia despr\u00e9s de l\u2019efem\u00e8ride, hem pogut comptar amb la Maria Orriols, que ens ha ofert la xerrada Remei duu nom de dona.<a href=\"https:\/\/agora.xtec.cat\/cfabergueda\/wp-content\/uploads\/usu1406\/2026\/03\/1773220137014.jpg\"><img loading=\"lazy\" decoding=\"async\" class=\"size-medium wp-image-2350 alignleft\" src=\"https:\/\/agora.xtec.cat\/cfabergueda\/wp-content\/uploads\/usu1406\/2026\/03\/1773220137014-300x225.jpg\" alt=\"\" width=\"300\" height=\"225\" srcset=\"https:\/\/agora.xtec.cat\/cfabergueda\/wp-content\/uploads\/usu1406\/2026\/03\/1773220137014-300x225.jpg 300w, https:\/\/agora.xtec.cat\/cfabergueda\/wp-content\/uploads\/usu1406\/2026\/03\/1773220137014-1024x768.jpg 1024w, https:\/\/agora.xtec.cat\/cfabergueda\/wp-content\/uploads\/usu1406\/2026\/03\/1773220137014-768x576.jpg 768w, https:\/\/agora.xtec.cat\/cfabergueda\/wp-content\/uploads\/usu1406\/2026\/03\/1773220137014-1536x1152.jpg 1536w, https:\/\/agora.xtec.cat\/cfabergueda\/wp-content\/uploads\/usu1406\/2026\/03\/1773220137014.jpg 2048w\" sizes=\"auto, (max-width: 300px) 100vw, 300px\" \/><\/a><\/p>\n<p>La Maria Orriols, etnobot\u00e0nica del Bergued\u00e0, ha compartit amb nosaltres la seva recerca sobre el valu\u00f3s saber de les plantes remeieres, passat tradicionalment de mares a filles, per\u00f2 que malauradament s\u2019est\u00e0 perdent. Ens ha transportat a un m\u00f3n d\u2019abans, on comunitats a\u00efllades que vivien amb ben poc depenien d\u2019aquest saber per poder fer front a malalties i infeccions. Eren les dones les qui l\u2019atresoraven i el passaven de generaci\u00f3 a generaci\u00f3, tamb\u00e9 eren les dones les qui en feien farcells, ung\u00fcents o olis, tamb\u00e9 eren les dones (les anomenades trementinaires) les qui anaven pel m\u00f3n a vendre aquests productes per poder complementar els magres ingressos de l\u2019activitat agroramadera i forestal a les valls pirinenques. El nostre m\u00f3n ja no t\u00e9 res a veure amb el seu, per\u00f2 farem b\u00e9 si preservem els coneixements d\u2019aquelles dones s\u00e0vies.<\/p>\n<p>Moltes gr\u00e0cies Maria! Hem gaudit i apr\u00e8s molt!<\/p>\n","protected":false},"excerpt":{"rendered":"<p>Amb motiu del Dia Internacional de les Dones, al CFA Bergued\u00e0 hem organitzat diverses activitats. El dilluns 9 de mar\u00e7, encara que sigui un dia despr\u00e9s de l\u2019efem\u00e8ride, hem pogut comptar amb la Maria Orriols, que ens ha ofert la xerrada Remei duu nom de dona. La Maria Orriols, etnobot\u00e0nica del Bergued\u00e0, ha compartit amb [&hellip;]<\/p>\n","protected":false},"author":1,"featured_media":2350,"comment_status":"closed","ping_status":"open","sticky":false,"template":"","format":"standard","meta":{"_bbp_topic_count":0,"_bbp_reply_count":0,"_bbp_total_topic_count":0,"_bbp_total_reply_count":0,"_bbp_voice_count":0,"_bbp_anonymous_reply_count":0,"_bbp_topic_count_hidden":0,"_bbp_reply_count_hidden":0,"_bbp_forum_subforum_count":0,"site-sidebar-layout":"default","site-content-layout":"","ast-site-content-layout":"default","site-content-style":"default","site-sidebar-style":"default","ast-global-header-display":"","ast-banner-title-visibility":"","ast-main-header-display":"","ast-hfb-above-header-display":"","ast-hfb-below-header-display":"","ast-hfb-mobile-header-display":"","site-post-title":"","ast-breadcrumbs-content":"","ast-featured-img":"","footer-sml-layout":"","theme-transparent-header-meta":"default","adv-header-id-meta":"","stick-header-meta":"","header-above-stick-meta":"","header-main-stick-meta":"","header-below-stick-meta":"","astra-migrate-meta-layouts":"set","ast-page-background-enabled":"default","ast-page-background-meta":{"desktop":{"background-color":"var(--ast-global-color-4)","background-image":"","background-repeat":"repeat","background-position":"center center","background-size":"auto","background-attachment":"scroll","background-type":"","background-media":"","overlay-type":"","overlay-color":"","overlay-opacity":"","overlay-gradient":""},"tablet":{"background-color":"","background-image":"","background-repeat":"repeat","background-position":"center center","background-size":"auto","background-attachment":"scroll","background-type":"","background-media":"","overlay-type":"","overlay-color":"","overlay-opacity":"","overlay-gradient":""},"mobile":{"background-color":"","background-image":"","background-repeat":"repeat","background-position":"center center","background-size":"auto","background-attachment":"scroll","background-type":"","background-media":"","overlay-type":"","overlay-color":"","overlay-opacity":"","overlay-gradient":""}},"ast-content-background-meta":{"desktop":{"background-color":"var(--ast-global-color-5)","background-image":"","background-repeat":"repeat","background-position":"center center","background-size":"auto","background-attachment":"scroll","background-type":"","background-media":"","overlay-type":"","overlay-color":"","overlay-opacity":"","overlay-gradient":""},"tablet":{"background-color":"var(--ast-global-color-5)","background-image":"","background-repeat":"repeat","background-position":"center center","background-size":"auto","background-attachment":"scroll","background-type":"","background-media":"","overlay-type":"","overlay-color":"","overlay-opacity":"","overlay-gradient":""},"mobile":{"background-color":"var(--ast-global-color-5)","background-image":"","background-repeat":"repeat","background-position":"center center","background-size":"auto","background-attachment":"scroll","background-type":"","background-media":"","overlay-type":"","overlay-color":"","overlay-opacity":"","overlay-gradient":""}},"footnotes":""},"categories":[1,29],"tags":[],"class_list":["post-2349","post","type-post","status-publish","format-standard","has-post-thumbnail","hentry","category-general","category-portada"],"post_mailing_queue_ids":[],"_links":{"self":[{"href":"https:\/\/agora.xtec.cat\/cfabergueda\/wp-json\/wp\/v2\/posts\/2349","targetHints":{"allow":["GET"]}}],"collection":[{"href":"https:\/\/agora.xtec.cat\/cfabergueda\/wp-json\/wp\/v2\/posts"}],"about":[{"href":"https:\/\/agora.xtec.cat\/cfabergueda\/wp-json\/wp\/v2\/types\/post"}],"author":[{"embeddable":true,"href":"https:\/\/agora.xtec.cat\/cfabergueda\/wp-json\/wp\/v2\/users\/1"}],"replies":[{"embeddable":true,"href":"https:\/\/agora.xtec.cat\/cfabergueda\/wp-json\/wp\/v2\/comments?post=2349"}],"version-history":[{"count":1,"href":"https:\/\/agora.xtec.cat\/cfabergueda\/wp-json\/wp\/v2\/posts\/2349\/revisions"}],"predecessor-version":[{"id":2352,"href":"https:\/\/agora.xtec.cat\/cfabergueda\/wp-json\/wp\/v2\/posts\/2349\/revisions\/2352"}],"wp:featuredmedia":[{"embeddable":true,"href":"https:\/\/agora.xtec.cat\/cfabergueda\/wp-json\/wp\/v2\/media\/2350"}],"wp:attachment":[{"href":"https:\/\/agora.xtec.cat\/cfabergueda\/wp-json\/wp\/v2\/media?parent=2349"}],"wp:term":[{"taxonomy":"category","embeddable":true,"href":"https:\/\/agora.xtec.cat\/cfabergueda\/wp-json\/wp\/v2\/categories?post=2349"},{"taxonomy":"post_tag","embeddable":true,"href":"https:\/\/agora.xtec.cat\/cfabergueda\/wp-json\/wp\/v2\/tags?post=2349"}],"curies":[{"name":"wp","href":"https:\/\/api.w.org\/{rel}","templated":true}]}}