{"id":2344,"date":"2026-03-10T16:38:59","date_gmt":"2026-03-10T15:38:59","guid":{"rendered":"https:\/\/agora.xtec.cat\/cfabergueda\/?p=2344"},"modified":"2026-03-11T09:59:57","modified_gmt":"2026-03-11T08:59:57","slug":"coneixem-berga-i-emboscades-dones-i-boscexposicio","status":"publish","type":"post","link":"https:\/\/agora.xtec.cat\/cfabergueda\/general\/coneixem-berga-i-emboscades-dones-i-boscexposicio\/","title":{"rendered":"Coneixem Berga i Emboscades. Dones i Bosc(exposici\u00f3)"},"content":{"rendered":"<p>El passat dijous 5 de mar\u00e7, vam visitar l&#8217;exposici\u00f3 <a href=\"https:\/\/www.ajberga.cat\/actualitat\/agenda\/8m-exposicio-emboscades-dones-i-bosc-\">Emboscades. Dones i bosc<\/a>\u00a0al Pavell\u00f3 de Su\u00e8cia que pret\u00e9n visibilitzar el paper de les dones en l\u2019\u00e0mbit forestal i posa el focus en la necessitat de gestionar i conservar els boscos. Va ser molt interessant, ja que vam descobrir\u00a0 aspectes sobre la dona que desconeix\u00edem (dones que cacen, que pesquen, que\u00a0 talen\u00a0 arbres&#8230;) i ens va agradar molt que les noves\u00a0 generacions de dones vulguin continuar la tradici\u00f3 de les dones de la fam\u00edlia.\u00a0 <a href=\"https:\/\/agora.xtec.cat\/cfabergueda\/wp-content\/uploads\/usu1406\/2026\/03\/PXL_20260305_144223786-scaled.jpg\"><img loading=\"lazy\" decoding=\"async\" class=\"aligncenter size-medium wp-image-2345\" src=\"https:\/\/agora.xtec.cat\/cfabergueda\/wp-content\/uploads\/usu1406\/2026\/03\/PXL_20260305_144223786-300x149.jpg\" alt=\"\" width=\"300\" height=\"149\" srcset=\"https:\/\/agora.xtec.cat\/cfabergueda\/wp-content\/uploads\/usu1406\/2026\/03\/PXL_20260305_144223786-300x149.jpg 300w, https:\/\/agora.xtec.cat\/cfabergueda\/wp-content\/uploads\/usu1406\/2026\/03\/PXL_20260305_144223786-1024x508.jpg 1024w, https:\/\/agora.xtec.cat\/cfabergueda\/wp-content\/uploads\/usu1406\/2026\/03\/PXL_20260305_144223786-768x381.jpg 768w, https:\/\/agora.xtec.cat\/cfabergueda\/wp-content\/uploads\/usu1406\/2026\/03\/PXL_20260305_144223786-1536x762.jpg 1536w, https:\/\/agora.xtec.cat\/cfabergueda\/wp-content\/uploads\/usu1406\/2026\/03\/PXL_20260305_144223786-2048x1016.jpg 2048w\" sizes=\"auto, (max-width: 300px) 100vw, 300px\" \/><\/a><\/p>\n<p>Un cop vista l&#8217;exposici\u00f3, hav\u00edem de fer una visita guiada per con\u00e8ixer la nostra ciutat amb el Toni Gol, per\u00f2 el dia era pluj\u00f3s i vam decidir quedar-nos al Pavell\u00f3 de Su\u00e8cia. Vam escoltar les explicacions del Toni i les aportacions del Ramon de COMPETIC sobre els or\u00edgens i l&#8217;evoluci\u00f3 de la nostra ciutat. L&#8217;estona va passar sense adonar-nos-en i ens vam quedar amb ganes de saber m\u00e9s coses de Berga i els seus or\u00edgens.<\/p>\n<p><a href=\"https:\/\/agora.xtec.cat\/cfabergueda\/wp-content\/uploads\/usu1406\/2026\/03\/PXL_20260305_155320275-scaled.jpg\"><img loading=\"lazy\" decoding=\"async\" class=\"aligncenter size-medium wp-image-2347\" src=\"https:\/\/agora.xtec.cat\/cfabergueda\/wp-content\/uploads\/usu1406\/2026\/03\/PXL_20260305_155320275-300x157.jpg\" alt=\"\" width=\"300\" height=\"157\" srcset=\"https:\/\/agora.xtec.cat\/cfabergueda\/wp-content\/uploads\/usu1406\/2026\/03\/PXL_20260305_155320275-300x157.jpg 300w, https:\/\/agora.xtec.cat\/cfabergueda\/wp-content\/uploads\/usu1406\/2026\/03\/PXL_20260305_155320275-1024x534.jpg 1024w, https:\/\/agora.xtec.cat\/cfabergueda\/wp-content\/uploads\/usu1406\/2026\/03\/PXL_20260305_155320275-768x401.jpg 768w, https:\/\/agora.xtec.cat\/cfabergueda\/wp-content\/uploads\/usu1406\/2026\/03\/PXL_20260305_155320275-1536x801.jpg 1536w, https:\/\/agora.xtec.cat\/cfabergueda\/wp-content\/uploads\/usu1406\/2026\/03\/PXL_20260305_155320275-2048x1068.jpg 2048w\" sizes=\"auto, (max-width: 300px) 100vw, 300px\" \/><\/a><\/p>\n","protected":false},"excerpt":{"rendered":"<p>El passat dijous 5 de mar\u00e7, vam visitar l&#8217;exposici\u00f3 Emboscades. Dones i bosc\u00a0al Pavell\u00f3 de Su\u00e8cia que pret\u00e9n visibilitzar el paper de les dones en l\u2019\u00e0mbit forestal i posa el focus en la necessitat de gestionar i conservar els boscos. Va ser molt interessant, ja que vam descobrir\u00a0 aspectes sobre la dona que desconeix\u00edem (dones [&hellip;]<\/p>\n","protected":false},"author":1,"featured_media":2347,"comment_status":"closed","ping_status":"open","sticky":false,"template":"","format":"standard","meta":{"_bbp_topic_count":0,"_bbp_reply_count":0,"_bbp_total_topic_count":0,"_bbp_total_reply_count":0,"_bbp_voice_count":0,"_bbp_anonymous_reply_count":0,"_bbp_topic_count_hidden":0,"_bbp_reply_count_hidden":0,"_bbp_forum_subforum_count":0,"site-sidebar-layout":"default","site-content-layout":"","ast-site-content-layout":"default","site-content-style":"default","site-sidebar-style":"default","ast-global-header-display":"","ast-banner-title-visibility":"","ast-main-header-display":"","ast-hfb-above-header-display":"","ast-hfb-below-header-display":"","ast-hfb-mobile-header-display":"","site-post-title":"","ast-breadcrumbs-content":"","ast-featured-img":"","footer-sml-layout":"","theme-transparent-header-meta":"default","adv-header-id-meta":"","stick-header-meta":"","header-above-stick-meta":"","header-main-stick-meta":"","header-below-stick-meta":"","astra-migrate-meta-layouts":"set","ast-page-background-enabled":"default","ast-page-background-meta":{"desktop":{"background-color":"var(--ast-global-color-4)","background-image":"","background-repeat":"repeat","background-position":"center center","background-size":"auto","background-attachment":"scroll","background-type":"","background-media":"","overlay-type":"","overlay-color":"","overlay-opacity":"","overlay-gradient":""},"tablet":{"background-color":"","background-image":"","background-repeat":"repeat","background-position":"center center","background-size":"auto","background-attachment":"scroll","background-type":"","background-media":"","overlay-type":"","overlay-color":"","overlay-opacity":"","overlay-gradient":""},"mobile":{"background-color":"","background-image":"","background-repeat":"repeat","background-position":"center center","background-size":"auto","background-attachment":"scroll","background-type":"","background-media":"","overlay-type":"","overlay-color":"","overlay-opacity":"","overlay-gradient":""}},"ast-content-background-meta":{"desktop":{"background-color":"var(--ast-global-color-5)","background-image":"","background-repeat":"repeat","background-position":"center center","background-size":"auto","background-attachment":"scroll","background-type":"","background-media":"","overlay-type":"","overlay-color":"","overlay-opacity":"","overlay-gradient":""},"tablet":{"background-color":"var(--ast-global-color-5)","background-image":"","background-repeat":"repeat","background-position":"center center","background-size":"auto","background-attachment":"scroll","background-type":"","background-media":"","overlay-type":"","overlay-color":"","overlay-opacity":"","overlay-gradient":""},"mobile":{"background-color":"var(--ast-global-color-5)","background-image":"","background-repeat":"repeat","background-position":"center center","background-size":"auto","background-attachment":"scroll","background-type":"","background-media":"","overlay-type":"","overlay-color":"","overlay-opacity":"","overlay-gradient":""}},"footnotes":""},"categories":[1,29],"tags":[],"class_list":["post-2344","post","type-post","status-publish","format-standard","has-post-thumbnail","hentry","category-general","category-portada"],"post_mailing_queue_ids":[],"_links":{"self":[{"href":"https:\/\/agora.xtec.cat\/cfabergueda\/wp-json\/wp\/v2\/posts\/2344","targetHints":{"allow":["GET"]}}],"collection":[{"href":"https:\/\/agora.xtec.cat\/cfabergueda\/wp-json\/wp\/v2\/posts"}],"about":[{"href":"https:\/\/agora.xtec.cat\/cfabergueda\/wp-json\/wp\/v2\/types\/post"}],"author":[{"embeddable":true,"href":"https:\/\/agora.xtec.cat\/cfabergueda\/wp-json\/wp\/v2\/users\/1"}],"replies":[{"embeddable":true,"href":"https:\/\/agora.xtec.cat\/cfabergueda\/wp-json\/wp\/v2\/comments?post=2344"}],"version-history":[{"count":2,"href":"https:\/\/agora.xtec.cat\/cfabergueda\/wp-json\/wp\/v2\/posts\/2344\/revisions"}],"predecessor-version":[{"id":2348,"href":"https:\/\/agora.xtec.cat\/cfabergueda\/wp-json\/wp\/v2\/posts\/2344\/revisions\/2348"}],"wp:featuredmedia":[{"embeddable":true,"href":"https:\/\/agora.xtec.cat\/cfabergueda\/wp-json\/wp\/v2\/media\/2347"}],"wp:attachment":[{"href":"https:\/\/agora.xtec.cat\/cfabergueda\/wp-json\/wp\/v2\/media?parent=2344"}],"wp:term":[{"taxonomy":"category","embeddable":true,"href":"https:\/\/agora.xtec.cat\/cfabergueda\/wp-json\/wp\/v2\/categories?post=2344"},{"taxonomy":"post_tag","embeddable":true,"href":"https:\/\/agora.xtec.cat\/cfabergueda\/wp-json\/wp\/v2\/tags?post=2344"}],"curies":[{"name":"wp","href":"https:\/\/api.w.org\/{rel}","templated":true}]}}