{"id":2931,"date":"2026-09-03T22:29:48","date_gmt":"2026-09-03T20:29:48","guid":{"rendered":"https:\/\/agora.xtec.cat\/cfabalaguer\/?p=2931"},"modified":"2026-09-03T22:32:53","modified_gmt":"2026-09-03T20:32:53","slug":"joranda-dacollida-al-nou-estudiantat","status":"publish","type":"post","link":"https:\/\/agora.xtec.cat\/cfabalaguer\/general\/joranda-dacollida-al-nou-estudiantat\/","title":{"rendered":"Jornada d&#8217;acollida al nou estudiantat (14 de setembre de 2026)"},"content":{"rendered":"<p>Aquesta jornada s\u2019adre\u00e7a al nou estudiantat per tal de facilitar el suport necessari a l\u2019inici de la seua entrada a l&#8217;Escola d&#8217;adults de Balaguer.<\/p>\n<p><strong>Programa d&#8217;Acollida<\/strong><\/p>\n<div>Per tal d&#8217;aconseguir una bona adaptaci\u00f3 de l&#8217;estudiantat de nou ingr\u00e9s al CFA Balaguer, a cadascun dels enseyaments es dissenyen un seguit d&#8217;accions informatives que es porten a terme durant la jornada d&#8217;acollida.<\/div>\n<div><\/div>\n<p>L&#8217;objectiu de la Jornada d\u2019Acollida \u00e9s presentar als estudiants la pr\u00f2pia estructura del centre, els plans d\u2019estudis i les tutories, aix\u00ed com els principals recursos que es posen al seu abast: l\u2019acc\u00e9s i \u00fas de les eines per treballar al Moodle, l\u2019acc\u00e9s als fons bibliogr\u00e0fics i la possibilitat de formar-se en idiomes i assolir l&#8217;acreditaci\u00f3 ling\u00fc\u00edstica, entre altres.<\/p>\n<header>\n<h2 class=\"title\">Recursos al teu abast<\/h2>\n<\/header>\n<div class=\"description\">\n<p>1. Per poder utilitzar tots els recursos que el CFA Balaguer posa al teu abast \u00e9s<strong> imprescindible haver fet la matr\u00edcula<\/strong> i tenir un compte de correu actiu.<\/p>\n<div>\n<div>\u00a02. Un cop matriculat\/-da, podr\u00e0s accedir als diferents recursos que el CFA posa al teu abast. Entre d&#8217;altres et recomanem:<\/div>\n<ul>\n<li><strong><a href=\"https:\/\/cfabalaguer.heura.gestioeducativa.gencat.cat\/\" target=\"_blank\" rel=\"noopener\">Biblioteca del centre<\/a><\/strong><\/li>\n<li><a href=\"https:\/\/sites.google.com\/view\/associacidamicscfabalaguer\/\" target=\"_blank\" rel=\"noopener\"><strong>Associaci\u00f3 d&#8217;Amics del CFA Balaguer<\/strong><\/a><\/li>\n<li><strong>Aplicacions virtualitzades (<a class=\"x_x_moz-txt-link-freetext x_moz-txt-link-freetext\" href=\"https:\/\/educaciodigital.cat\/cfabalaguer\/moodle\/\" target=\"_blank\" rel=\"noopener noreferrer\" data-auth=\"NotApplicable\" data-linkindex=\"3\">https:\/\/educaciodigital.cat\/cfabalaguer\/moodle<\/a>)<br \/>\n<\/strong><\/li>\n<\/ul>\n<p>3. Totes les comunicacions del CFA (docents, secretaria&#8230;) es faran a trav\u00e9s del correu c5008561@xtec.cat.<\/p>\n<div>\u00a0<span style=\"font-size: 16px;\">4. Recomanacions:<\/span><\/div>\n<\/div>\n<ul>\n<li>Accedeix a la web del <a href=\"https:\/\/agora.xtec.cat\/cfabalaguer\" target=\"_blank\" rel=\"noopener\">centre<\/a>, hi\u00a0trobar\u00e0s tota la informaci\u00f3 que et pot ser d&#8217;utilitat.<\/li>\n<li>Visita la p\u00e0gina web de l&#8217;<a href=\"https:\/\/sites.google.com\/view\/associacidamicscfabalaguer\/\" target=\"_blank\" rel=\"noopener\"><strong>Associaci\u00f3 d&#8217;Amics del centre.<\/strong><\/a><\/li>\n<\/ul>\n<\/div>\n<div><strong>Programa de la Jornada d&#8217;Acollida<\/strong><\/div>\n<div>9:30h \u2013 10:30 h (Aula 2)<br \/>\nBenvinguda del Director, Joan Ramon Giribet<br \/>\nInformacions de l\u2019equip directiu<br \/>\nInformacions sobre els cursos de preparaci\u00f3 per a les proves d&#8217;acc\u00e9s a FP<\/div>\n<div>11h \u2013 12h (Aula Inform\u00e0tica) Competic<br \/>\n11h \u2013 12h (Aula 1) Cursos d&#8217;angl\u00e8s<br \/>\n11h \u2013 12h (Aula 2) Cursos de castell\u00e0 i catal\u00e0<\/div>\n","protected":false},"excerpt":{"rendered":"<p>Aquesta jornada s\u2019adre\u00e7a al nou estudiantat per tal de facilitar el suport necessari a l\u2019inici de la seua entrada a l&#8217;Escola d&#8217;adults de Balaguer. Programa d&#8217;Acollida Per tal d&#8217;aconseguir una bona adaptaci\u00f3 de l&#8217;estudiantat de nou ingr\u00e9s al CFA Balaguer, a cadascun dels enseyaments es dissenyen un seguit d&#8217;accions informatives que es porten a terme [&hellip;]<\/p>\n","protected":false},"author":1,"featured_media":0,"comment_status":"open","ping_status":"open","sticky":false,"template":"","format":"standard","meta":{"_bbp_topic_count":0,"_bbp_reply_count":0,"_bbp_total_topic_count":0,"_bbp_total_reply_count":0,"_bbp_voice_count":0,"_bbp_anonymous_reply_count":0,"_bbp_topic_count_hidden":0,"_bbp_reply_count_hidden":0,"_bbp_forum_subforum_count":0,"site-sidebar-layout":"default","site-content-layout":"","ast-site-content-layout":"default","site-content-style":"default","site-sidebar-style":"default","ast-global-header-display":"","ast-banner-title-visibility":"","ast-main-header-display":"","ast-hfb-above-header-display":"","ast-hfb-below-header-display":"","ast-hfb-mobile-header-display":"","site-post-title":"","ast-breadcrumbs-content":"","ast-featured-img":"","footer-sml-layout":"","theme-transparent-header-meta":"default","adv-header-id-meta":"","stick-header-meta":"","header-above-stick-meta":"","header-main-stick-meta":"","header-below-stick-meta":"","astra-migrate-meta-layouts":"set","ast-page-background-enabled":"default","ast-page-background-meta":{"desktop":{"background-color":"var(--ast-global-color-4)","background-image":"","background-repeat":"repeat","background-position":"center center","background-size":"auto","background-attachment":"scroll","background-type":"","background-media":"","overlay-type":"","overlay-color":"","overlay-opacity":"","overlay-gradient":""},"tablet":{"background-color":"","background-image":"","background-repeat":"repeat","background-position":"center center","background-size":"auto","background-attachment":"scroll","background-type":"","background-media":"","overlay-type":"","overlay-color":"","overlay-opacity":"","overlay-gradient":""},"mobile":{"background-color":"","background-image":"","background-repeat":"repeat","background-position":"center center","background-size":"auto","background-attachment":"scroll","background-type":"","background-media":"","overlay-type":"","overlay-color":"","overlay-opacity":"","overlay-gradient":""}},"ast-content-background-meta":{"desktop":{"background-color":"var(--ast-global-color-5)","background-image":"","background-repeat":"repeat","background-position":"center center","background-size":"auto","background-attachment":"scroll","background-type":"","background-media":"","overlay-type":"","overlay-color":"","overlay-opacity":"","overlay-gradient":""},"tablet":{"background-color":"var(--ast-global-color-5)","background-image":"","background-repeat":"repeat","background-position":"center center","background-size":"auto","background-attachment":"scroll","background-type":"","background-media":"","overlay-type":"","overlay-color":"","overlay-opacity":"","overlay-gradient":""},"mobile":{"background-color":"var(--ast-global-color-5)","background-image":"","background-repeat":"repeat","background-position":"center center","background-size":"auto","background-attachment":"scroll","background-type":"","background-media":"","overlay-type":"","overlay-color":"","overlay-opacity":"","overlay-gradient":""}},"footnotes":""},"categories":[1,29],"tags":[],"class_list":["post-2931","post","type-post","status-publish","format-standard","hentry","category-general","category-portada"],"post_mailing_queue_ids":[],"_links":{"self":[{"href":"https:\/\/agora.xtec.cat\/cfabalaguer\/wp-json\/wp\/v2\/posts\/2931","targetHints":{"allow":["GET"]}}],"collection":[{"href":"https:\/\/agora.xtec.cat\/cfabalaguer\/wp-json\/wp\/v2\/posts"}],"about":[{"href":"https:\/\/agora.xtec.cat\/cfabalaguer\/wp-json\/wp\/v2\/types\/post"}],"author":[{"embeddable":true,"href":"https:\/\/agora.xtec.cat\/cfabalaguer\/wp-json\/wp\/v2\/users\/1"}],"replies":[{"embeddable":true,"href":"https:\/\/agora.xtec.cat\/cfabalaguer\/wp-json\/wp\/v2\/comments?post=2931"}],"version-history":[{"count":2,"href":"https:\/\/agora.xtec.cat\/cfabalaguer\/wp-json\/wp\/v2\/posts\/2931\/revisions"}],"predecessor-version":[{"id":2933,"href":"https:\/\/agora.xtec.cat\/cfabalaguer\/wp-json\/wp\/v2\/posts\/2931\/revisions\/2933"}],"wp:attachment":[{"href":"https:\/\/agora.xtec.cat\/cfabalaguer\/wp-json\/wp\/v2\/media?parent=2931"}],"wp:term":[{"taxonomy":"category","embeddable":true,"href":"https:\/\/agora.xtec.cat\/cfabalaguer\/wp-json\/wp\/v2\/categories?post=2931"},{"taxonomy":"post_tag","embeddable":true,"href":"https:\/\/agora.xtec.cat\/cfabalaguer\/wp-json\/wp\/v2\/tags?post=2931"}],"curies":[{"name":"wp","href":"https:\/\/api.w.org\/{rel}","templated":true}]}}