{"id":2830,"date":"2026-04-09T18:25:03","date_gmt":"2026-04-09T16:25:03","guid":{"rendered":"https:\/\/agora.xtec.cat\/cfabalaguer\/?p=2830"},"modified":"2026-04-09T18:25:03","modified_gmt":"2026-04-09T16:25:03","slug":"tertulia-literaria-sobre-com-escriure-una-novella-negra","status":"publish","type":"post","link":"https:\/\/agora.xtec.cat\/cfabalaguer\/general\/tertulia-literaria-sobre-com-escriure-una-novella-negra\/","title":{"rendered":"Tert\u00falia liter\u00e0ria sobre com escriure una novel\u00b7la negra"},"content":{"rendered":"<p>L&#8217;intercanvi de llibres de la vig\u00edlia de Sant Jordi, el proper 22 d&#8217;abril, comptar\u00e0 amb una cloenda cultural consistent en una tert\u00falia liter\u00e0ria oberta a tothom, a l&#8217;aula 2.<\/p>\n<p>L&#8217;acte comptar\u00e0 amb la pres\u00e8ncia de quatre escriptors de novel\u00b7la negra de les terres de Lleida: Joan Biscarri, Fidel Le\u00f3n, David Marin i Joan Vicent Sampedro, que actuar\u00e0 de moderador, organitzador de l&#8217;acte i coordinador del Club de Lectura de l&#8217;associaci\u00f3 del centre.<\/p>\n<p>Ser\u00e0 una taula rodona for\u00e7a original en la que us podeu emportar un llibre signat i dedicat per l&#8217;autor. No us ho perdeu!<\/p>\n<p style=\"text-align: center;\"><a href=\"https:\/\/agora.xtec.cat\/cfabalaguer\/wp-content\/uploads\/usu748\/2026\/04\/Tertulia.jpg\"><img loading=\"lazy\" decoding=\"async\" class=\"alignnone wp-image-2831 size-large\" src=\"https:\/\/agora.xtec.cat\/cfabalaguer\/wp-content\/uploads\/usu748\/2026\/04\/Tertulia-724x1024.jpg\" alt=\"\" width=\"724\" height=\"1024\" srcset=\"https:\/\/agora.xtec.cat\/cfabalaguer\/wp-content\/uploads\/usu748\/2026\/04\/Tertulia-724x1024.jpg 724w, https:\/\/agora.xtec.cat\/cfabalaguer\/wp-content\/uploads\/usu748\/2026\/04\/Tertulia-212x300.jpg 212w, https:\/\/agora.xtec.cat\/cfabalaguer\/wp-content\/uploads\/usu748\/2026\/04\/Tertulia-768x1086.jpg 768w, https:\/\/agora.xtec.cat\/cfabalaguer\/wp-content\/uploads\/usu748\/2026\/04\/Tertulia-1086x1536.jpg 1086w, https:\/\/agora.xtec.cat\/cfabalaguer\/wp-content\/uploads\/usu748\/2026\/04\/Tertulia.jpg 1131w\" sizes=\"auto, (max-width: 724px) 100vw, 724px\" \/><\/a><\/p>\n","protected":false},"excerpt":{"rendered":"<p>L&#8217;intercanvi de llibres de la vig\u00edlia de Sant Jordi, el proper 22 d&#8217;abril, comptar\u00e0 amb una cloenda cultural consistent en una tert\u00falia liter\u00e0ria oberta a tothom, a l&#8217;aula 2. L&#8217;acte comptar\u00e0 amb la pres\u00e8ncia de quatre escriptors de novel\u00b7la negra de les terres de Lleida: Joan Biscarri, Fidel Le\u00f3n, David Marin i Joan Vicent Sampedro, [&hellip;]<\/p>\n","protected":false},"author":1,"featured_media":2831,"comment_status":"open","ping_status":"open","sticky":false,"template":"","format":"standard","meta":{"_bbp_topic_count":0,"_bbp_reply_count":0,"_bbp_total_topic_count":0,"_bbp_total_reply_count":0,"_bbp_voice_count":0,"_bbp_anonymous_reply_count":0,"_bbp_topic_count_hidden":0,"_bbp_reply_count_hidden":0,"_bbp_forum_subforum_count":0,"site-sidebar-layout":"default","site-content-layout":"","ast-site-content-layout":"default","site-content-style":"default","site-sidebar-style":"default","ast-global-header-display":"","ast-banner-title-visibility":"","ast-main-header-display":"","ast-hfb-above-header-display":"","ast-hfb-below-header-display":"","ast-hfb-mobile-header-display":"","site-post-title":"","ast-breadcrumbs-content":"","ast-featured-img":"","footer-sml-layout":"","theme-transparent-header-meta":"default","adv-header-id-meta":"","stick-header-meta":"","header-above-stick-meta":"","header-main-stick-meta":"","header-below-stick-meta":"","astra-migrate-meta-layouts":"set","ast-page-background-enabled":"default","ast-page-background-meta":{"desktop":{"background-color":"var(--ast-global-color-4)","background-image":"","background-repeat":"repeat","background-position":"center center","background-size":"auto","background-attachment":"scroll","background-type":"","background-media":"","overlay-type":"","overlay-color":"","overlay-opacity":"","overlay-gradient":""},"tablet":{"background-color":"","background-image":"","background-repeat":"repeat","background-position":"center center","background-size":"auto","background-attachment":"scroll","background-type":"","background-media":"","overlay-type":"","overlay-color":"","overlay-opacity":"","overlay-gradient":""},"mobile":{"background-color":"","background-image":"","background-repeat":"repeat","background-position":"center center","background-size":"auto","background-attachment":"scroll","background-type":"","background-media":"","overlay-type":"","overlay-color":"","overlay-opacity":"","overlay-gradient":""}},"ast-content-background-meta":{"desktop":{"background-color":"var(--ast-global-color-5)","background-image":"","background-repeat":"repeat","background-position":"center center","background-size":"auto","background-attachment":"scroll","background-type":"","background-media":"","overlay-type":"","overlay-color":"","overlay-opacity":"","overlay-gradient":""},"tablet":{"background-color":"var(--ast-global-color-5)","background-image":"","background-repeat":"repeat","background-position":"center center","background-size":"auto","background-attachment":"scroll","background-type":"","background-media":"","overlay-type":"","overlay-color":"","overlay-opacity":"","overlay-gradient":""},"mobile":{"background-color":"var(--ast-global-color-5)","background-image":"","background-repeat":"repeat","background-position":"center center","background-size":"auto","background-attachment":"scroll","background-type":"","background-media":"","overlay-type":"","overlay-color":"","overlay-opacity":"","overlay-gradient":""}},"footnotes":""},"categories":[1,29],"tags":[],"class_list":["post-2830","post","type-post","status-publish","format-standard","has-post-thumbnail","hentry","category-general","category-portada"],"post_mailing_queue_ids":[],"_links":{"self":[{"href":"https:\/\/agora.xtec.cat\/cfabalaguer\/wp-json\/wp\/v2\/posts\/2830","targetHints":{"allow":["GET"]}}],"collection":[{"href":"https:\/\/agora.xtec.cat\/cfabalaguer\/wp-json\/wp\/v2\/posts"}],"about":[{"href":"https:\/\/agora.xtec.cat\/cfabalaguer\/wp-json\/wp\/v2\/types\/post"}],"author":[{"embeddable":true,"href":"https:\/\/agora.xtec.cat\/cfabalaguer\/wp-json\/wp\/v2\/users\/1"}],"replies":[{"embeddable":true,"href":"https:\/\/agora.xtec.cat\/cfabalaguer\/wp-json\/wp\/v2\/comments?post=2830"}],"version-history":[{"count":1,"href":"https:\/\/agora.xtec.cat\/cfabalaguer\/wp-json\/wp\/v2\/posts\/2830\/revisions"}],"predecessor-version":[{"id":2832,"href":"https:\/\/agora.xtec.cat\/cfabalaguer\/wp-json\/wp\/v2\/posts\/2830\/revisions\/2832"}],"wp:featuredmedia":[{"embeddable":true,"href":"https:\/\/agora.xtec.cat\/cfabalaguer\/wp-json\/wp\/v2\/media\/2831"}],"wp:attachment":[{"href":"https:\/\/agora.xtec.cat\/cfabalaguer\/wp-json\/wp\/v2\/media?parent=2830"}],"wp:term":[{"taxonomy":"category","embeddable":true,"href":"https:\/\/agora.xtec.cat\/cfabalaguer\/wp-json\/wp\/v2\/categories?post=2830"},{"taxonomy":"post_tag","embeddable":true,"href":"https:\/\/agora.xtec.cat\/cfabalaguer\/wp-json\/wp\/v2\/tags?post=2830"}],"curies":[{"name":"wp","href":"https:\/\/api.w.org\/{rel}","templated":true}]}}