{"id":2646,"date":"2025-10-28T09:35:34","date_gmt":"2025-10-28T08:35:34","guid":{"rendered":"https:\/\/agora.xtec.cat\/cfabalaguer\/?p=2646"},"modified":"2025-10-30T18:31:13","modified_gmt":"2025-10-30T17:31:13","slug":"eleccions-al-consell-escolar-del-17-al-21-de-novembre","status":"publish","type":"post","link":"https:\/\/agora.xtec.cat\/cfabalaguer\/general\/eleccions-al-consell-escolar-del-17-al-21-de-novembre\/","title":{"rendered":"Eleccions al Consell Escolar el 20 de novembre"},"content":{"rendered":"<p>&nbsp;<\/p>\n<p style=\"font-weight: 400;\">Les eleccions de renovaci\u00f3 de membres dels consells escolars dels centres educatius sostinguts amb fons p\u00fablics tenen lloc aquest any, i entre ells, tamb\u00e9 el nostre centre.<\/p>\n<p style=\"font-weight: 400;\">D&#8217;acord amb la Resoluci\u00f3 EDF\/2520\/2025, de 30 de juny, per la qual s&#8217;estableixen el calendari i el r\u00e8gim del proc\u00e9s electoral per renovar els membres dels consells escolars dels centres p\u00fablics i privats sostinguts amb fons p\u00fablics, el proc\u00e9s es desenvolupar\u00e0 el primer trimestre del curs 25-26.<\/p>\n<p style=\"text-align: center;\"><a href=\"https:\/\/agora.xtec.cat\/cfabalaguer\/wp-content\/uploads\/usu748\/2025\/10\/04.-Campanya-Eleccions-escolars_V2_page-0002.jpg\"><img loading=\"lazy\" decoding=\"async\" class=\"aligncenter wp-image-2650 size-large\" src=\"https:\/\/agora.xtec.cat\/cfabalaguer\/wp-content\/uploads\/usu748\/2025\/10\/04.-Campanya-Eleccions-escolars_V2_page-0002-725x1024.jpg\" alt=\"\" width=\"725\" height=\"1024\" srcset=\"https:\/\/agora.xtec.cat\/cfabalaguer\/wp-content\/uploads\/usu748\/2025\/10\/04.-Campanya-Eleccions-escolars_V2_page-0002-725x1024.jpg 725w, https:\/\/agora.xtec.cat\/cfabalaguer\/wp-content\/uploads\/usu748\/2025\/10\/04.-Campanya-Eleccions-escolars_V2_page-0002-212x300.jpg 212w, https:\/\/agora.xtec.cat\/cfabalaguer\/wp-content\/uploads\/usu748\/2025\/10\/04.-Campanya-Eleccions-escolars_V2_page-0002-768x1085.jpg 768w, https:\/\/agora.xtec.cat\/cfabalaguer\/wp-content\/uploads\/usu748\/2025\/10\/04.-Campanya-Eleccions-escolars_V2_page-0002-1087x1536.jpg 1087w, https:\/\/agora.xtec.cat\/cfabalaguer\/wp-content\/uploads\/usu748\/2025\/10\/04.-Campanya-Eleccions-escolars_V2_page-0002.jpg 1241w\" sizes=\"auto, (max-width: 725px) 100vw, 725px\" \/><\/a><\/p>\n<p>Del sector de l&#8217;alumnat cal renovar quatre membres. \u00c9s per aquest motiu que us convidem a participar activament en aquest proc\u00e9s electoral.<\/p>\n<p>En el cas que us vulgueu presentar com a candidats\/es ho podeu fer fins el\u00a0 6 de novembre, a la secretaria del centre.<\/p>\n<p style=\"font-weight: 400;\">Us informem de les dates del proc\u00e9s electoral:<\/p>\n<ul style=\"font-weight: 400;\">\n<li><strong>Inici del proc\u00e9s:<\/strong> el dia 27 d\u2019octubre de 2025 s&#8217;ha penjat el cens electoral de l&#8217;alumnat al taulell d&#8217;anuncis del vest\u00edbul de secretaria i si \u00e9s el cas es podria reclamar fins el 4 de novembre.<\/li>\n<li><strong>Sorteig de les meses electorals<\/strong>: 6 de novembre<\/li>\n<li><strong>Constituci\u00f3 de les meses electorals:<\/strong>\u00a0abans del dia\u00a010 de novembre de 2025.<\/li>\n<li><strong>Votacions:<\/strong> <em><strong>20 de novembre de 2025\u00a0de 10 a 13h.<\/strong><\/em><\/li>\n<li><strong>Constituci\u00f3 del consell escolar i presa de possessi\u00f3 dels seus membres:<\/strong>\u00a0no m\u00e9s tard del dia\u00a017 de desembre de 2025.<\/li>\n<li><strong>Comunicaci\u00f3 de la constituci\u00f3 del consell escolar a l\u2019aplicaci\u00f3 RECE:<\/strong>\u00a0no m\u00e9s tard del dia\u00a019 de desembre de\u00a02025.<\/li>\n<\/ul>\n<p style=\"font-weight: 400;\">\n","protected":false},"excerpt":{"rendered":"<p>&nbsp; Les eleccions de renovaci\u00f3 de membres dels consells escolars dels centres educatius sostinguts amb fons p\u00fablics tenen lloc aquest any, i entre ells, tamb\u00e9 el nostre centre. D&#8217;acord amb la Resoluci\u00f3 EDF\/2520\/2025, de 30 de juny, per la qual s&#8217;estableixen el calendari i el r\u00e8gim del proc\u00e9s electoral per renovar els membres dels consells [&hellip;]<\/p>\n","protected":false},"author":1,"featured_media":2647,"comment_status":"open","ping_status":"open","sticky":false,"template":"","format":"standard","meta":{"_bbp_topic_count":0,"_bbp_reply_count":0,"_bbp_total_topic_count":0,"_bbp_total_reply_count":0,"_bbp_voice_count":0,"_bbp_anonymous_reply_count":0,"_bbp_topic_count_hidden":0,"_bbp_reply_count_hidden":0,"_bbp_forum_subforum_count":0,"site-sidebar-layout":"default","site-content-layout":"","ast-site-content-layout":"default","site-content-style":"default","site-sidebar-style":"default","ast-global-header-display":"","ast-banner-title-visibility":"","ast-main-header-display":"","ast-hfb-above-header-display":"","ast-hfb-below-header-display":"","ast-hfb-mobile-header-display":"","site-post-title":"","ast-breadcrumbs-content":"","ast-featured-img":"","footer-sml-layout":"","theme-transparent-header-meta":"default","adv-header-id-meta":"","stick-header-meta":"","header-above-stick-meta":"","header-main-stick-meta":"","header-below-stick-meta":"","astra-migrate-meta-layouts":"set","ast-page-background-enabled":"default","ast-page-background-meta":{"desktop":{"background-color":"var(--ast-global-color-4)","background-image":"","background-repeat":"repeat","background-position":"center center","background-size":"auto","background-attachment":"scroll","background-type":"","background-media":"","overlay-type":"","overlay-color":"","overlay-opacity":"","overlay-gradient":""},"tablet":{"background-color":"","background-image":"","background-repeat":"repeat","background-position":"center center","background-size":"auto","background-attachment":"scroll","background-type":"","background-media":"","overlay-type":"","overlay-color":"","overlay-opacity":"","overlay-gradient":""},"mobile":{"background-color":"","background-image":"","background-repeat":"repeat","background-position":"center center","background-size":"auto","background-attachment":"scroll","background-type":"","background-media":"","overlay-type":"","overlay-color":"","overlay-opacity":"","overlay-gradient":""}},"ast-content-background-meta":{"desktop":{"background-color":"var(--ast-global-color-5)","background-image":"","background-repeat":"repeat","background-position":"center center","background-size":"auto","background-attachment":"scroll","background-type":"","background-media":"","overlay-type":"","overlay-color":"","overlay-opacity":"","overlay-gradient":""},"tablet":{"background-color":"var(--ast-global-color-5)","background-image":"","background-repeat":"repeat","background-position":"center center","background-size":"auto","background-attachment":"scroll","background-type":"","background-media":"","overlay-type":"","overlay-color":"","overlay-opacity":"","overlay-gradient":""},"mobile":{"background-color":"var(--ast-global-color-5)","background-image":"","background-repeat":"repeat","background-position":"center center","background-size":"auto","background-attachment":"scroll","background-type":"","background-media":"","overlay-type":"","overlay-color":"","overlay-opacity":"","overlay-gradient":""}},"footnotes":""},"categories":[1,29],"tags":[],"class_list":["post-2646","post","type-post","status-publish","format-standard","has-post-thumbnail","hentry","category-general","category-portada"],"post_mailing_queue_ids":[],"_links":{"self":[{"href":"https:\/\/agora.xtec.cat\/cfabalaguer\/wp-json\/wp\/v2\/posts\/2646","targetHints":{"allow":["GET"]}}],"collection":[{"href":"https:\/\/agora.xtec.cat\/cfabalaguer\/wp-json\/wp\/v2\/posts"}],"about":[{"href":"https:\/\/agora.xtec.cat\/cfabalaguer\/wp-json\/wp\/v2\/types\/post"}],"author":[{"embeddable":true,"href":"https:\/\/agora.xtec.cat\/cfabalaguer\/wp-json\/wp\/v2\/users\/1"}],"replies":[{"embeddable":true,"href":"https:\/\/agora.xtec.cat\/cfabalaguer\/wp-json\/wp\/v2\/comments?post=2646"}],"version-history":[{"count":7,"href":"https:\/\/agora.xtec.cat\/cfabalaguer\/wp-json\/wp\/v2\/posts\/2646\/revisions"}],"predecessor-version":[{"id":2663,"href":"https:\/\/agora.xtec.cat\/cfabalaguer\/wp-json\/wp\/v2\/posts\/2646\/revisions\/2663"}],"wp:featuredmedia":[{"embeddable":true,"href":"https:\/\/agora.xtec.cat\/cfabalaguer\/wp-json\/wp\/v2\/media\/2647"}],"wp:attachment":[{"href":"https:\/\/agora.xtec.cat\/cfabalaguer\/wp-json\/wp\/v2\/media?parent=2646"}],"wp:term":[{"taxonomy":"category","embeddable":true,"href":"https:\/\/agora.xtec.cat\/cfabalaguer\/wp-json\/wp\/v2\/categories?post=2646"},{"taxonomy":"post_tag","embeddable":true,"href":"https:\/\/agora.xtec.cat\/cfabalaguer\/wp-json\/wp\/v2\/tags?post=2646"}],"curies":[{"name":"wp","href":"https:\/\/api.w.org\/{rel}","templated":true}]}}