{"id":2637,"date":"2025-09-26T19:49:19","date_gmt":"2025-09-26T17:49:19","guid":{"rendered":"https:\/\/agora.xtec.cat\/cfabalaguer\/?p=2637"},"modified":"2025-09-26T19:49:19","modified_gmt":"2025-09-26T17:49:19","slug":"lliurament-de-premis-del-concurs-de-disseny-de-carpeta-2025","status":"publish","type":"post","link":"https:\/\/agora.xtec.cat\/cfabalaguer\/general\/lliurament-de-premis-del-concurs-de-disseny-de-carpeta-2025\/","title":{"rendered":"Lliurament de premis del Concurs de disseny de Carpeta 2025"},"content":{"rendered":"<p>El lliurament de premis del Concurs de Carpetes 2025 va tenir lloc aquest divendres al pati del centre, amb la participaci\u00f3 de la guanyadora del disseny, aix\u00ed com les cinc persones finalistes, que van posar al costat de la nostra olivera, un dels nostres s\u00edmbols.<\/p>\n<p>El concurs arriba a la sisena edici\u00f3 i es consolida com un dels actes culturals del centre.<\/p>\n<figure id=\"attachment_2638\" aria-describedby=\"caption-attachment-2638\" style=\"width: 1024px\" class=\"wp-caption aligncenter\"><a href=\"https:\/\/agora.xtec.cat\/cfabalaguer\/wp-content\/uploads\/usu748\/2025\/09\/Finalistes-del-Concurs-de-carpetes-2025-scaled.jpg\"><img loading=\"lazy\" decoding=\"async\" class=\"wp-image-2638 size-large\" src=\"https:\/\/agora.xtec.cat\/cfabalaguer\/wp-content\/uploads\/usu748\/2025\/09\/Finalistes-del-Concurs-de-carpetes-2025-1024x576.jpg\" alt=\"\" width=\"1024\" height=\"576\" srcset=\"https:\/\/agora.xtec.cat\/cfabalaguer\/wp-content\/uploads\/usu748\/2025\/09\/Finalistes-del-Concurs-de-carpetes-2025-1024x576.jpg 1024w, https:\/\/agora.xtec.cat\/cfabalaguer\/wp-content\/uploads\/usu748\/2025\/09\/Finalistes-del-Concurs-de-carpetes-2025-300x169.jpg 300w, https:\/\/agora.xtec.cat\/cfabalaguer\/wp-content\/uploads\/usu748\/2025\/09\/Finalistes-del-Concurs-de-carpetes-2025-768x432.jpg 768w, https:\/\/agora.xtec.cat\/cfabalaguer\/wp-content\/uploads\/usu748\/2025\/09\/Finalistes-del-Concurs-de-carpetes-2025-1536x864.jpg 1536w, https:\/\/agora.xtec.cat\/cfabalaguer\/wp-content\/uploads\/usu748\/2025\/09\/Finalistes-del-Concurs-de-carpetes-2025-2048x1152.jpg 2048w\" sizes=\"auto, (max-width: 1024px) 100vw, 1024px\" \/><\/a><figcaption id=\"caption-attachment-2638\" class=\"wp-caption-text\">00000000<\/figcaption><\/figure>\n","protected":false},"excerpt":{"rendered":"<p>El lliurament de premis del Concurs de Carpetes 2025 va tenir lloc aquest divendres al pati del centre, amb la participaci\u00f3 de la guanyadora del disseny, aix\u00ed com les cinc persones finalistes, que van posar al costat de la nostra olivera, un dels nostres s\u00edmbols. El concurs arriba a la sisena edici\u00f3 i es consolida [&hellip;]<\/p>\n","protected":false},"author":1,"featured_media":2638,"comment_status":"open","ping_status":"open","sticky":false,"template":"","format":"standard","meta":{"_bbp_topic_count":0,"_bbp_reply_count":0,"_bbp_total_topic_count":0,"_bbp_total_reply_count":0,"_bbp_voice_count":0,"_bbp_anonymous_reply_count":0,"_bbp_topic_count_hidden":0,"_bbp_reply_count_hidden":0,"_bbp_forum_subforum_count":0,"site-sidebar-layout":"default","site-content-layout":"","ast-site-content-layout":"default","site-content-style":"default","site-sidebar-style":"default","ast-global-header-display":"","ast-banner-title-visibility":"","ast-main-header-display":"","ast-hfb-above-header-display":"","ast-hfb-below-header-display":"","ast-hfb-mobile-header-display":"","site-post-title":"","ast-breadcrumbs-content":"","ast-featured-img":"","footer-sml-layout":"","theme-transparent-header-meta":"default","adv-header-id-meta":"","stick-header-meta":"","header-above-stick-meta":"","header-main-stick-meta":"","header-below-stick-meta":"","astra-migrate-meta-layouts":"set","ast-page-background-enabled":"default","ast-page-background-meta":{"desktop":{"background-color":"var(--ast-global-color-4)","background-image":"","background-repeat":"repeat","background-position":"center center","background-size":"auto","background-attachment":"scroll","background-type":"","background-media":"","overlay-type":"","overlay-color":"","overlay-opacity":"","overlay-gradient":""},"tablet":{"background-color":"","background-image":"","background-repeat":"repeat","background-position":"center center","background-size":"auto","background-attachment":"scroll","background-type":"","background-media":"","overlay-type":"","overlay-color":"","overlay-opacity":"","overlay-gradient":""},"mobile":{"background-color":"","background-image":"","background-repeat":"repeat","background-position":"center center","background-size":"auto","background-attachment":"scroll","background-type":"","background-media":"","overlay-type":"","overlay-color":"","overlay-opacity":"","overlay-gradient":""}},"ast-content-background-meta":{"desktop":{"background-color":"var(--ast-global-color-5)","background-image":"","background-repeat":"repeat","background-position":"center center","background-size":"auto","background-attachment":"scroll","background-type":"","background-media":"","overlay-type":"","overlay-color":"","overlay-opacity":"","overlay-gradient":""},"tablet":{"background-color":"var(--ast-global-color-5)","background-image":"","background-repeat":"repeat","background-position":"center center","background-size":"auto","background-attachment":"scroll","background-type":"","background-media":"","overlay-type":"","overlay-color":"","overlay-opacity":"","overlay-gradient":""},"mobile":{"background-color":"var(--ast-global-color-5)","background-image":"","background-repeat":"repeat","background-position":"center center","background-size":"auto","background-attachment":"scroll","background-type":"","background-media":"","overlay-type":"","overlay-color":"","overlay-opacity":"","overlay-gradient":""}},"footnotes":""},"categories":[1,29],"tags":[],"class_list":["post-2637","post","type-post","status-publish","format-standard","has-post-thumbnail","hentry","category-general","category-portada"],"post_mailing_queue_ids":[],"_links":{"self":[{"href":"https:\/\/agora.xtec.cat\/cfabalaguer\/wp-json\/wp\/v2\/posts\/2637","targetHints":{"allow":["GET"]}}],"collection":[{"href":"https:\/\/agora.xtec.cat\/cfabalaguer\/wp-json\/wp\/v2\/posts"}],"about":[{"href":"https:\/\/agora.xtec.cat\/cfabalaguer\/wp-json\/wp\/v2\/types\/post"}],"author":[{"embeddable":true,"href":"https:\/\/agora.xtec.cat\/cfabalaguer\/wp-json\/wp\/v2\/users\/1"}],"replies":[{"embeddable":true,"href":"https:\/\/agora.xtec.cat\/cfabalaguer\/wp-json\/wp\/v2\/comments?post=2637"}],"version-history":[{"count":1,"href":"https:\/\/agora.xtec.cat\/cfabalaguer\/wp-json\/wp\/v2\/posts\/2637\/revisions"}],"predecessor-version":[{"id":2639,"href":"https:\/\/agora.xtec.cat\/cfabalaguer\/wp-json\/wp\/v2\/posts\/2637\/revisions\/2639"}],"wp:featuredmedia":[{"embeddable":true,"href":"https:\/\/agora.xtec.cat\/cfabalaguer\/wp-json\/wp\/v2\/media\/2638"}],"wp:attachment":[{"href":"https:\/\/agora.xtec.cat\/cfabalaguer\/wp-json\/wp\/v2\/media?parent=2637"}],"wp:term":[{"taxonomy":"category","embeddable":true,"href":"https:\/\/agora.xtec.cat\/cfabalaguer\/wp-json\/wp\/v2\/categories?post=2637"},{"taxonomy":"post_tag","embeddable":true,"href":"https:\/\/agora.xtec.cat\/cfabalaguer\/wp-json\/wp\/v2\/tags?post=2637"}],"curies":[{"name":"wp","href":"https:\/\/api.w.org\/{rel}","templated":true}]}}