{"id":869,"date":"2020-08-31T20:24:47","date_gmt":"2020-08-31T18:24:47","guid":{"rendered":"http:\/\/agora.xtec.cat\/cfaagorasalou\/?p=869"},"modified":"2020-08-31T20:24:47","modified_gmt":"2020-08-31T18:24:47","slug":"comencem-el-curs-2020-2021-de-manera-excepcional","status":"publish","type":"post","link":"https:\/\/agora.xtec.cat\/cfaagorasalou\/portada\/comencem-el-curs-2020-2021-de-manera-excepcional\/","title":{"rendered":"COMENCEM EL CURS 2020-2021 DE MANERA EXCEPCIONAL"},"content":{"rendered":"<p>Bona tarda a totes i tots,<\/p>\n<p>Esperem que l&#8217;estiu hagi anat b\u00e9 dins de l&#8217;estat d&#8217;excepcional que estem vivint i que, malgrat tot, tingueu ganes de tornar-nos a veure o con\u00e8ixer-nos.<\/p>\n<p>Durant el mes de juliol, la direcci\u00f3 i l&#8217;equip docent del CFA \u00c0gora va confeccionar una pla d&#8217;organitzaci\u00f3 del nou curs pel que fa a:<\/p>\n<p>-Proc\u00e9s de matr\u00edcula<\/p>\n<p>-Proc\u00e9s de reobertura del centre per tal de preservar la salut de totes d&#8217;acord amb les mesures sanit\u00e0ries plantejades.<\/p>\n<p>Segurament, ja sereu coneixedors i coneixedores que, al llarg d&#8217;aquests mesos, han variat les informacions i mesures sobre l&#8217;inici de curs aportades pel Departament d&#8217;Ensenyament.<\/p>\n<p>Durant aquesta setmana, hem rebut informaci\u00f3 amb noves directrius des dels Serveis Territorials d&#8217;Ensenyament de Tarragona. Per tant, la direcci\u00f3 i l&#8217;equip docent del centre ens veiem obligades a realitzar les modificacions al pla de reobertura de centre adequades al context actual pel que fa als dos punts anteriorment anomenats.<\/p>\n<p>Tan bon punt tinguem informaci\u00f3 molt m\u00e9s concreta, us la farem arribar a trav\u00e9s d&#8217;una nova publicaci\u00f3 en aquest mateix bloc i pels nostres mitjans digitals i no digitals que tenim al nostre avast. Esperem que sigui com m\u00e9s aviat millor.<\/p>\n<p>Amb ganes de tornar a veure l&#8217;antic alumnat i amb ganes de con\u00e8ixer el nou, us desitgem que acabin d&#8217;anar b\u00e9 les vacances.<\/p>\n<p>Una salutaci\u00f3,<\/p>\n<p>L&#8217;equip de professores del centre.<\/p>\n","protected":false},"excerpt":{"rendered":"<p>Bona tarda a totes i tots,<br \/>\nEsperem que l&#8217;estiu hagi anat b\u00e9 dins de l&#8217;estat d&#8217;excepcional que estem vivint i que, malgrat tot, tingueu ganes de tornar-nos a veure o con\u00e8ixer-nos.<br \/>\nDurant el mes de juliol, la direcci\u00f3 i l&#8217;equip docent del CFA \u00c0gora va confeccionar una&hellip;  <a href=\"https:\/\/agora.xtec.cat\/cfaagorasalou\/portada\/comencem-el-curs-2020-2021-de-manera-excepcional\/\" title=\"Read COMENCEM EL CURS 2020-2021 DE MANERA EXCEPCIONAL\">Llegeix m\u00e9s\u00bb<\/a><\/p>\n","protected":false},"author":1,"featured_media":831,"comment_status":"open","ping_status":"closed","sticky":false,"template":"","format":"standard","meta":{"_bbp_topic_count":0,"_bbp_reply_count":0,"_bbp_total_topic_count":0,"_bbp_total_reply_count":0,"_bbp_voice_count":0,"_bbp_anonymous_reply_count":0,"_bbp_topic_count_hidden":0,"_bbp_reply_count_hidden":0,"_bbp_forum_subforum_count":0,"footnotes":""},"categories":[29],"tags":[],"class_list":["post-869","post","type-post","status-publish","format-standard","has-post-thumbnail","hentry","category-portada"],"post_mailing_queue_ids":[],"_links":{"self":[{"href":"https:\/\/agora.xtec.cat\/cfaagorasalou\/wp-json\/wp\/v2\/posts\/869","targetHints":{"allow":["GET"]}}],"collection":[{"href":"https:\/\/agora.xtec.cat\/cfaagorasalou\/wp-json\/wp\/v2\/posts"}],"about":[{"href":"https:\/\/agora.xtec.cat\/cfaagorasalou\/wp-json\/wp\/v2\/types\/post"}],"author":[{"embeddable":true,"href":"https:\/\/agora.xtec.cat\/cfaagorasalou\/wp-json\/wp\/v2\/users\/1"}],"replies":[{"embeddable":true,"href":"https:\/\/agora.xtec.cat\/cfaagorasalou\/wp-json\/wp\/v2\/comments?post=869"}],"version-history":[{"count":1,"href":"https:\/\/agora.xtec.cat\/cfaagorasalou\/wp-json\/wp\/v2\/posts\/869\/revisions"}],"predecessor-version":[{"id":870,"href":"https:\/\/agora.xtec.cat\/cfaagorasalou\/wp-json\/wp\/v2\/posts\/869\/revisions\/870"}],"wp:featuredmedia":[{"embeddable":true,"href":"https:\/\/agora.xtec.cat\/cfaagorasalou\/wp-json\/wp\/v2\/media\/831"}],"wp:attachment":[{"href":"https:\/\/agora.xtec.cat\/cfaagorasalou\/wp-json\/wp\/v2\/media?parent=869"}],"wp:term":[{"taxonomy":"category","embeddable":true,"href":"https:\/\/agora.xtec.cat\/cfaagorasalou\/wp-json\/wp\/v2\/categories?post=869"},{"taxonomy":"post_tag","embeddable":true,"href":"https:\/\/agora.xtec.cat\/cfaagorasalou\/wp-json\/wp\/v2\/tags?post=869"}],"curies":[{"name":"wp","href":"https:\/\/api.w.org\/{rel}","templated":true}]}}