{"id":695,"date":"2019-05-15T13:58:05","date_gmt":"2019-05-15T11:58:05","guid":{"rendered":"http:\/\/agora.xtec.cat\/cfaagorasalou\/?p=695"},"modified":"2019-07-02T09:23:01","modified_gmt":"2019-07-02T07:23:01","slug":"el-cfa-agora-rep-una-ajuda-del-fons-educatiu-salou-2018","status":"publish","type":"post","link":"https:\/\/agora.xtec.cat\/cfaagorasalou\/general\/el-cfa-agora-rep-una-ajuda-del-fons-educatiu-salou-2018\/","title":{"rendered":"El CFA \u00c0gora rep una ajuda del Fons Educatiu Salou 2018"},"content":{"rendered":"<p>El passat divendres dia 3 de maig les professores del CFA \u00c0gora vam assistir a l&#8217;acte de presentaci\u00f3 dels projectes educatius que han rebut ajudes econ\u00f2miques del Fons Educatiu de Salou, una iniciativa de l&#8217;Ajuntament de Salou i l&#8217;Escola Elisabeth. En la seva intervenci\u00f3 inicial, Julia G\u00f3mez, regidora d&#8217;Ensenyament, va remarcar la import\u00e0ncia del comprom\u00eds i la col\u00b7laboraci\u00f3 entre administraci\u00f3 i centres educatius. Anton Ribas, director de projectes del Fons Educatiu, va destacar la prioritat de millorar el nivell educatiu, d&#8217;aqu\u00ed l&#8217;aposta del Fons per projectes innovadors i que suposin un valor afegit per als centres.<\/p>\n<p>Despr\u00e9s dels parlaments inicials, va ser el torn de cada centre (comen\u00e7ant amb les llars d&#8217;infants i acabant amb els instituts i centre d&#8217;adults) de presentar el projecte subvencionat. La directora del centre, Ana Lampreave, va explicar la llavor del nostre <a href=\"http:\/\/agora.xtec.cat\/cfaagorasalou\/general\/nous-projectes-hort-ecologic-i-jardi-de-roses\/\" target=\"_blank\" rel=\"noopener noreferrer\">projecte<\/a> i com s&#8217;ha anat materialitzant a trav\u00e9s de la tasca de l&#8217;alumnat dels ensenyaments de GESO i CFI. Tamb\u00e9 va emfasitzar-ne els objectius, entre els quals hi ha fomentar una vida saludable i un consum responsable, desenvolupar habilitats de treball en equip i millorar l&#8217;autoestima de l&#8217;alumnat.<\/p>\n<p>L&#8217;import concedit al nostre centre \u00e9s de 2.710 \u20ac, dels quals ja hem gastat 600 \u20ac aproximadament.<\/p>\n<p>Al <a href=\"https:\/\/www.salou.cat\/ca\/la-ciutat-per-temes\/educacio\/noticies\/onze-projectes-educatius-guardonats-dins-els-fons-educatius\" target=\"_blank\" rel=\"noopener noreferrer\">web<\/a> de l&#8217;Ajuntament hi trobareu m\u00e9s informaci\u00f3 sobre els diferents projectes que han rebut ajudes en aquesta edici\u00f3 del projecte Fons Educatiu (2018).<\/p>\n<p>Les professores i l&#8217;alumnat del centre volem agrair l&#8217;aportaci\u00f3 del Fons Educatiu de Salou, que ens ha perm\u00e8s posar en marxa i mantenir l&#8217;hort ecol\u00f2gic.<\/p>\n<p>&nbsp;<\/p>\n<p><a href=\"https:\/\/agora.xtec.cat\/cfaagorasalou\/wp-content\/uploads\/usu595\/2019\/05\/Fons-educatiu.png\"><img loading=\"lazy\" decoding=\"async\" class=\"size-full wp-image-702 aligncenter\" src=\"https:\/\/agora.xtec.cat\/cfaagorasalou\/wp-content\/uploads\/usu595\/2019\/05\/Fons-educatiu.png\" alt=\"\" width=\"768\" height=\"576\" srcset=\"https:\/\/agora.xtec.cat\/cfaagorasalou\/wp-content\/uploads\/usu595\/2019\/05\/Fons-educatiu.png 768w, https:\/\/agora.xtec.cat\/cfaagorasalou\/wp-content\/uploads\/usu595\/2019\/05\/Fons-educatiu-300x225.png 300w, https:\/\/agora.xtec.cat\/cfaagorasalou\/wp-content\/uploads\/usu595\/2019\/05\/Fons-educatiu-200x150.png 200w\" sizes=\"auto, (max-width: 768px) 100vw, 768px\" \/><\/a><\/p>\n","protected":false},"excerpt":{"rendered":"<p>El passat divendres dia 3 de maig les professores del CFA \u00c0gora vam assistir a l&#8217;acte de presentaci\u00f3 dels projectes educatius que han rebut ajudes econ\u00f2miques del Fons Educatiu de Salou, una iniciativa de l&#8217;Ajuntament de Salou i l&#8217;Escola Elisabeth. En la seva intervenci\u00f3 inicial,&hellip;  <a href=\"https:\/\/agora.xtec.cat\/cfaagorasalou\/general\/el-cfa-agora-rep-una-ajuda-del-fons-educatiu-salou-2018\/\" title=\"Read El CFA \u00c0gora rep una ajuda del Fons Educatiu Salou 2018\">Llegeix m\u00e9s\u00bb<\/a><\/p>\n","protected":false},"author":1,"featured_media":702,"comment_status":"closed","ping_status":"closed","sticky":false,"template":"","format":"standard","meta":{"_bbp_topic_count":0,"_bbp_reply_count":0,"_bbp_total_topic_count":0,"_bbp_total_reply_count":0,"_bbp_voice_count":0,"_bbp_anonymous_reply_count":0,"_bbp_topic_count_hidden":0,"_bbp_reply_count_hidden":0,"_bbp_forum_subforum_count":0,"footnotes":""},"categories":[85,1,84,88,29],"tags":[],"class_list":["post-695","post","type-post","status-publish","format-standard","has-post-thumbnail","hentry","category-cfi","category-general","category-geso","category-hort","category-portada"],"post_mailing_queue_ids":[],"_links":{"self":[{"href":"https:\/\/agora.xtec.cat\/cfaagorasalou\/wp-json\/wp\/v2\/posts\/695","targetHints":{"allow":["GET"]}}],"collection":[{"href":"https:\/\/agora.xtec.cat\/cfaagorasalou\/wp-json\/wp\/v2\/posts"}],"about":[{"href":"https:\/\/agora.xtec.cat\/cfaagorasalou\/wp-json\/wp\/v2\/types\/post"}],"author":[{"embeddable":true,"href":"https:\/\/agora.xtec.cat\/cfaagorasalou\/wp-json\/wp\/v2\/users\/1"}],"replies":[{"embeddable":true,"href":"https:\/\/agora.xtec.cat\/cfaagorasalou\/wp-json\/wp\/v2\/comments?post=695"}],"version-history":[{"count":3,"href":"https:\/\/agora.xtec.cat\/cfaagorasalou\/wp-json\/wp\/v2\/posts\/695\/revisions"}],"predecessor-version":[{"id":723,"href":"https:\/\/agora.xtec.cat\/cfaagorasalou\/wp-json\/wp\/v2\/posts\/695\/revisions\/723"}],"wp:featuredmedia":[{"embeddable":true,"href":"https:\/\/agora.xtec.cat\/cfaagorasalou\/wp-json\/wp\/v2\/media\/702"}],"wp:attachment":[{"href":"https:\/\/agora.xtec.cat\/cfaagorasalou\/wp-json\/wp\/v2\/media?parent=695"}],"wp:term":[{"taxonomy":"category","embeddable":true,"href":"https:\/\/agora.xtec.cat\/cfaagorasalou\/wp-json\/wp\/v2\/categories?post=695"},{"taxonomy":"post_tag","embeddable":true,"href":"https:\/\/agora.xtec.cat\/cfaagorasalou\/wp-json\/wp\/v2\/tags?post=695"}],"curies":[{"name":"wp","href":"https:\/\/api.w.org\/{rel}","templated":true}]}}