{"id":1212,"date":"2026-08-28T21:24:17","date_gmt":"2026-08-28T19:24:17","guid":{"rendered":"https:\/\/agora.xtec.cat\/cfaagorasalou\/?p=1212"},"modified":"2026-09-01T12:05:26","modified_gmt":"2026-09-01T10:05:26","slug":"recordeu-matricules-dels-curs-26-27-del-2-al-10-setembre","status":"publish","type":"post","link":"https:\/\/agora.xtec.cat\/cfaagorasalou\/portada\/recordeu-matricules-dels-curs-26-27-del-2-al-10-setembre\/","title":{"rendered":"RECORDEU!!!! MATR\u00cdCULES DELS CURS 26\/27 DEL 2 AL 10 SETEMBRE!!!!"},"content":{"rendered":"<p><a href=\"https:\/\/agora.xtec.cat\/cfaagorasalou\/wp-content\/uploads\/usu595\/2026\/08\/WhatsApp-Image-2026-08-28-at-19.42.19.jpeg\"><img loading=\"lazy\" decoding=\"async\" class=\"alignright size-thumbnail wp-image-1213\" src=\"https:\/\/agora.xtec.cat\/cfaagorasalou\/wp-content\/uploads\/usu595\/2026\/08\/WhatsApp-Image-2026-08-28-at-19.42.19-150x150.jpeg\" alt=\"\" width=\"150\" height=\"150\" \/><\/a>Bona tarda. L&#8217;inici de curs ja \u00e9s aqu\u00ed i ens hem de posar les piles!!!!!!<\/p>\n<p>Per tant, us recordem PROCEDIMENTS I DATES IMPORTANTS de cara a la primera setmana de setembre!!!<\/p>\n<p>\ud83d\udce3Encara que sigueu antic alumnat o h\u00e0giu fet la preinscripci\u00f3 el passat juny, HEU DE FORMALITZAR LA MATR\u00cdCULA!!!!! \ud83d\udc46<br \/>\n\ud83d\udce3Aunque se\u00e1is antiguo alumnado o hay\u00e1is hecho la preinscripci\u00f3n el pasado junio, TEN\u00c9IS QUE FORMALIZAR LA MATR\u00cdCULA!!!!\ud83d\udc46<br \/>\n\ud83d\udce3Even if you are a former student or have pre-registered last June, YOU MUST FORMALIZE YOUR REGISTRATION!!!!<\/p>\n<p>Per formalitzar la matr\u00edcula <em><strong>CAL SOL\u00b7LICITAR CITA PR\u00c8VIA!!!<\/strong><\/em><\/p>\n<div class=\"otQkpb\" role=\"heading\" aria-level=\"3\" data-animation-nesting=\"\" data-sfc-cp=\"\" data-wiz-attrbind=\"aria-level=gu5UJc_z\/fLk2Md\" data-sfc-root=\"ep\" data-copy-service-computed-style=\"font-family: &quot;Google Sans&quot;, Arial, sans-serif; font-size: 20px; font-weight: 600; margin: 24px 0px 12px; text-decoration: none; border-bottom: 0px rgb(0, 29, 53);\">Dates clau del setembre (Curs 26-27)<!--TgQPHd|||[]--><\/div>\n<div role=\"heading\" aria-level=\"3\" data-animation-nesting=\"\" data-sfc-cp=\"\" data-wiz-attrbind=\"aria-level=gu5UJc_z\/fLk2Md\" data-sfc-root=\"ep\" data-copy-service-computed-style=\"font-family: &quot;Google Sans&quot;, Arial, sans-serif; font-size: 20px; font-weight: 600; margin: 24px 0px 12px; text-decoration: none; border-bottom: 0px rgb(0, 29, 53);\"><\/div>\n<div class=\"\" data-bfc=\"\" data-ved=\"2ahUKEwigqYyO_cOWAxWAUaQEHTXiBYUQi4wTegoIAggACAAICxAB\" data-hveid=\"CAIIAAgACAsQAQ\" data-copy-service-computed-style=\"font-family: &quot;Google Sans&quot;, Arial, sans-serif; font-size: 16px; font-weight: 400; margin: 0px; text-decoration: none; border-bottom: 0px rgb(10, 10, 10);\">\n<ul>\n<li class=\"Z1qcYe\" data-sfc-cp=\"\" data-sfc-root=\"ep\" data-hveid=\"CAIIAAgACAsQAg\" data-copy-service-computed-style=\"font-family: &quot;Google Sans&quot;, Arial, sans-serif; font-size: 16px; font-weight: 400; margin: 0px 0px 12px; text-decoration: none; border-bottom: 0px rgb(10, 10, 10);\"><span class=\"iNqyIf\" data-sfc-cp=\"\" data-sfc-root=\"ep\" data-copy-service-computed-style=\"font-family: &quot;Google Sans&quot;, Arial, sans-serif; font-size: 16px; font-weight: 400; margin: 0px; text-decoration: none; border-bottom: 0px rgb(10, 10, 10);\"><strong class=\"rQesXe MPyX\" data-sfc-cp=\"\" data-sfc-root=\"ep\" data-copy-service-computed-style=\"font-family: &quot;Google Sans&quot;, Arial, sans-serif; font-size: 16px; font-weight: 700; margin: 0px; text-decoration: none; border-bottom: 0px rgb(10, 10, 10);\">Alumnat adm\u00e8s amb pla\u00e7a assignada:<!--TgQPHd|||[]--><\/strong> Del 2 al 10 de setembre de 2026.<!--TgQPHd|||[]--><\/span><!--TgQPHd|||[]--><\/li>\n<\/ul>\n<\/div>\n<div class=\"\" data-bfc=\"\" data-ved=\"2ahUKEwigqYyO_cOWAxWAUaQEHTXiBYUQi4wTegoIAggACAAICxAD\" data-hveid=\"CAIIAAgACAsQAw\" data-copy-service-computed-style=\"font-family: &quot;Google Sans&quot;, Arial, sans-serif; font-size: 16px; font-weight: 400; margin: 0px; text-decoration: none; border-bottom: 0px rgb(10, 10, 10);\">\n<ul>\n<li class=\"Z1qcYe\" data-sfc-cp=\"\" data-sfc-root=\"ep\" data-hveid=\"CAIIAAgACAsQBA\" data-copy-service-computed-style=\"font-family: &quot;Google Sans&quot;, Arial, sans-serif; font-size: 16px; font-weight: 400; margin: 0px 0px 12px; text-decoration: none; border-bottom: 0px rgb(10, 10, 10);\"><span class=\"iNqyIf\" data-sfc-cp=\"\" data-sfc-root=\"ep\" data-copy-service-computed-style=\"font-family: &quot;Google Sans&quot;, Arial, sans-serif; font-size: 16px; font-weight: 400; margin: 0px; text-decoration: none; border-bottom: 0px rgb(10, 10, 10);\"><strong class=\"rQesXe MPyX\" data-sfc-cp=\"\" data-sfc-root=\"ep\" data-copy-service-computed-style=\"font-family: &quot;Google Sans&quot;, Arial, sans-serif; font-size: 16px; font-weight: 700; margin: 0px; text-decoration: none; border-bottom: 0px rgb(10, 10, 10);\">Alumnat de llista d&#8217;espera i alumnat nou \/ vacants:<!--TgQPHd|||[]--><\/strong> Del 14 al 18 de setembre de 2026\u00a0<!--TgQPHd|||[]--><\/span><!--TgQPHd|||[]--><\/li>\n<\/ul>\n<\/div>\n<div class=\"\" data-bfc=\"\" data-ved=\"2ahUKEwigqYyO_cOWAxWAUaQEHTXiBYUQi4wTegoIAggACAAICxAF\" data-hveid=\"CAIIAAgACAsQBQ\" data-copy-service-computed-style=\"font-family: &quot;Google Sans&quot;, Arial, sans-serif; font-size: 16px; font-weight: 400; margin: 0px; text-decoration: none; border-bottom: 0px rgb(10, 10, 10);\">\n<ul>\n<li class=\"Z1qcYe\" data-sfc-cp=\"\" data-sfc-root=\"ep\" data-hveid=\"CAIIAAgACAsQBg\" data-copy-service-computed-style=\"font-family: &quot;Google Sans&quot;, Arial, sans-serif; font-size: 16px; font-weight: 400; margin: 0px 0px 12px; text-decoration: none; border-bottom: 0px rgb(10, 10, 10);\"><span class=\"iNqyIf\" data-sfc-cp=\"\" data-sfc-root=\"ep\" data-copy-service-computed-style=\"font-family: &quot;Google Sans&quot;, Arial, sans-serif; font-size: 16px; font-weight: 400; margin: 0px; text-decoration: none; border-bottom: 0px rgb(10, 10, 10);\"><strong class=\"rQesXe MPyX\" data-sfc-cp=\"\" data-sfc-root=\"ep\" data-copy-service-computed-style=\"font-family: &quot;Google Sans&quot;, Arial, sans-serif; font-size: 16px; font-weight: 700; margin: 0px; text-decoration: none; border-bottom: 0px rgb(10, 10, 10);\">Inici de les classes:<!--TgQPHd|||[]--><\/strong> 21 de setembre de 2026.<\/span><\/li>\n<\/ul>\n<p><strong>IMPORTANT!!!!! <\/strong><em><strong>DOCUMENTACI\u00d3 NECESS\u00c0RIA PER A FORMALITZAR LA MATR\u00cdCULA:<\/strong><\/em><\/p>\n<p><strong><span style=\"color: #800000;\">Original i fotoc\u00f2pia del DNI, NIE o passaport.<\/span><\/strong><\/p>\n<p><strong><span style=\"color: #800000;\">Original i fotoc\u00f2pia de la targeta sanit\u00e0ria.<\/span><\/strong><\/p>\n<p><strong><span style=\"color: #800000;\">Fotografia de mida carnet.<\/span><\/strong><\/p>\n<p><strong><span style=\"color: #800000;\">Original i fotoc\u00f2pia de certificats acad\u00e8mics justificatius de cursos anteriors assolits.\u00a0<\/span><\/strong><\/p>\n<\/div>\n<p>Per qualsevol dubte, podeu adre\u00e7ar-vos al centre a partir del dia 1 de setembre a les 9 del mat\u00ed.<\/p>\n<p>EL CLAUSTRE DE PROFESSORES<\/p>\n<p>CFA \u00c0GORA<\/p>\n","protected":false},"excerpt":{"rendered":"<p><a href=\"https:\/\/agora.xtec.cat\/cfaagorasalou\/wp-content\/uploads\/usu595\/2026\/08\/WhatsApp-Image-2026-08-28-at-19.42.19.jpeg\"><\/a>Bona tarda. L&#8217;inici de curs ja \u00e9s aqu\u00ed i ens hem de posar les piles!!!!!!<br \/>\nPer tant, us recordem PROCEDIMENTS I DATES IMPORTANTS de cara a la primera setmana de setembre!!!<br \/>\n\ud83d\udce3Encara que sigueu antic alumnat o h\u00e0giu fet la preinscripci\u00f3 el passat juny, HEU DE&hellip;  <a href=\"https:\/\/agora.xtec.cat\/cfaagorasalou\/portada\/recordeu-matricules-dels-curs-26-27-del-2-al-10-setembre\/\" title=\"Read RECORDEU!!!! MATR\u00cdCULES DELS CURS 26\/27 DEL 2 AL 10 SETEMBRE!!!!\">Llegeix m\u00e9s\u00bb<\/a><\/p>\n","protected":false},"author":1,"featured_media":1213,"comment_status":"open","ping_status":"open","sticky":false,"template":"","format":"standard","meta":{"_bbp_topic_count":0,"_bbp_reply_count":0,"_bbp_total_topic_count":0,"_bbp_total_reply_count":0,"_bbp_voice_count":0,"_bbp_anonymous_reply_count":0,"_bbp_topic_count_hidden":0,"_bbp_reply_count_hidden":0,"_bbp_forum_subforum_count":0,"footnotes":""},"categories":[29],"tags":[],"class_list":["post-1212","post","type-post","status-publish","format-standard","has-post-thumbnail","hentry","category-portada"],"post_mailing_queue_ids":[],"_links":{"self":[{"href":"https:\/\/agora.xtec.cat\/cfaagorasalou\/wp-json\/wp\/v2\/posts\/1212","targetHints":{"allow":["GET"]}}],"collection":[{"href":"https:\/\/agora.xtec.cat\/cfaagorasalou\/wp-json\/wp\/v2\/posts"}],"about":[{"href":"https:\/\/agora.xtec.cat\/cfaagorasalou\/wp-json\/wp\/v2\/types\/post"}],"author":[{"embeddable":true,"href":"https:\/\/agora.xtec.cat\/cfaagorasalou\/wp-json\/wp\/v2\/users\/1"}],"replies":[{"embeddable":true,"href":"https:\/\/agora.xtec.cat\/cfaagorasalou\/wp-json\/wp\/v2\/comments?post=1212"}],"version-history":[{"count":4,"href":"https:\/\/agora.xtec.cat\/cfaagorasalou\/wp-json\/wp\/v2\/posts\/1212\/revisions"}],"predecessor-version":[{"id":1217,"href":"https:\/\/agora.xtec.cat\/cfaagorasalou\/wp-json\/wp\/v2\/posts\/1212\/revisions\/1217"}],"wp:featuredmedia":[{"embeddable":true,"href":"https:\/\/agora.xtec.cat\/cfaagorasalou\/wp-json\/wp\/v2\/media\/1213"}],"wp:attachment":[{"href":"https:\/\/agora.xtec.cat\/cfaagorasalou\/wp-json\/wp\/v2\/media?parent=1212"}],"wp:term":[{"taxonomy":"category","embeddable":true,"href":"https:\/\/agora.xtec.cat\/cfaagorasalou\/wp-json\/wp\/v2\/categories?post=1212"},{"taxonomy":"post_tag","embeddable":true,"href":"https:\/\/agora.xtec.cat\/cfaagorasalou\/wp-json\/wp\/v2\/tags?post=1212"}],"curies":[{"name":"wp","href":"https:\/\/api.w.org\/{rel}","templated":true}]}}