{"id":672,"date":"2022-02-03T19:56:30","date_gmt":"2022-02-03T18:56:30","guid":{"rendered":"https:\/\/agora.xtec.cat\/cfa-vallirana\/?p=672"},"modified":"2022-05-06T14:48:55","modified_gmt":"2022-05-06T12:48:55","slug":"visita-a-lexposicio-sobre-la-cova-bonica","status":"publish","type":"post","link":"https:\/\/agora.xtec.cat\/cfa-vallirana\/general\/visita-a-lexposicio-sobre-la-cova-bonica\/","title":{"rendered":"Visita a l\u2019exposici\u00f3 sobre la Cova Bonica"},"content":{"rendered":"\n\n<p><span style=\"font-weight: 400;\">Visita guiada a l\u2019exposici\u00f3 \u201cLa cova Bonica de Vallirana i les hist\u00f2ries que ens expliquen els primers pobladors\u201d, a la Masia Mol\u00ed de Can Batlle.<\/span><\/p>\n<p style=\"text-align: justify;\"><span style=\"font-weight: 400;\">La cova Bonica \u00e9s un dels escassos jaciments de la pen\u00ednsula Ib\u00e8rica on s\u2019han trobat restes humanes dels primers agricultors i ramaders de fa 7.400 anys. Els vestigis trobats ens permeten reconstruir el <em>modus vivendi<\/em> i les pr\u00e0ctiques funer\u00e0ries d\u2019un moment crucial de la hist\u00f2ria de la humanitat, el pas d\u2019una economia ca\u00e7adora-recol\u00b7lectora a una altra de tipus productor.<\/span><\/p>\n","protected":false},"excerpt":{"rendered":"<p>Visita guiada a l\u2019exposici\u00f3 \u201cLa cova Bonica de Vallirana i les hist\u00f2ries que ens expliquen els primers pobladors\u201d, a la Masia Mol\u00ed de Can Batlle.&hellip;  <a href=\"https:\/\/agora.xtec.cat\/cfa-vallirana\/general\/visita-a-lexposicio-sobre-la-cova-bonica\/\" title=\"Read Visita a l\u2019exposici\u00f3 sobre la Cova Bonica\">Llegeix m\u00e9s\u00bb<\/a><\/p>\n","protected":false},"author":1,"featured_media":637,"comment_status":"closed","ping_status":"open","sticky":false,"template":"","format":"standard","meta":{"_bbp_topic_count":0,"_bbp_reply_count":0,"_bbp_total_topic_count":0,"_bbp_total_reply_count":0,"_bbp_voice_count":0,"_bbp_anonymous_reply_count":0,"_bbp_topic_count_hidden":0,"_bbp_reply_count_hidden":0,"_bbp_forum_subforum_count":0,"footnotes":""},"categories":[1],"tags":[87,39],"class_list":["post-672","post","type-post","status-publish","format-standard","has-post-thumbnail","hentry","category-general","tag-activitats","tag-sortides"],"post_mailing_queue_ids":[],"_links":{"self":[{"href":"https:\/\/agora.xtec.cat\/cfa-vallirana\/wp-json\/wp\/v2\/posts\/672","targetHints":{"allow":["GET"]}}],"collection":[{"href":"https:\/\/agora.xtec.cat\/cfa-vallirana\/wp-json\/wp\/v2\/posts"}],"about":[{"href":"https:\/\/agora.xtec.cat\/cfa-vallirana\/wp-json\/wp\/v2\/types\/post"}],"author":[{"embeddable":true,"href":"https:\/\/agora.xtec.cat\/cfa-vallirana\/wp-json\/wp\/v2\/users\/1"}],"replies":[{"embeddable":true,"href":"https:\/\/agora.xtec.cat\/cfa-vallirana\/wp-json\/wp\/v2\/comments?post=672"}],"version-history":[{"count":3,"href":"https:\/\/agora.xtec.cat\/cfa-vallirana\/wp-json\/wp\/v2\/posts\/672\/revisions"}],"predecessor-version":[{"id":694,"href":"https:\/\/agora.xtec.cat\/cfa-vallirana\/wp-json\/wp\/v2\/posts\/672\/revisions\/694"}],"wp:featuredmedia":[{"embeddable":true,"href":"https:\/\/agora.xtec.cat\/cfa-vallirana\/wp-json\/wp\/v2\/media\/637"}],"wp:attachment":[{"href":"https:\/\/agora.xtec.cat\/cfa-vallirana\/wp-json\/wp\/v2\/media?parent=672"}],"wp:term":[{"taxonomy":"category","embeddable":true,"href":"https:\/\/agora.xtec.cat\/cfa-vallirana\/wp-json\/wp\/v2\/categories?post=672"},{"taxonomy":"post_tag","embeddable":true,"href":"https:\/\/agora.xtec.cat\/cfa-vallirana\/wp-json\/wp\/v2\/tags?post=672"}],"curies":[{"name":"wp","href":"https:\/\/api.w.org\/{rel}","templated":true}]}}