{"id":1662,"date":"2025-06-19T15:31:53","date_gmt":"2025-06-19T13:31:53","guid":{"rendered":"https:\/\/agora.xtec.cat\/cfa-vallirana\/?p=1662"},"modified":"2025-09-11T22:08:19","modified_gmt":"2025-09-11T20:08:19","slug":"segona-fira-intercentres-cfa-baix-llobregat-2025","status":"publish","type":"post","link":"https:\/\/agora.xtec.cat\/cfa-vallirana\/general\/segona-fira-intercentres-cfa-baix-llobregat-2025\/","title":{"rendered":"Segona Fira Intercentres CFA Baix Llobregat 2025"},"content":{"rendered":"<p>El passat <strong>10 d\u2019abril<\/strong>, un grup d\u2019alumnes i docents del nostre centre <strong>vam tenir el plaer de participar en la 2\u00aa Fira Intercentres d\u2019Escoles d\u2019Adults del Baix Llobregat<\/strong>, celebrada al Centre Cultural de Martorell. Va ser <strong>una jornada<\/strong> <strong>enriquidora, plena d\u2019intercanvis, aprenentatges i emocions compartides<\/strong>.<\/p>\n<table>\n<tbody>\n<tr>\n<td><img loading=\"lazy\" decoding=\"async\" src=\"https:\/\/agora.xtec.cat\/cfa-vallirana\/wp-content\/uploads\/usu2577\/2025\/05\/20260c8e-1095-4cbe-b022-0c4024e77358-768x1024.jpg\" alt=\"Recepci\u00f3 dels assistents\" width=\"768\" height=\"1024\" \/><\/td>\n<td><img loading=\"lazy\" decoding=\"async\" class=\"alignnone size-full wp-image-1673\" src=\"https:\/\/agora.xtec.cat\/cfa-vallirana\/wp-content\/uploads\/usu2577\/2025\/05\/Poster-Generalitat.jpeg\" alt=\"\" width=\"857\" height=\"829\" srcset=\"https:\/\/agora.xtec.cat\/cfa-vallirana\/wp-content\/uploads\/usu2577\/2025\/05\/Poster-Generalitat.jpeg 857w, https:\/\/agora.xtec.cat\/cfa-vallirana\/wp-content\/uploads\/usu2577\/2025\/05\/Poster-Generalitat-300x290.jpeg 300w, https:\/\/agora.xtec.cat\/cfa-vallirana\/wp-content\/uploads\/usu2577\/2025\/05\/Poster-Generalitat-768x743.jpeg 768w\" sizes=\"auto, (max-width: 857px) 100vw, 857px\" \/><\/td>\n<\/tr>\n<\/tbody>\n<\/table>\n<p>Un dels moments m\u00e9s destacats de la jornada va ser <strong>la participaci\u00f3 d\u2019un exalumne del nostre centre<\/strong> en la taula rodona amb exalumnat, on es van compartir experi\u00e8ncies vitals i educatives que demostren fins a quin punt <strong>l\u2019educaci\u00f3 d\u2019adults pot transformar les traject\u00f2ries personals de tothom<\/strong>.<\/p>\n<p><img loading=\"lazy\" decoding=\"async\" class=\"size-large wp-image-1667 aligncenter\" src=\"https:\/\/agora.xtec.cat\/cfa-vallirana\/wp-content\/uploads\/usu2577\/2025\/05\/XerradaAmadeu-1024x445.jpg\" alt=\"\" width=\"1024\" height=\"445\" srcset=\"https:\/\/agora.xtec.cat\/cfa-vallirana\/wp-content\/uploads\/usu2577\/2025\/05\/XerradaAmadeu-1024x445.jpg 1024w, https:\/\/agora.xtec.cat\/cfa-vallirana\/wp-content\/uploads\/usu2577\/2025\/05\/XerradaAmadeu-300x130.jpg 300w, https:\/\/agora.xtec.cat\/cfa-vallirana\/wp-content\/uploads\/usu2577\/2025\/05\/XerradaAmadeu-768x334.jpg 768w, https:\/\/agora.xtec.cat\/cfa-vallirana\/wp-content\/uploads\/usu2577\/2025\/05\/XerradaAmadeu-1536x668.jpg 1536w, https:\/\/agora.xtec.cat\/cfa-vallirana\/wp-content\/uploads\/usu2577\/2025\/05\/XerradaAmadeu-2048x890.jpg 2048w\" sizes=\"auto, (max-width: 1024px) 100vw, 1024px\" \/><\/p>\n<p>Al llarg del mat\u00ed, vam assistir tamb\u00e9 a <strong>tallers pr\u00e0ctics i<\/strong> a unes <strong>confer\u00e8ncies breus<\/strong> sobre bones pr\u00e0ctiques docents, <strong>molt inspiradores<\/strong> per a tot el professorat assistent.<\/p>\n<p><img loading=\"lazy\" decoding=\"async\" class=\"size-large wp-image-1666 aligncenter\" src=\"https:\/\/agora.xtec.cat\/cfa-vallirana\/wp-content\/uploads\/usu2577\/2025\/05\/II_Fira_Obertura-1024x536.jpg\" alt=\"\" width=\"1024\" height=\"536\" srcset=\"https:\/\/agora.xtec.cat\/cfa-vallirana\/wp-content\/uploads\/usu2577\/2025\/05\/II_Fira_Obertura-1024x536.jpg 1024w, https:\/\/agora.xtec.cat\/cfa-vallirana\/wp-content\/uploads\/usu2577\/2025\/05\/II_Fira_Obertura-300x157.jpg 300w, https:\/\/agora.xtec.cat\/cfa-vallirana\/wp-content\/uploads\/usu2577\/2025\/05\/II_Fira_Obertura-768x402.jpg 768w, https:\/\/agora.xtec.cat\/cfa-vallirana\/wp-content\/uploads\/usu2577\/2025\/05\/II_Fira_Obertura-1536x803.jpg 1536w, https:\/\/agora.xtec.cat\/cfa-vallirana\/wp-content\/uploads\/usu2577\/2025\/05\/II_Fira_Obertura.jpg 2048w\" sizes=\"auto, (max-width: 1024px) 100vw, 1024px\" \/><\/p>\n<p>La jornada va comptar amb una inauguraci\u00f3 i cloenda institucional magn\u00edfiques, a c\u00e0rrec de la Regidora d\u2019Ensenyament i altres representants de l\u2019Ajuntament de Martorell, que van fer possible aquesta trobada posant a disposici\u00f3 unes <strong>instal\u00b7lacions acollidores i ben organitzades<\/strong>.<\/p>\n<p><img loading=\"lazy\" decoding=\"async\" class=\"wp-image-1665 aligncenter\" src=\"https:\/\/agora.xtec.cat\/cfa-vallirana\/wp-content\/uploads\/usu2577\/2025\/05\/cb6c4439-48b4-4b0a-8da0-a83801c852b5-1024x768.jpg\" alt=\"\" width=\"600\" height=\"450\" srcset=\"https:\/\/agora.xtec.cat\/cfa-vallirana\/wp-content\/uploads\/usu2577\/2025\/05\/cb6c4439-48b4-4b0a-8da0-a83801c852b5-1024x768.jpg 1024w, https:\/\/agora.xtec.cat\/cfa-vallirana\/wp-content\/uploads\/usu2577\/2025\/05\/cb6c4439-48b4-4b0a-8da0-a83801c852b5-300x225.jpg 300w, https:\/\/agora.xtec.cat\/cfa-vallirana\/wp-content\/uploads\/usu2577\/2025\/05\/cb6c4439-48b4-4b0a-8da0-a83801c852b5-768x576.jpg 768w, https:\/\/agora.xtec.cat\/cfa-vallirana\/wp-content\/uploads\/usu2577\/2025\/05\/cb6c4439-48b4-4b0a-8da0-a83801c852b5-1536x1152.jpg 1536w, https:\/\/agora.xtec.cat\/cfa-vallirana\/wp-content\/uploads\/usu2577\/2025\/05\/cb6c4439-48b4-4b0a-8da0-a83801c852b5-200x150.jpg 200w, https:\/\/agora.xtec.cat\/cfa-vallirana\/wp-content\/uploads\/usu2577\/2025\/05\/cb6c4439-48b4-4b0a-8da0-a83801c852b5.jpg 2048w\" sizes=\"auto, (max-width: 600px) 100vw, 600px\" \/><\/p>\n<p>Volem agrair a l\u2019organitzaci\u00f3 i al conjunt de participants la qualitat humana i professional de la trobada, i especialment felicitar el nostre exalumne per la seva intervenci\u00f3 tan encertada i significativa.<\/p>\n<p><img loading=\"lazy\" decoding=\"async\" class=\"wp-image-1668 aligncenter\" src=\"https:\/\/agora.xtec.cat\/cfa-vallirana\/wp-content\/uploads\/usu2577\/2025\/05\/FentGuardia-1024x941.jpg\" alt=\"\" width=\"600\" height=\"552\" srcset=\"https:\/\/agora.xtec.cat\/cfa-vallirana\/wp-content\/uploads\/usu2577\/2025\/05\/FentGuardia-1024x941.jpg 1024w, https:\/\/agora.xtec.cat\/cfa-vallirana\/wp-content\/uploads\/usu2577\/2025\/05\/FentGuardia-300x276.jpg 300w, https:\/\/agora.xtec.cat\/cfa-vallirana\/wp-content\/uploads\/usu2577\/2025\/05\/FentGuardia-768x706.jpg 768w, https:\/\/agora.xtec.cat\/cfa-vallirana\/wp-content\/uploads\/usu2577\/2025\/05\/FentGuardia.jpg 1536w\" sizes=\"auto, (max-width: 600px) 100vw, 600px\" \/><\/p>\n<blockquote><p><em>Aquests espais d\u2019intercanvi s\u00f3n essencials per continuar fent cr\u00e9ixer<strong> l\u2019educaci\u00f3 d\u2019adults com a eina de transformaci\u00f3 social i personal<\/strong>.<\/em><\/p><\/blockquote>\n","protected":false},"excerpt":{"rendered":"<p>El passat 10 d\u2019abril, un grup d\u2019alumnes i docents del nostre centre vam tenir el plaer de participar en la 2\u00aa Fira Intercentres d\u2019Escoles d\u2019Adults del Baix Llobregat, celebrada al Centre Cultural de Martorell. Va ser una jornada enriquidora, plena d\u2019intercanvis, aprenentatges i emocions compartides.<\/p>\n<p>Un&hellip;  <a href=\"https:\/\/agora.xtec.cat\/cfa-vallirana\/general\/segona-fira-intercentres-cfa-baix-llobregat-2025\/\" title=\"Read Segona Fira Intercentres CFA Baix Llobregat 2025\">Llegeix m\u00e9s\u00bb<\/a><\/p>\n","protected":false},"author":1,"featured_media":1667,"comment_status":"open","ping_status":"closed","sticky":false,"template":"","format":"standard","meta":{"_bbp_topic_count":0,"_bbp_reply_count":0,"_bbp_total_topic_count":0,"_bbp_total_reply_count":0,"_bbp_voice_count":0,"_bbp_anonymous_reply_count":0,"_bbp_topic_count_hidden":0,"_bbp_reply_count_hidden":0,"_bbp_forum_subforum_count":0,"footnotes":""},"categories":[1],"tags":[87,39,44],"class_list":["post-1662","post","type-post","status-publish","format-standard","has-post-thumbnail","hentry","category-general","tag-activitats","tag-sortides","tag-xerrades"],"post_mailing_queue_ids":[],"_links":{"self":[{"href":"https:\/\/agora.xtec.cat\/cfa-vallirana\/wp-json\/wp\/v2\/posts\/1662","targetHints":{"allow":["GET"]}}],"collection":[{"href":"https:\/\/agora.xtec.cat\/cfa-vallirana\/wp-json\/wp\/v2\/posts"}],"about":[{"href":"https:\/\/agora.xtec.cat\/cfa-vallirana\/wp-json\/wp\/v2\/types\/post"}],"author":[{"embeddable":true,"href":"https:\/\/agora.xtec.cat\/cfa-vallirana\/wp-json\/wp\/v2\/users\/1"}],"replies":[{"embeddable":true,"href":"https:\/\/agora.xtec.cat\/cfa-vallirana\/wp-json\/wp\/v2\/comments?post=1662"}],"version-history":[{"count":6,"href":"https:\/\/agora.xtec.cat\/cfa-vallirana\/wp-json\/wp\/v2\/posts\/1662\/revisions"}],"predecessor-version":[{"id":2050,"href":"https:\/\/agora.xtec.cat\/cfa-vallirana\/wp-json\/wp\/v2\/posts\/1662\/revisions\/2050"}],"wp:featuredmedia":[{"embeddable":true,"href":"https:\/\/agora.xtec.cat\/cfa-vallirana\/wp-json\/wp\/v2\/media\/1667"}],"wp:attachment":[{"href":"https:\/\/agora.xtec.cat\/cfa-vallirana\/wp-json\/wp\/v2\/media?parent=1662"}],"wp:term":[{"taxonomy":"category","embeddable":true,"href":"https:\/\/agora.xtec.cat\/cfa-vallirana\/wp-json\/wp\/v2\/categories?post=1662"},{"taxonomy":"post_tag","embeddable":true,"href":"https:\/\/agora.xtec.cat\/cfa-vallirana\/wp-json\/wp\/v2\/tags?post=1662"}],"curies":[{"name":"wp","href":"https:\/\/api.w.org\/{rel}","templated":true}]}}