{"id":2284,"date":"2021-06-11T18:33:44","date_gmt":"2021-06-11T16:33:44","guid":{"rendered":"http:\/\/agora.xtec.cat\/cfa-trinitatvella\/?p=2284"},"modified":"2021-06-25T15:40:57","modified_gmt":"2021-06-25T13:40:57","slug":"vols-estudiar-a-lescola","status":"publish","type":"post","link":"https:\/\/agora.xtec.cat\/cfa-trinitatvella\/general\/vols-estudiar-a-lescola\/","title":{"rendered":"Vols estudiar a l&#8217;escola?"},"content":{"rendered":"<h3>Si vols estudiar a l&#8217;escola a partir de setembre, aqu\u00ed tens les dates que has de tenir en compte. Aquesta \u00e9s la <span style=\"text-decoration: underline;\"><em><strong><a href=\"https:\/\/documents.espai.educacio.gencat.cat\/FormularisModels\/CentresGestioAdministrativa\/A89.pdf\">sol\u00b7licitud<\/a><\/strong><\/em><\/span> de preinscripci\u00f3 que haur\u00e0s de presentar amb la fotoc\u00f2pia del teu document d&#8217;identitat.<\/h3>\n<p>&nbsp;<\/p>\n<p><a href=\"https:\/\/agora.xtec.cat\/cfa-trinitatvella\/wp-content\/uploads\/usu254\/2021\/06\/preinscripcio.png\"><img loading=\"lazy\" decoding=\"async\" class=\" wp-image-2287 aligncenter\" src=\"https:\/\/agora.xtec.cat\/cfa-trinitatvella\/wp-content\/uploads\/usu254\/2021\/06\/preinscripcio.png\" alt=\"\" width=\"422\" height=\"588\" srcset=\"https:\/\/agora.xtec.cat\/cfa-trinitatvella\/wp-content\/uploads\/usu254\/2021\/06\/preinscripcio.png 396w, https:\/\/agora.xtec.cat\/cfa-trinitatvella\/wp-content\/uploads\/usu254\/2021\/06\/preinscripcio-215x300.png 215w\" sizes=\"auto, (max-width: 422px) 100vw, 422px\" \/><\/a><\/p>\n","protected":false},"excerpt":{"rendered":"<p>Si vols estudiar a l&#8217;escola a partir de setembre, aqu\u00ed tens les dates que has de tenir en compte. Aquesta \u00e9s la <a href=\"https:\/\/documents.espai.educacio.gencat.cat\/FormularisModels\/CentresGestioAdministrativa\/A89.pdf\">sol\u00b7licitud<\/a> de preinscripci\u00f3 que haur\u00e0s de presentar amb la fotoc\u00f2pia del teu document d&#8217;identitat.<br \/>\n&nbsp;<br \/>\n<a href=\"https:\/\/agora.xtec.cat\/cfa-trinitatvella\/wp-content\/uploads\/usu254\/2021\/06\/preinscripcio.png\"><\/a><\/p>\n","protected":false},"author":1,"featured_media":934,"comment_status":"closed","ping_status":"closed","sticky":false,"template":"","format":"standard","meta":{"_bbp_topic_count":0,"_bbp_reply_count":0,"_bbp_total_topic_count":0,"_bbp_total_reply_count":0,"_bbp_voice_count":0,"_bbp_anonymous_reply_count":0,"_bbp_topic_count_hidden":0,"_bbp_reply_count_hidden":0,"_bbp_forum_subforum_count":0,"footnotes":""},"categories":[1,61,29,60],"tags":[220,248,247,133,99],"class_list":["post-2284","post","type-post","status-publish","format-standard","has-post-thumbnail","hentry","category-general","category-matricula","category-portada","category-preinscripcions","tag-220","tag-248","tag-curs-21-22","tag-fadults","tag-preinscripcions"],"post_mailing_queue_ids":[],"_links":{"self":[{"href":"https:\/\/agora.xtec.cat\/cfa-trinitatvella\/wp-json\/wp\/v2\/posts\/2284","targetHints":{"allow":["GET"]}}],"collection":[{"href":"https:\/\/agora.xtec.cat\/cfa-trinitatvella\/wp-json\/wp\/v2\/posts"}],"about":[{"href":"https:\/\/agora.xtec.cat\/cfa-trinitatvella\/wp-json\/wp\/v2\/types\/post"}],"author":[{"embeddable":true,"href":"https:\/\/agora.xtec.cat\/cfa-trinitatvella\/wp-json\/wp\/v2\/users\/1"}],"replies":[{"embeddable":true,"href":"https:\/\/agora.xtec.cat\/cfa-trinitatvella\/wp-json\/wp\/v2\/comments?post=2284"}],"version-history":[{"count":3,"href":"https:\/\/agora.xtec.cat\/cfa-trinitatvella\/wp-json\/wp\/v2\/posts\/2284\/revisions"}],"predecessor-version":[{"id":2290,"href":"https:\/\/agora.xtec.cat\/cfa-trinitatvella\/wp-json\/wp\/v2\/posts\/2284\/revisions\/2290"}],"wp:featuredmedia":[{"embeddable":true,"href":"https:\/\/agora.xtec.cat\/cfa-trinitatvella\/wp-json\/wp\/v2\/media\/934"}],"wp:attachment":[{"href":"https:\/\/agora.xtec.cat\/cfa-trinitatvella\/wp-json\/wp\/v2\/media?parent=2284"}],"wp:term":[{"taxonomy":"category","embeddable":true,"href":"https:\/\/agora.xtec.cat\/cfa-trinitatvella\/wp-json\/wp\/v2\/categories?post=2284"},{"taxonomy":"post_tag","embeddable":true,"href":"https:\/\/agora.xtec.cat\/cfa-trinitatvella\/wp-json\/wp\/v2\/tags?post=2284"}],"curies":[{"name":"wp","href":"https:\/\/api.w.org\/{rel}","templated":true}]}}