{"id":2105,"date":"2020-07-07T11:31:46","date_gmt":"2020-07-07T09:31:46","guid":{"rendered":"http:\/\/agora.xtec.cat\/cfa-trinitatvella\/?p=2105"},"modified":"2020-07-07T13:11:17","modified_gmt":"2020-07-07T11:11:17","slug":"llistes-amb-el-barem-provisional-de-la-preinscripcio-curs-2020-21","status":"publish","type":"post","link":"https:\/\/agora.xtec.cat\/cfa-trinitatvella\/general\/llistes-amb-el-barem-provisional-de-la-preinscripcio-curs-2020-21\/","title":{"rendered":"Llistes amb el barem provisional de la preinscripci\u00f3 curs 2020-21"},"content":{"rendered":"<p>Ja podeu consultar les <a href=\"https:\/\/agora.xtec.cat\/cfa-trinitatvella\/wp-content\/uploads\/usu254\/2020\/07\/rwservlet.pdf\" target=\"_blank\" rel=\"noopener noreferrer\">llistes amb el barem provisional<\/a> de la preinscripci\u00f3 del curs 2020-21. Si detecteu alguna errada podeu fer les reclamacions per correu electr\u00f2nic (a8057667@xtec.cat) i telef\u00f2nicament o de forma presencial fins el divendres 10 de juliol en horari de 10:00 a 13:00 hores.<\/p>\n<p>Recordeu que les llistes definitives d&#8217;admesos i exclosos tenen prevista la seva publicaci\u00f3 el 16 de juliol.<\/p>\n","protected":false},"excerpt":{"rendered":"<p>Ja podeu consultar les <a href=\"https:\/\/agora.xtec.cat\/cfa-trinitatvella\/wp-content\/uploads\/usu254\/2020\/07\/rwservlet.pdf\" target=\"_blank\" rel=\"noopener noreferrer\">llistes amb el barem provisional<\/a> de la preinscripci\u00f3 del curs 2020-21. Si detecteu alguna errada podeu fer les reclamacions per correu electr\u00f2nic (a8057667@xtec.cat) i telef\u00f2nicament o de forma presencial fins el divendres 10 de juliol en horari&hellip;  <a href=\"https:\/\/agora.xtec.cat\/cfa-trinitatvella\/general\/llistes-amb-el-barem-provisional-de-la-preinscripcio-curs-2020-21\/\" title=\"Read Llistes amb el barem provisional de la preinscripci\u00f3 curs 2020-21\">Llegeix m\u00e9s\u00bb<\/a><\/p>\n","protected":false},"author":1,"featured_media":0,"comment_status":"open","ping_status":"closed","sticky":false,"template":"","format":"standard","meta":{"_bbp_topic_count":0,"_bbp_reply_count":0,"_bbp_total_topic_count":0,"_bbp_total_reply_count":0,"_bbp_voice_count":0,"_bbp_anonymous_reply_count":0,"_bbp_topic_count_hidden":0,"_bbp_reply_count_hidden":0,"_bbp_forum_subforum_count":0,"footnotes":""},"categories":[1,29],"tags":[],"class_list":["post-2105","post","type-post","status-publish","format-standard","hentry","category-general","category-portada"],"post_mailing_queue_ids":[],"_links":{"self":[{"href":"https:\/\/agora.xtec.cat\/cfa-trinitatvella\/wp-json\/wp\/v2\/posts\/2105","targetHints":{"allow":["GET"]}}],"collection":[{"href":"https:\/\/agora.xtec.cat\/cfa-trinitatvella\/wp-json\/wp\/v2\/posts"}],"about":[{"href":"https:\/\/agora.xtec.cat\/cfa-trinitatvella\/wp-json\/wp\/v2\/types\/post"}],"author":[{"embeddable":true,"href":"https:\/\/agora.xtec.cat\/cfa-trinitatvella\/wp-json\/wp\/v2\/users\/1"}],"replies":[{"embeddable":true,"href":"https:\/\/agora.xtec.cat\/cfa-trinitatvella\/wp-json\/wp\/v2\/comments?post=2105"}],"version-history":[{"count":2,"href":"https:\/\/agora.xtec.cat\/cfa-trinitatvella\/wp-json\/wp\/v2\/posts\/2105\/revisions"}],"predecessor-version":[{"id":2109,"href":"https:\/\/agora.xtec.cat\/cfa-trinitatvella\/wp-json\/wp\/v2\/posts\/2105\/revisions\/2109"}],"wp:attachment":[{"href":"https:\/\/agora.xtec.cat\/cfa-trinitatvella\/wp-json\/wp\/v2\/media?parent=2105"}],"wp:term":[{"taxonomy":"category","embeddable":true,"href":"https:\/\/agora.xtec.cat\/cfa-trinitatvella\/wp-json\/wp\/v2\/categories?post=2105"},{"taxonomy":"post_tag","embeddable":true,"href":"https:\/\/agora.xtec.cat\/cfa-trinitatvella\/wp-json\/wp\/v2\/tags?post=2105"}],"curies":[{"name":"wp","href":"https:\/\/api.w.org\/{rel}","templated":true}]}}