{"id":1812,"date":"2020-03-12T16:26:41","date_gmt":"2020-03-12T15:26:41","guid":{"rendered":"http:\/\/agora.xtec.cat\/cfa-trinitatvella\/?p=1812"},"modified":"2020-03-12T16:39:41","modified_gmt":"2020-03-12T15:39:41","slug":"divendres-tanca-lescola","status":"publish","type":"post","link":"https:\/\/agora.xtec.cat\/cfa-trinitatvella\/general\/divendres-tanca-lescola\/","title":{"rendered":"Divendres 13\/3 l&#8217;escola tanca"},"content":{"rendered":"<h4 style=\"text-align: justify;\"><span style=\"color: #008000;\">El Departament d\u2019Educaci\u00f3, seguint instruccions del Departament de Salut i com a mesura excepcional per contenir el coronavirus, <strong>ha pres la decisi\u00f3 de tancar a partir de dem\u00e0 \u00a0tots els centres educatius del pa\u00eds<\/strong> i, per tant, han quedat suspeses les classes en horari lectiu i les activitats extraescolars.<\/span><\/h4>\n<p>&nbsp;<\/p>\n<h4 style=\"text-align: justify;\"><span style=\"color: #008000;\">Aquesta mesura t\u00e9 prevista una durada inicial de 14 dies, fins el 27 de mar\u00e7 incl\u00f2s. Prestarem atenci\u00f3 a les instruccions del Departament de Salut i a l\u2019evoluci\u00f3 de la situaci\u00f3.<\/span><\/h4>\n<p>&nbsp;<\/p>\n<h4 style=\"text-align: justify;\"><span style=\"color: #008000;\">Tamb\u00e9 us recordem que cal que seguiu les indicacions, recomanacions i protocols que estableix el Departament de Salut pel que fa a la prevenci\u00f3 del virus i que podeu consultar a <\/span><\/h4>\n<h4><\/h4>\n<p>&nbsp;<\/p>\n<h4 style=\"text-align: justify;\"><span style=\"color: #008000;\"><a style=\"color: #008000;\" href=\"http:\/\/canalsalut.gencat.cat\/coronavirus\">http:\/\/canalsalut.gencat.cat\/coronavirus<\/a><\/span><\/h4>\n<h4 style=\"text-align: justify;\"><\/h4>\n<p style=\"text-align: right;\">(COMPETIC 1, 2 i 3 MIREU EL CORREU ELECTR\u00d2NIC)<\/p>\n","protected":false},"excerpt":{"rendered":"<p>El Departament d\u2019Educaci\u00f3, seguint instruccions del Departament de Salut i com a mesura excepcional per contenir el coronavirus, ha pres la decisi\u00f3 de tancar a partir de dem\u00e0 \u00a0tots els centres educatius del pa\u00eds i, per tant, han quedat suspeses les classes en horari lectiu&hellip;  <a href=\"https:\/\/agora.xtec.cat\/cfa-trinitatvella\/general\/divendres-tanca-lescola\/\" title=\"Read Divendres 13\/3 l&#8217;escola tanca\">Llegeix m\u00e9s\u00bb<\/a><\/p>\n","protected":false},"author":1,"featured_media":0,"comment_status":"closed","ping_status":"closed","sticky":false,"template":"","format":"standard","meta":{"_bbp_topic_count":0,"_bbp_reply_count":0,"_bbp_total_topic_count":0,"_bbp_total_reply_count":0,"_bbp_voice_count":0,"_bbp_anonymous_reply_count":0,"_bbp_topic_count_hidden":0,"_bbp_reply_count_hidden":0,"_bbp_forum_subforum_count":0,"footnotes":""},"categories":[1,29],"tags":[45],"class_list":["post-1812","post","type-post","status-publish","format-standard","hentry","category-general","category-portada","tag-salut"],"post_mailing_queue_ids":[],"_links":{"self":[{"href":"https:\/\/agora.xtec.cat\/cfa-trinitatvella\/wp-json\/wp\/v2\/posts\/1812","targetHints":{"allow":["GET"]}}],"collection":[{"href":"https:\/\/agora.xtec.cat\/cfa-trinitatvella\/wp-json\/wp\/v2\/posts"}],"about":[{"href":"https:\/\/agora.xtec.cat\/cfa-trinitatvella\/wp-json\/wp\/v2\/types\/post"}],"author":[{"embeddable":true,"href":"https:\/\/agora.xtec.cat\/cfa-trinitatvella\/wp-json\/wp\/v2\/users\/1"}],"replies":[{"embeddable":true,"href":"https:\/\/agora.xtec.cat\/cfa-trinitatvella\/wp-json\/wp\/v2\/comments?post=1812"}],"version-history":[{"count":3,"href":"https:\/\/agora.xtec.cat\/cfa-trinitatvella\/wp-json\/wp\/v2\/posts\/1812\/revisions"}],"predecessor-version":[{"id":1815,"href":"https:\/\/agora.xtec.cat\/cfa-trinitatvella\/wp-json\/wp\/v2\/posts\/1812\/revisions\/1815"}],"wp:attachment":[{"href":"https:\/\/agora.xtec.cat\/cfa-trinitatvella\/wp-json\/wp\/v2\/media?parent=1812"}],"wp:term":[{"taxonomy":"category","embeddable":true,"href":"https:\/\/agora.xtec.cat\/cfa-trinitatvella\/wp-json\/wp\/v2\/categories?post=1812"},{"taxonomy":"post_tag","embeddable":true,"href":"https:\/\/agora.xtec.cat\/cfa-trinitatvella\/wp-json\/wp\/v2\/tags?post=1812"}],"curies":[{"name":"wp","href":"https:\/\/api.w.org\/{rel}","templated":true}]}}