{"id":1584,"date":"2019-04-10T01:20:46","date_gmt":"2019-04-09T23:20:46","guid":{"rendered":"http:\/\/agora.xtec.cat\/cfa-trinitatvella\/?p=1584"},"modified":"2019-04-12T09:54:11","modified_gmt":"2019-04-12T07:54:11","slug":"la-merce-es-jubila","status":"publish","type":"post","link":"https:\/\/agora.xtec.cat\/cfa-trinitatvella\/general\/la-merce-es-jubila\/","title":{"rendered":"La Merc\u00e8 es jubila"},"content":{"rendered":"<h5><span style=\"color: #4d256b;\"><img loading=\"lazy\" decoding=\"async\" class=\"aligncenter wp-image-1585 size-large\" src=\"https:\/\/agora.xtec.cat\/cfa-trinitatvella\/wp-content\/uploads\/usu254\/2019\/04\/IMG_5757-1024x575.jpg\" alt=\"\" width=\"1024\" height=\"575\" srcset=\"https:\/\/agora.xtec.cat\/cfa-trinitatvella\/wp-content\/uploads\/usu254\/2019\/04\/IMG_5757-1024x575.jpg 1024w, https:\/\/agora.xtec.cat\/cfa-trinitatvella\/wp-content\/uploads\/usu254\/2019\/04\/IMG_5757-300x169.jpg 300w, https:\/\/agora.xtec.cat\/cfa-trinitatvella\/wp-content\/uploads\/usu254\/2019\/04\/IMG_5757-768x432.jpg 768w\" sizes=\"auto, (max-width: 1024px) 100vw, 1024px\" \/><\/span><\/h5>\n<h5><span style=\"color: #4d256b;\">Merc\u00e8, dona creativa, de sentiments profunds, vital, incansable, compromesa amb la vida, de fortes conviccions, de valentia incorruptible, d&#8217;humor agut i de frases c\u00e8lebres que sempre ens acompanyaran&#8230;, comences una nova etapa, nous projectes, l&#8217;alegria i la tristesa se&#8217;ns barregen.<\/span><\/h5>\n<h5><span style=\"color: #4d256b;\">Junt amb la Montse vau mantenir conviccions i valors que han marcat un eix en l&#8217;escola que l&#8217;han fet cr\u00e9ixer com un espai pedag\u00f2gic comprom\u00e8s i sensible amb la realitat multicultural del barri i amb la complexitat social, un espai lliure, acollidor, ple de colors, olors, sons, sabors i oportunitats.<\/span><\/h5>\n<h5><span style=\"color: #4d256b;\">T&#8217;agra\u00efm tot el que hem compartit i apr\u00e8s al teu costat i el que sabem que en un futur compartirem.<\/span><\/h5>\n<h5><span style=\"color: #4d256b;\">Et desitgem de tot cor el millor per ara i per sempre. <\/span><\/h5>\n<h5><span style=\"color: #4d256b;\">Abril de 2019<\/span><\/h5>\n","protected":false},"excerpt":{"rendered":"<p>Merc\u00e8, dona creativa, de sentiments profunds, vital, incansable, compromesa amb la vida, de fortes conviccions, de valentia incorruptible, d&#8217;humor agut i de frases c\u00e8lebres que sempre ens acompanyaran&#8230;, comences una nova etapa, nous projectes, l&#8217;alegria i la tristesa se&#8217;ns barregen.<br \/>\nJunt amb la Montse vau mantenir&hellip;  <a href=\"https:\/\/agora.xtec.cat\/cfa-trinitatvella\/general\/la-merce-es-jubila\/\" title=\"Read La Merc\u00e8 es jubila\">Llegeix m\u00e9s\u00bb<\/a><\/p>\n","protected":false},"author":1,"featured_media":1585,"comment_status":"open","ping_status":"closed","sticky":false,"template":"","format":"standard","meta":{"_bbp_topic_count":0,"_bbp_reply_count":0,"_bbp_total_topic_count":0,"_bbp_total_reply_count":0,"_bbp_voice_count":0,"_bbp_anonymous_reply_count":0,"_bbp_topic_count_hidden":0,"_bbp_reply_count_hidden":0,"_bbp_forum_subforum_count":0,"footnotes":""},"categories":[1,29],"tags":[114,127],"class_list":["post-1584","post","type-post","status-publish","format-standard","has-post-thumbnail","hentry","category-general","category-portada","tag-curs_18-19","tag-jubilaciomerce"],"post_mailing_queue_ids":[],"_links":{"self":[{"href":"https:\/\/agora.xtec.cat\/cfa-trinitatvella\/wp-json\/wp\/v2\/posts\/1584","targetHints":{"allow":["GET"]}}],"collection":[{"href":"https:\/\/agora.xtec.cat\/cfa-trinitatvella\/wp-json\/wp\/v2\/posts"}],"about":[{"href":"https:\/\/agora.xtec.cat\/cfa-trinitatvella\/wp-json\/wp\/v2\/types\/post"}],"author":[{"embeddable":true,"href":"https:\/\/agora.xtec.cat\/cfa-trinitatvella\/wp-json\/wp\/v2\/users\/1"}],"replies":[{"embeddable":true,"href":"https:\/\/agora.xtec.cat\/cfa-trinitatvella\/wp-json\/wp\/v2\/comments?post=1584"}],"version-history":[{"count":3,"href":"https:\/\/agora.xtec.cat\/cfa-trinitatvella\/wp-json\/wp\/v2\/posts\/1584\/revisions"}],"predecessor-version":[{"id":1591,"href":"https:\/\/agora.xtec.cat\/cfa-trinitatvella\/wp-json\/wp\/v2\/posts\/1584\/revisions\/1591"}],"wp:featuredmedia":[{"embeddable":true,"href":"https:\/\/agora.xtec.cat\/cfa-trinitatvella\/wp-json\/wp\/v2\/media\/1585"}],"wp:attachment":[{"href":"https:\/\/agora.xtec.cat\/cfa-trinitatvella\/wp-json\/wp\/v2\/media?parent=1584"}],"wp:term":[{"taxonomy":"category","embeddable":true,"href":"https:\/\/agora.xtec.cat\/cfa-trinitatvella\/wp-json\/wp\/v2\/categories?post=1584"},{"taxonomy":"post_tag","embeddable":true,"href":"https:\/\/agora.xtec.cat\/cfa-trinitatvella\/wp-json\/wp\/v2\/tags?post=1584"}],"curies":[{"name":"wp","href":"https:\/\/api.w.org\/{rel}","templated":true}]}}