{"id":855,"date":"2020-07-06T20:04:14","date_gmt":"2020-07-06T18:04:14","guid":{"rendered":"https:\/\/agora.xtec.cat\/cfa-santadriadebesos\/?p=855"},"modified":"2020-07-16T20:53:15","modified_gmt":"2020-07-16T18:53:15","slug":"preinscripcions-admesos-i-exclosos","status":"publish","type":"post","link":"https:\/\/agora.xtec.cat\/cfa-santadriadebesos\/general\/preinscripcions-admesos-i-exclosos\/","title":{"rendered":"Preinscripcions-admesos i exclosos"},"content":{"rendered":"<table style=\"width: 486px; height: 190px;\">\n<tbody>\n<tr style=\"height: 211px;\">\n<td style=\"width: 480px; height: 190px; background-color: #97bdcf; vertical-align: top; text-align: left;\">\n<h1>PREINSCRIPCIONS<\/h1>\n<h5>Llistes de persones admeses als cursos i llista d\u2019espera (16\/07\/20)<\/h5>\n<table style=\"width: 317px;\">\n<tbody>\n<tr>\n<td style=\"width: 261px;\"><strong>LLISTA D&#8217;ALUMNES PREINSCRITS<\/strong><\/td>\n<td style=\"width: 48px;\"><a href=\"https:\/\/drive.google.com\/file\/d\/1wyH1yYR_yV9FUJk0Ht0jixZl4jfwr38r\/view?usp=sharing\"><img loading=\"lazy\" decoding=\"async\" class=\"aligncenter wp-image-887 size-full\" src=\"https:\/\/agora.xtec.cat\/cfa-santadriadebesos\/wp-content\/uploads\/usu1359\/2020\/07\/PDF32x32.png\" alt=\"alumnes preinscrits\" width=\"32\" height=\"32\" \/><\/a><\/td>\n<\/tr>\n<tr>\n<td style=\"width: 261px;\"><strong>LLISTA D&#8217;ALUMNES ASSIGNATS AL CENTRE<\/strong><\/td>\n<td style=\"width: 48px;\"><a href=\"https:\/\/drive.google.com\/file\/d\/1op_uL8eeSDPh7jbCvS_W5y1VrmzGIFp6\/view?usp=sharing\"><img loading=\"lazy\" decoding=\"async\" class=\"aligncenter wp-image-887 size-full\" src=\"https:\/\/agora.xtec.cat\/cfa-santadriadebesos\/wp-content\/uploads\/usu1359\/2020\/07\/PDF32x32.png\" alt=\"alumnes assignats al centre\" width=\"32\" height=\"32\" \/><\/a><\/td>\n<\/tr>\n<tr>\n<td style=\"width: 261px;\"><strong>LLISTA D&#8217;ESPERA<\/strong><\/td>\n<td style=\"width: 48px;\"><a href=\"https:\/\/drive.google.com\/file\/d\/1dBzCNRmVtLLsFCXPfQgJVALIl2YVeaXg\/view?usp=sharing\"><img loading=\"lazy\" decoding=\"async\" class=\"aligncenter wp-image-887 size-full\" src=\"https:\/\/agora.xtec.cat\/cfa-santadriadebesos\/wp-content\/uploads\/usu1359\/2020\/07\/PDF32x32.png\" alt=\"llista d'espera\" width=\"32\" height=\"32\" \/><\/a><\/td>\n<\/tr>\n<\/tbody>\n<\/table>\n<hr \/>\n<p>Ja s\u2019han publicat les <strong><a href=\"https:\/\/drive.google.com\/file\/d\/10s9tZSUQ83eSMRbGwOV4mFVv5lqeS0lW\/view?usp=sharing\" target=\"_blank\" rel=\"noopener noreferrer\">llistes<\/a><\/strong> amb barem provisional. Les dades s\u00f3n <strong>an\u00f2nimes<\/strong>: us identificareu amb les inicials del cognom i els primers d\u00edgits del Document d\u2019Identificaci\u00f3 (DNI, NIE o Passaport). Exemple:<\/p>\n<table class=\" aligncenter\" style=\"width: 412px; background-color: #ede47b; border-style: dotted; border-color: #fcfcfc;\">\n<tbody>\n<tr>\n<td style=\"width: 251px;\"><strong>Nom i cognoms<\/strong><\/td>\n<td style=\"width: 153px;\"><strong>DNI<\/strong><\/td>\n<\/tr>\n<tr>\n<td style=\"width: 251px;\">Vaz Se ( V\u00e1zquez Serra)<\/td>\n<td style=\"width: 153px;\">3872XXXX<\/td>\n<\/tr>\n<\/tbody>\n<\/table>\n<p style=\"text-align: left;\">Els seg\u00fcents passos s\u00f3n aquests:<\/p>\n<ul>\n<li style=\"list-style-type: none;\">\n<ul style=\"list-style-type: circle;\">\n<li><strong>Termini per presentar reclamacions<\/strong>: del 7 al 10 de juliol de 2020.<\/li>\n<li><strong>Llista ordenada definitiva de sol\u00b7licituds<\/strong>: 14 de juliol de 2020 a partir de les 14 h.<\/li>\n<li><strong>Publicaci\u00f3 de les llistes de persones admeses i excloses (per activitats) i de la llista d\u2019espera<\/strong>:\u00a016 de juliol de 2020 a partir de les 14 h.<\/li>\n<\/ul>\n<\/li>\n<\/ul>\n<p style=\"text-align: center;\"><em><span style=\"color: #ff0000;\"><strong>IMPORTANT<\/strong><\/span><strong>:<\/strong> <strong>El llistat amb les persones admeses als cursos o en llista d\u2019espera es publicar\u00e0 el 16 de Juliol<\/strong><\/em><\/p>\n<\/td>\n<\/tr>\n<\/tbody>\n<\/table>\n<p>&nbsp;<\/p>\n","protected":false},"excerpt":{"rendered":"<p>PREINSCRIPCIONS Llistes de persones admeses als cursos i llista d\u2019espera (16\/07\/20) LLISTA D&#8217;ALUMNES PREINSCRITS LLISTA D&#8217;ALUMNES ASSIGNATS AL CENTRE LLISTA D&#8217;ESPERA Ja s\u2019han publicat les llistes amb barem provisional. Les dades s\u00f3n an\u00f2nimes: us identificareu amb les inicials del cognom i els primers d\u00edgits del Document d\u2019Identificaci\u00f3 (DNI, NIE o Passaport). Exemple: Nom i cognoms [&hellip;]<\/p>\n","protected":false},"author":1,"featured_media":0,"comment_status":"closed","ping_status":"closed","sticky":false,"template":"","format":"standard","meta":{"_bbp_topic_count":0,"_bbp_reply_count":0,"_bbp_total_topic_count":0,"_bbp_total_reply_count":0,"_bbp_voice_count":0,"_bbp_anonymous_reply_count":0,"_bbp_topic_count_hidden":0,"_bbp_reply_count_hidden":0,"_bbp_forum_subforum_count":0,"site-sidebar-layout":"default","site-content-layout":"","ast-site-content-layout":"","site-content-style":"default","site-sidebar-style":"default","ast-global-header-display":"","ast-banner-title-visibility":"","ast-main-header-display":"","ast-hfb-above-header-display":"","ast-hfb-below-header-display":"","ast-hfb-mobile-header-display":"","site-post-title":"","ast-breadcrumbs-content":"","ast-featured-img":"","footer-sml-layout":"","theme-transparent-header-meta":"","adv-header-id-meta":"","stick-header-meta":"","header-above-stick-meta":"","header-main-stick-meta":"","header-below-stick-meta":"","astra-migrate-meta-layouts":"default","ast-page-background-enabled":"default","ast-page-background-meta":{"desktop":{"background-color":"var(--ast-global-color-4)","background-image":"","background-repeat":"repeat","background-position":"center center","background-size":"auto","background-attachment":"scroll","background-type":"","background-media":"","overlay-type":"","overlay-color":"","overlay-opacity":"","overlay-gradient":""},"tablet":{"background-color":"","background-image":"","background-repeat":"repeat","background-position":"center center","background-size":"auto","background-attachment":"scroll","background-type":"","background-media":"","overlay-type":"","overlay-color":"","overlay-opacity":"","overlay-gradient":""},"mobile":{"background-color":"","background-image":"","background-repeat":"repeat","background-position":"center center","background-size":"auto","background-attachment":"scroll","background-type":"","background-media":"","overlay-type":"","overlay-color":"","overlay-opacity":"","overlay-gradient":""}},"ast-content-background-meta":{"desktop":{"background-color":"var(--ast-global-color-5)","background-image":"","background-repeat":"repeat","background-position":"center center","background-size":"auto","background-attachment":"scroll","background-type":"","background-media":"","overlay-type":"","overlay-color":"","overlay-opacity":"","overlay-gradient":""},"tablet":{"background-color":"var(--ast-global-color-5)","background-image":"","background-repeat":"repeat","background-position":"center center","background-size":"auto","background-attachment":"scroll","background-type":"","background-media":"","overlay-type":"","overlay-color":"","overlay-opacity":"","overlay-gradient":""},"mobile":{"background-color":"var(--ast-global-color-5)","background-image":"","background-repeat":"repeat","background-position":"center center","background-size":"auto","background-attachment":"scroll","background-type":"","background-media":"","overlay-type":"","overlay-color":"","overlay-opacity":"","overlay-gradient":""}},"footnotes":""},"categories":[1,29],"tags":[92],"class_list":["post-855","post","type-post","status-publish","format-standard","hentry","category-general","category-portada","tag-preinscripcio"],"post_mailing_queue_ids":[],"_links":{"self":[{"href":"https:\/\/agora.xtec.cat\/cfa-santadriadebesos\/wp-json\/wp\/v2\/posts\/855","targetHints":{"allow":["GET"]}}],"collection":[{"href":"https:\/\/agora.xtec.cat\/cfa-santadriadebesos\/wp-json\/wp\/v2\/posts"}],"about":[{"href":"https:\/\/agora.xtec.cat\/cfa-santadriadebesos\/wp-json\/wp\/v2\/types\/post"}],"author":[{"embeddable":true,"href":"https:\/\/agora.xtec.cat\/cfa-santadriadebesos\/wp-json\/wp\/v2\/users\/1"}],"replies":[{"embeddable":true,"href":"https:\/\/agora.xtec.cat\/cfa-santadriadebesos\/wp-json\/wp\/v2\/comments?post=855"}],"version-history":[{"count":3,"href":"https:\/\/agora.xtec.cat\/cfa-santadriadebesos\/wp-json\/wp\/v2\/posts\/855\/revisions"}],"predecessor-version":[{"id":899,"href":"https:\/\/agora.xtec.cat\/cfa-santadriadebesos\/wp-json\/wp\/v2\/posts\/855\/revisions\/899"}],"wp:attachment":[{"href":"https:\/\/agora.xtec.cat\/cfa-santadriadebesos\/wp-json\/wp\/v2\/media?parent=855"}],"wp:term":[{"taxonomy":"category","embeddable":true,"href":"https:\/\/agora.xtec.cat\/cfa-santadriadebesos\/wp-json\/wp\/v2\/categories?post=855"},{"taxonomy":"post_tag","embeddable":true,"href":"https:\/\/agora.xtec.cat\/cfa-santadriadebesos\/wp-json\/wp\/v2\/tags?post=855"}],"curies":[{"name":"wp","href":"https:\/\/api.w.org\/{rel}","templated":true}]}}