{"id":843,"date":"2020-06-13T14:22:48","date_gmt":"2020-06-13T12:22:48","guid":{"rendered":"https:\/\/agora.xtec.cat\/cfa-santadriadebesos\/?p=843"},"modified":"2020-06-13T14:25:38","modified_gmt":"2020-06-13T12:25:38","slug":"preinscripcio-menors-dedat","status":"publish","type":"post","link":"https:\/\/agora.xtec.cat\/cfa-santadriadebesos\/general\/preinscripcio-menors-dedat\/","title":{"rendered":"Preinscripci\u00f3 menors d&#8217;edat"},"content":{"rendered":"<table style=\"width: 515px; background-color: #eb952d;\">\n<tbody>\n<tr>\n<td style=\"width: 509px;\"><span style=\"color: #444444;\"><span style=\"font-family: Book Antiqua, serif;\"><span style=\"font-size: medium;\"><b>EN CAS DE MENORS D\u2019EDAT<\/b><\/span><\/span><\/span><\/td>\n<\/tr>\n<\/tbody>\n<\/table>\n<p><span style=\"font-family: Book Antiqua, serif;\"><span style=\"color: #444444;\"><span style=\"font-size: medium;\"><span lang=\"ca-ES\">Amb car\u00e0cter general poden accedir als ensenyaments d\u2019un centre d\u2019adults les persones que han complert els <\/span><\/span><\/span><span style=\"color: #444444;\"><span style=\"font-size: medium;\"><span lang=\"ca-ES\"><b>18 anys <\/b><\/span><\/span><\/span><span style=\"color: #444444;\"><span style=\"font-size: medium;\"><span lang=\"ca-ES\">o b\u00e9 els compleixen durant l\u2019any natural en qu\u00e8 inicien la formaci\u00f3.<\/span><\/span><\/span><\/span><\/p>\n<p lang=\"ca-ES\"><span style=\"color: #444444;\"><span style=\"font-family: Book Antiqua, serif;\"><span style=\"font-size: medium;\">Tamb\u00e9 hi poden accedir les persones que compleixen com a m\u00ednim 16 anys l\u2019any natural en qu\u00e8 inicien la formaci\u00f3 i es troben en alguna de les situacions seg\u00fcents:<\/span><\/span><\/span><\/p>\n<ul>\n<li style=\"list-style-type: none;\">\n<ul>\n<li>\n<p lang=\"ca-ES\"><span style=\"color: #444444;\"><span style=\"font-family: Book Antiqua, serif;\"><span style=\"font-size: medium;\">tenir un contracte laboral que els impedeix assistir als centres educatius en r\u00e8gim ordinari,<\/span><\/span><\/span><\/p>\n<\/li>\n<li>\n<p lang=\"ca-ES\"><span style=\"color: #444444;\"><span style=\"font-family: Book Antiqua, serif;\"><span style=\"font-size: medium;\">trobar-se en proc\u00e9s d\u2019obtenir un perm\u00eds de treball,<\/span><\/span><\/span><\/p>\n<\/li>\n<li>\n<p lang=\"ca-ES\"><span style=\"color: #444444;\"><span style=\"font-family: Book Antiqua, serif;\"><span style=\"font-size: medium;\">ser esportista d\u2019alt rendiment,<\/span><\/span><\/span><\/p>\n<\/li>\n<li>\n<p lang=\"ca-ES\"><span style=\"color: #444444;\"><span style=\"font-family: Book Antiqua, serif;\"><span style=\"font-size: medium;\">haver cursat i superat un programa de formaci\u00f3 i inserci\u00f3 (PFI),<\/span><\/span><\/span><\/p>\n<\/li>\n<li>\n<p lang=\"ca-ES\"><span style=\"color: #444444;\"><span style=\"font-family: Book Antiqua, serif;\"><span style=\"font-size: medium;\">participar al programa d\u2019experi\u00e8ncia professional per a l\u2019ocupaci\u00f3 juvenil a Catalunya \u201cJoves per l\u2019ocupaci\u00f3\u201d.<\/span><\/span><\/span><\/p>\n<\/li>\n<\/ul>\n<\/li>\n<\/ul>\n<p><span style=\"font-family: Book Antiqua, serif;\"><span style=\"color: #444444;\"><span style=\"font-size: medium;\"><span lang=\"ca-ES\">Els <\/span><\/span><\/span><span style=\"color: #444444;\"><span style=\"font-size: medium;\"><span lang=\"ca-ES\"><b>menors d\u2019edat <\/b><\/span><\/span><\/span><span style=\"color: #444444;\"><span style=\"font-size: medium;\"><span lang=\"ca-ES\">tamb\u00e9 <strong>han d\u2019enviar juntament amb la sol\u00b7licitud de preinscripci\u00f3 i el document identificatiu<\/strong>:<\/span><\/span><\/span><\/span><\/p>\n<ul>\n<li>\n<p lang=\"ca-ES\"><span style=\"color: #444444;\"><span style=\"font-family: Book Antiqua, serif;\"><span style=\"font-size: medium;\">El llibre de fam\u00edlia o altres documents relatius a la filiaci\u00f3 i el consentiment del pare o mare o tutor legal del menor. Si est\u00e0 en situaci\u00f3 d\u2019acolliment, la resoluci\u00f3 d\u2019acolliment del Departament de Treball, Afers Socials i Fam\u00edlies.<\/span><\/span><\/span><\/p>\n<\/li>\n<li>\n<p lang=\"ca-ES\"><span style=\"color: #444444;\"><span style=\"font-family: Book Antiqua, serif;\"><span style=\"font-size: medium;\">El DNI de la persona sol\u00b7licitant (pare, mare, tutor\/a o guardador\/a de fet) o si la persona sol\u00b7licitant \u00e9s estrangera, de la targeta de resid\u00e8ncia on consta el NIE, o del passaport. Si es tracta d\u2019estrangers comunitaris, document d\u2019identitat del pa\u00eds d\u2019origen.<\/span><\/span><\/span><\/p>\n<\/li>\n<li>\n<p lang=\"ca-ES\"><span style=\"color: #444444;\"><span style=\"font-family: Book Antiqua, serif;\"><span style=\"font-size: medium;\">La documentaci\u00f3 que acrediti la circumst\u00e0ncia especial que li permet l\u2019acc\u00e9s a la formaci\u00f3 d\u2019adults tot i ser menor d\u2019edat.<\/span><\/span><\/span><\/p>\n<\/li>\n<\/ul>\n<p lang=\"ca-ES\"><span style=\"color: #444444;\"><span style=\"font-family: Book Antiqua, serif;\"><span style=\"font-size: medium;\">En cas de dubtes us podeu adre\u00e7ar al c<\/span><\/span><\/span><span style=\"font-family: Book Antiqua, serif;\"><span style=\"color: #444444;\"><span style=\"font-size: medium;\"><span lang=\"ca-ES\">orreu electr\u00f2nic: <\/span><\/span><\/span><span style=\"color: #444444;\"><span style=\"font-size: medium;\"><span lang=\"ca-ES\"><b>a8076650@xtec.cat<\/b><\/span><\/span><\/span><\/span><\/p>\n","protected":false},"excerpt":{"rendered":"<p>EN CAS DE MENORS D\u2019EDAT Amb car\u00e0cter general poden accedir als ensenyaments d\u2019un centre d\u2019adults les persones que han complert els 18 anys o b\u00e9 els compleixen durant l\u2019any natural en qu\u00e8 inicien la formaci\u00f3. Tamb\u00e9 hi poden accedir les persones que compleixen com a m\u00ednim 16 anys l\u2019any natural en qu\u00e8 inicien la formaci\u00f3 [&hellip;]<\/p>\n","protected":false},"author":1,"featured_media":0,"comment_status":"closed","ping_status":"closed","sticky":false,"template":"","format":"standard","meta":{"_bbp_topic_count":0,"_bbp_reply_count":0,"_bbp_total_topic_count":0,"_bbp_total_reply_count":0,"_bbp_voice_count":0,"_bbp_anonymous_reply_count":0,"_bbp_topic_count_hidden":0,"_bbp_reply_count_hidden":0,"_bbp_forum_subforum_count":0,"site-sidebar-layout":"default","site-content-layout":"","ast-site-content-layout":"","site-content-style":"default","site-sidebar-style":"default","ast-global-header-display":"","ast-banner-title-visibility":"","ast-main-header-display":"","ast-hfb-above-header-display":"","ast-hfb-below-header-display":"","ast-hfb-mobile-header-display":"","site-post-title":"","ast-breadcrumbs-content":"","ast-featured-img":"","footer-sml-layout":"","theme-transparent-header-meta":"","adv-header-id-meta":"","stick-header-meta":"","header-above-stick-meta":"","header-main-stick-meta":"","header-below-stick-meta":"","astra-migrate-meta-layouts":"default","ast-page-background-enabled":"default","ast-page-background-meta":{"desktop":{"background-color":"var(--ast-global-color-4)","background-image":"","background-repeat":"repeat","background-position":"center center","background-size":"auto","background-attachment":"scroll","background-type":"","background-media":"","overlay-type":"","overlay-color":"","overlay-opacity":"","overlay-gradient":""},"tablet":{"background-color":"","background-image":"","background-repeat":"repeat","background-position":"center center","background-size":"auto","background-attachment":"scroll","background-type":"","background-media":"","overlay-type":"","overlay-color":"","overlay-opacity":"","overlay-gradient":""},"mobile":{"background-color":"","background-image":"","background-repeat":"repeat","background-position":"center center","background-size":"auto","background-attachment":"scroll","background-type":"","background-media":"","overlay-type":"","overlay-color":"","overlay-opacity":"","overlay-gradient":""}},"ast-content-background-meta":{"desktop":{"background-color":"var(--ast-global-color-5)","background-image":"","background-repeat":"repeat","background-position":"center center","background-size":"auto","background-attachment":"scroll","background-type":"","background-media":"","overlay-type":"","overlay-color":"","overlay-opacity":"","overlay-gradient":""},"tablet":{"background-color":"var(--ast-global-color-5)","background-image":"","background-repeat":"repeat","background-position":"center center","background-size":"auto","background-attachment":"scroll","background-type":"","background-media":"","overlay-type":"","overlay-color":"","overlay-opacity":"","overlay-gradient":""},"mobile":{"background-color":"var(--ast-global-color-5)","background-image":"","background-repeat":"repeat","background-position":"center center","background-size":"auto","background-attachment":"scroll","background-type":"","background-media":"","overlay-type":"","overlay-color":"","overlay-opacity":"","overlay-gradient":""}},"footnotes":""},"categories":[1],"tags":[92],"class_list":["post-843","post","type-post","status-publish","format-standard","hentry","category-general","tag-preinscripcio"],"post_mailing_queue_ids":[],"_links":{"self":[{"href":"https:\/\/agora.xtec.cat\/cfa-santadriadebesos\/wp-json\/wp\/v2\/posts\/843","targetHints":{"allow":["GET"]}}],"collection":[{"href":"https:\/\/agora.xtec.cat\/cfa-santadriadebesos\/wp-json\/wp\/v2\/posts"}],"about":[{"href":"https:\/\/agora.xtec.cat\/cfa-santadriadebesos\/wp-json\/wp\/v2\/types\/post"}],"author":[{"embeddable":true,"href":"https:\/\/agora.xtec.cat\/cfa-santadriadebesos\/wp-json\/wp\/v2\/users\/1"}],"replies":[{"embeddable":true,"href":"https:\/\/agora.xtec.cat\/cfa-santadriadebesos\/wp-json\/wp\/v2\/comments?post=843"}],"version-history":[{"count":3,"href":"https:\/\/agora.xtec.cat\/cfa-santadriadebesos\/wp-json\/wp\/v2\/posts\/843\/revisions"}],"predecessor-version":[{"id":850,"href":"https:\/\/agora.xtec.cat\/cfa-santadriadebesos\/wp-json\/wp\/v2\/posts\/843\/revisions\/850"}],"wp:attachment":[{"href":"https:\/\/agora.xtec.cat\/cfa-santadriadebesos\/wp-json\/wp\/v2\/media?parent=843"}],"wp:term":[{"taxonomy":"category","embeddable":true,"href":"https:\/\/agora.xtec.cat\/cfa-santadriadebesos\/wp-json\/wp\/v2\/categories?post=843"},{"taxonomy":"post_tag","embeddable":true,"href":"https:\/\/agora.xtec.cat\/cfa-santadriadebesos\/wp-json\/wp\/v2\/tags?post=843"}],"curies":[{"name":"wp","href":"https:\/\/api.w.org\/{rel}","templated":true}]}}