{"id":837,"date":"2020-06-13T14:01:05","date_gmt":"2020-06-13T12:01:05","guid":{"rendered":"https:\/\/agora.xtec.cat\/cfa-santadriadebesos\/?p=837"},"modified":"2020-06-13T14:26:11","modified_gmt":"2020-06-13T12:26:11","slug":"com-sha-de-fer-la-preinscripcio","status":"publish","type":"post","link":"https:\/\/agora.xtec.cat\/cfa-santadriadebesos\/general\/com-sha-de-fer-la-preinscripcio\/","title":{"rendered":"Com s&#8217;ha de fer la preinscripci\u00f3?"},"content":{"rendered":"<table style=\"width: 1359px;\">\n<tbody>\n<tr>\n<td style=\"width: 1353px; background-color: #eb952d; vertical-align: middle;\"><span style=\"color: #444444;\"><span style=\"font-family: Book Antiqua, serif;\"><span style=\"font-size: medium;\"><b>Telem\u00e0ticament<\/b><\/span><\/span><\/span><\/td>\n<\/tr>\n<\/tbody>\n<\/table>\n<p><span style=\"font-family: inherit; font-size: 1em; color: #444444;\"><span style=\"font-family: Book Antiqua, serif;\"><span style=\"font-size: medium;\"><span lang=\"ca-ES\">Cal enviar un correu electr\u00f2nic a l\u2019adre\u00e7a <\/span><\/span><\/span><\/span><a style=\"font-family: inherit; font-size: 1em;\" href=\"mailto:a8076650@xtec.cat\">a8076650@xtec.cat<\/a><b style=\"font-family: inherit; font-size: 1em;\"> <\/b><span style=\"font-family: inherit; font-size: 1em; color: #444444;\"><span style=\"font-family: Book Antiqua, serif;\"><span style=\"font-size: medium;\"><span lang=\"ca-ES\">adjuntant:<\/span><\/span><\/span><\/span><\/p>\n<ul>\n<li style=\"list-style-type: none;\">\n<ul>\n<li><span style=\"color: #444444;\"><span style=\"font-family: Book Antiqua, serif;\"><span style=\"font-size: medium;\"><span lang=\"ca-ES\">La <\/span><\/span><\/span><\/span><a href=\"http:\/\/ensenyament.gencat.cat\/web\/shared\/OVT\/Departaments\/ENS\/TramitOVT\/preinscripcio\/adults\/9446-adults.pdf\">SOL\u00b7LICITUD DE PREINSCRIPCI\u00d3<\/a> <span style=\"color: #444444;\"><span style=\"font-family: Book Antiqua, serif;\"><span style=\"font-size: medium;\"><span lang=\"ca-ES\">(que estar\u00e0 disponible entre el 15 al 29 de juny) omplerta en format pdf o fotografiada. <\/span><\/span><\/span><\/span> <span style=\"font-size: 1em; font-family: 'Book Antiqua', serif;\"><span style=\"color: #444444;\"><span style=\"font-size: medium;\"><span lang=\"ca-ES\">Pots accedir-hi clicant aqu\u00ed.<a href=\"http:\/\/ensenyament.gencat.cat\/web\/shared\/OVT\/Departaments\/ENS\/TramitOVT\/preinscripcio\/adults\/9446-adults.pdf\"><img loading=\"lazy\" decoding=\"async\" class=\"alignright wp-image-838 size-thumbnail\" title=\"sol\u00b7licitud de preinscripci\u00f3\" src=\"https:\/\/agora.xtec.cat\/cfa-santadriadebesos\/wp-content\/uploads\/usu1359\/2020\/06\/img52-150x150.jpg\" alt=\"\" width=\"150\" height=\"150\" \/><\/a><\/span><\/span><\/span><\/span><\/li>\n<\/ul>\n<\/li>\n<\/ul>\n<ul>\n<li style=\"list-style-type: none;\">\n<ul>\n<li>\n<p lang=\"ca-ES\"><span style=\"color: #444444;\"><span style=\"font-family: Book Antiqua, serif;\"><span style=\"font-size: medium;\">La fotografia o arxius escanejats del DNI, NIE o passaport.<\/span><\/span><\/span><\/p>\n<\/li>\n<\/ul>\n<\/li>\n<\/ul>\n<p lang=\"ca-ES\"><span style=\"color: #444444;\"><span style=\"font-family: Book Antiqua, serif;\"><span style=\"font-size: medium;\">Des del centre us enviarem un correu de confirmaci\u00f3 que servir\u00e0 de justificant de la recepci\u00f3 de la preinscripci\u00f3.<\/span><\/span><\/span><\/p>\n<p lang=\"ca-ES\"><a href=\"https:\/\/agora.xtec.cat\/cfa-santadriadebesos\/?p=843&amp;preview=true\"><span style=\"color: #444444;\"><span style=\"font-family: Book Antiqua, serif;\"><span style=\"font-size: medium;\">I en cas de menors d&#8217;edat?<\/span><\/span><\/span><\/a><\/p>\n<table style=\"width: 825px; background-color: #eb952d;\">\n<tbody>\n<tr>\n<td style=\"width: 819px;\"><span style=\"color: #444444;\"><span style=\"font-family: Book Antiqua, serif;\"><span style=\"font-size: medium;\">L&#8217;<b>atenci\u00f3 presencial <\/b>nom\u00e9s es concedir\u00e0 en casos excepcionals, quan s&#8217;hagi sol\u00b7licitat cita pr\u00e8via per tel\u00e8fon.<\/span><\/span><\/span><\/td>\n<\/tr>\n<\/tbody>\n<\/table>\n<p><span style=\"font-family: Book Antiqua, serif;\"><span style=\"color: #444444;\"><span style=\"font-size: medium;\"><span lang=\"ca-ES\">En els casos excepcionals en qu\u00e8 no es pugui evitar la presencialitat, es pot demanar una cita pr\u00e8via per a rebre atenci\u00f3 presencial al centre. <\/span><\/span><\/span><\/span><\/p>\n<p><span style=\"font-family: Book Antiqua, serif;\"><span style=\"color: #444444;\"><span style=\"font-size: medium;\"><span lang=\"ca-ES\">Per demanar <\/span><\/span><\/span><span style=\"color: #444444;\"><span style=\"font-size: medium;\"><span lang=\"ca-ES\"><b>CITA PR\u00c8VIA<\/b><\/span><\/span><\/span><span style=\"color: #444444;\"><span style=\"font-size: medium;\"><span lang=\"ca-ES\"> cal trucar al tel\u00e8fon <\/span><\/span><\/span><span style=\"color: #444444;\"><span style=\"font-size: medium;\"><span lang=\"ca-ES\"><b>93 381 70 74<\/b><\/span><\/span><\/span><span style=\"color: #444444;\"><span style=\"font-size: medium;\"><span lang=\"ca-ES\"> o al <\/span><\/span><\/span><span style=\"color: #444444;\"><span style=\"font-size: medium;\"><span lang=\"ca-ES\"><b>93 381 93 46<\/b><\/span><\/span><\/span><span style=\"color: #444444;\"><span style=\"font-size: medium;\"><span lang=\"ca-ES\"> a partir del 15 de juny en el seg\u00fcent horari: <\/span><\/span><\/span><\/span><span style=\"color: #444444;\"><span style=\"font-family: Book Antiqua, serif;\"><span style=\"font-size: medium;\">De <strong>dilluns a dijous de 10h a 13h<\/strong><\/span><\/span><\/span><\/p>\n<p><span style=\"font-family: Book Antiqua, serif;\"><span style=\"color: #444444;\"><span style=\"font-size: medium;\"><span lang=\"ca-ES\"><u>Indicacions per a la preinscripci\u00f3 presencial<\/u><\/span><\/span><\/span><span style=\"color: #444444;\"><span style=\"font-size: medium;\"><span lang=\"ca-ES\">:<\/span><\/span><\/span><\/span><\/p>\n<ul>\n<li style=\"list-style-type: none;\">\n<ul>\n<li><span style=\"font-family: Book Antiqua, serif;\"><span style=\"color: #444444;\"><span style=\"font-size: medium;\"><span lang=\"ca-ES\">Cal portar una <\/span><\/span><\/span><span style=\"color: #444444;\"><span style=\"font-size: medium;\"><span lang=\"ca-ES\"><b>fotoc\u00f2pia del DNI, NIE o passaport<\/b><\/span><\/span><\/span><\/span><\/li>\n<li>\n<p lang=\"ca-ES\"><span style=\"color: #444444;\"><span style=\"font-family: Book Antiqua, serif;\"><span style=\"font-size: medium;\">Es recomana portar la sol\u00b7licitud ja emplenada.<\/span><\/span><\/span><\/p>\n<\/li>\n<li>\n<p lang=\"ca-ES\"><span style=\"color: #444444;\"><span style=\"font-family: Book Antiqua, serif;\"><span style=\"font-size: medium;\">Cal portar el propi bol\u00edgraf.<\/span><\/span><\/span><\/p>\n<\/li>\n<li>\n<p lang=\"ca-ES\"><span style=\"color: #444444;\"><span style=\"font-family: Book Antiqua, serif;\"><span style=\"font-size: medium;\">Cal portar mascareta.<\/span><\/span><\/span><\/p>\n<\/li>\n<\/ul>\n<\/li>\n<\/ul>\n<p><a href=\"https:\/\/agora.xtec.cat\/cfa-santadriadebesos\/?p=843&amp;preview=true\"><span style=\"color: #444444;\"><span style=\"font-family: Book Antiqua, serif;\"><span style=\"font-size: medium;\">I en cas de menors d&#8217;edat?<\/span><\/span><\/span><\/a><\/p>\n","protected":false},"excerpt":{"rendered":"<p>Telem\u00e0ticament Cal enviar un correu electr\u00f2nic a l\u2019adre\u00e7a a8076650@xtec.cat adjuntant: La SOL\u00b7LICITUD DE PREINSCRIPCI\u00d3 (que estar\u00e0 disponible entre el 15 al 29 de juny) omplerta en format pdf o fotografiada. Pots accedir-hi clicant aqu\u00ed. La fotografia o arxius escanejats del DNI, NIE o passaport. Des del centre us enviarem un correu de confirmaci\u00f3 que servir\u00e0 [&hellip;]<\/p>\n","protected":false},"author":1,"featured_media":0,"comment_status":"closed","ping_status":"closed","sticky":false,"template":"","format":"standard","meta":{"_bbp_topic_count":0,"_bbp_reply_count":0,"_bbp_total_topic_count":0,"_bbp_total_reply_count":0,"_bbp_voice_count":0,"_bbp_anonymous_reply_count":0,"_bbp_topic_count_hidden":0,"_bbp_reply_count_hidden":0,"_bbp_forum_subforum_count":0,"site-sidebar-layout":"default","site-content-layout":"","ast-site-content-layout":"","site-content-style":"default","site-sidebar-style":"default","ast-global-header-display":"","ast-banner-title-visibility":"","ast-main-header-display":"","ast-hfb-above-header-display":"","ast-hfb-below-header-display":"","ast-hfb-mobile-header-display":"","site-post-title":"","ast-breadcrumbs-content":"","ast-featured-img":"","footer-sml-layout":"","theme-transparent-header-meta":"","adv-header-id-meta":"","stick-header-meta":"","header-above-stick-meta":"","header-main-stick-meta":"","header-below-stick-meta":"","astra-migrate-meta-layouts":"default","ast-page-background-enabled":"default","ast-page-background-meta":{"desktop":{"background-color":"var(--ast-global-color-4)","background-image":"","background-repeat":"repeat","background-position":"center center","background-size":"auto","background-attachment":"scroll","background-type":"","background-media":"","overlay-type":"","overlay-color":"","overlay-opacity":"","overlay-gradient":""},"tablet":{"background-color":"","background-image":"","background-repeat":"repeat","background-position":"center center","background-size":"auto","background-attachment":"scroll","background-type":"","background-media":"","overlay-type":"","overlay-color":"","overlay-opacity":"","overlay-gradient":""},"mobile":{"background-color":"","background-image":"","background-repeat":"repeat","background-position":"center center","background-size":"auto","background-attachment":"scroll","background-type":"","background-media":"","overlay-type":"","overlay-color":"","overlay-opacity":"","overlay-gradient":""}},"ast-content-background-meta":{"desktop":{"background-color":"var(--ast-global-color-5)","background-image":"","background-repeat":"repeat","background-position":"center center","background-size":"auto","background-attachment":"scroll","background-type":"","background-media":"","overlay-type":"","overlay-color":"","overlay-opacity":"","overlay-gradient":""},"tablet":{"background-color":"var(--ast-global-color-5)","background-image":"","background-repeat":"repeat","background-position":"center center","background-size":"auto","background-attachment":"scroll","background-type":"","background-media":"","overlay-type":"","overlay-color":"","overlay-opacity":"","overlay-gradient":""},"mobile":{"background-color":"var(--ast-global-color-5)","background-image":"","background-repeat":"repeat","background-position":"center center","background-size":"auto","background-attachment":"scroll","background-type":"","background-media":"","overlay-type":"","overlay-color":"","overlay-opacity":"","overlay-gradient":""}},"footnotes":""},"categories":[1],"tags":[],"class_list":["post-837","post","type-post","status-publish","format-standard","hentry","category-general"],"post_mailing_queue_ids":[],"_links":{"self":[{"href":"https:\/\/agora.xtec.cat\/cfa-santadriadebesos\/wp-json\/wp\/v2\/posts\/837","targetHints":{"allow":["GET"]}}],"collection":[{"href":"https:\/\/agora.xtec.cat\/cfa-santadriadebesos\/wp-json\/wp\/v2\/posts"}],"about":[{"href":"https:\/\/agora.xtec.cat\/cfa-santadriadebesos\/wp-json\/wp\/v2\/types\/post"}],"author":[{"embeddable":true,"href":"https:\/\/agora.xtec.cat\/cfa-santadriadebesos\/wp-json\/wp\/v2\/users\/1"}],"replies":[{"embeddable":true,"href":"https:\/\/agora.xtec.cat\/cfa-santadriadebesos\/wp-json\/wp\/v2\/comments?post=837"}],"version-history":[{"count":3,"href":"https:\/\/agora.xtec.cat\/cfa-santadriadebesos\/wp-json\/wp\/v2\/posts\/837\/revisions"}],"predecessor-version":[{"id":848,"href":"https:\/\/agora.xtec.cat\/cfa-santadriadebesos\/wp-json\/wp\/v2\/posts\/837\/revisions\/848"}],"wp:attachment":[{"href":"https:\/\/agora.xtec.cat\/cfa-santadriadebesos\/wp-json\/wp\/v2\/media?parent=837"}],"wp:term":[{"taxonomy":"category","embeddable":true,"href":"https:\/\/agora.xtec.cat\/cfa-santadriadebesos\/wp-json\/wp\/v2\/categories?post=837"},{"taxonomy":"post_tag","embeddable":true,"href":"https:\/\/agora.xtec.cat\/cfa-santadriadebesos\/wp-json\/wp\/v2\/tags?post=837"}],"curies":[{"name":"wp","href":"https:\/\/api.w.org\/{rel}","templated":true}]}}