{"id":816,"date":"2020-05-22T12:23:44","date_gmt":"2020-05-22T10:23:44","guid":{"rendered":"https:\/\/agora.xtec.cat\/cfa-santadriadebesos\/?p=816"},"modified":"2020-05-22T12:27:38","modified_gmt":"2020-05-22T10:27:38","slug":"proves-lliures-geso-nou-calendari","status":"publish","type":"post","link":"https:\/\/agora.xtec.cat\/cfa-santadriadebesos\/general\/proves-lliures-geso-nou-calendari\/","title":{"rendered":"Proves lliures GESO. Nou calendari!!!"},"content":{"rendered":"<p>Les mesures preses per part del Departament d\u2019Educaci\u00f3 i el Departament de Salut del dia 12 de mar\u00e7 en relaci\u00f3 a la Covid-19, van suposar la suspensi\u00f3 de la prova de comunicaci\u00f3 prevista per a divendres 13 de mar\u00e7.<\/p>\n<p>Us informem que la nova data de l\u2019examen de comunicaci\u00f3\u00a0<strong>ser\u00e0 el 5 de juny.<\/strong><\/p>\n<p>Properament s\u2019informar\u00e0 de l\u2019hora de la convocat\u00f2ria.<\/p>\n<p><strong><u>NOU CALENDARI<\/u><\/strong><\/p>\n<ul>\n<li><strong>Examen de Comunicaci\u00f3<\/strong>: 5 de juny de 2020<\/li>\n<li><strong>Qualificacions provisionals:<\/strong>\u00a0a partir del 10 de juny de 2020<\/li>\n<li><strong>Presentaci\u00f3 de reclamacions mitjan\u00e7ant un correu electr\u00f2nic adre\u00e7at a la b\u00fastia corporativa del centre:<\/strong>\u00a0de l\u201911 al 15 de juny de 2020<\/li>\n<li><strong>Qualificacions definitives:<\/strong>\u00a0a partir del 17 de juny de de 2020<\/li>\n<\/ul>\n<p>Totes les dates proposades del mes de juny s\u00f3n provisionals i poden variar en funci\u00f3 de l\u2019evoluci\u00f3 de la pand\u00e8mia. M\u00e9s informaci\u00f3 clicant a\u00a0<a href=\"http:\/\/ensenyament.gencat.cat\/ca\/serveis-tramits\/proves\/proves-lliures-obtencio-titols\/\">l\u2019enlla\u00e7<\/a>.<\/p>\n","protected":false},"excerpt":{"rendered":"<p>Les mesures preses per part del Departament d\u2019Educaci\u00f3 i el Departament de Salut del dia 12 de mar\u00e7 en relaci\u00f3 a la Covid-19, van suposar la suspensi\u00f3 de la prova de comunicaci\u00f3 prevista per a divendres 13 de mar\u00e7. Us informem que la nova data de l\u2019examen de comunicaci\u00f3\u00a0ser\u00e0 el 5 de juny. Properament s\u2019informar\u00e0 [&hellip;]<\/p>\n","protected":false},"author":1,"featured_media":0,"comment_status":"closed","ping_status":"closed","sticky":false,"template":"","format":"standard","meta":{"_bbp_topic_count":0,"_bbp_reply_count":0,"_bbp_total_topic_count":0,"_bbp_total_reply_count":0,"_bbp_voice_count":0,"_bbp_anonymous_reply_count":0,"_bbp_topic_count_hidden":0,"_bbp_reply_count_hidden":0,"_bbp_forum_subforum_count":0,"site-sidebar-layout":"default","site-content-layout":"","ast-site-content-layout":"","site-content-style":"default","site-sidebar-style":"default","ast-global-header-display":"","ast-banner-title-visibility":"","ast-main-header-display":"","ast-hfb-above-header-display":"","ast-hfb-below-header-display":"","ast-hfb-mobile-header-display":"","site-post-title":"","ast-breadcrumbs-content":"","ast-featured-img":"","footer-sml-layout":"","theme-transparent-header-meta":"","adv-header-id-meta":"","stick-header-meta":"","header-above-stick-meta":"","header-main-stick-meta":"","header-below-stick-meta":"","astra-migrate-meta-layouts":"default","ast-page-background-enabled":"default","ast-page-background-meta":{"desktop":{"background-color":"var(--ast-global-color-4)","background-image":"","background-repeat":"repeat","background-position":"center center","background-size":"auto","background-attachment":"scroll","background-type":"","background-media":"","overlay-type":"","overlay-color":"","overlay-opacity":"","overlay-gradient":""},"tablet":{"background-color":"","background-image":"","background-repeat":"repeat","background-position":"center center","background-size":"auto","background-attachment":"scroll","background-type":"","background-media":"","overlay-type":"","overlay-color":"","overlay-opacity":"","overlay-gradient":""},"mobile":{"background-color":"","background-image":"","background-repeat":"repeat","background-position":"center center","background-size":"auto","background-attachment":"scroll","background-type":"","background-media":"","overlay-type":"","overlay-color":"","overlay-opacity":"","overlay-gradient":""}},"ast-content-background-meta":{"desktop":{"background-color":"var(--ast-global-color-5)","background-image":"","background-repeat":"repeat","background-position":"center center","background-size":"auto","background-attachment":"scroll","background-type":"","background-media":"","overlay-type":"","overlay-color":"","overlay-opacity":"","overlay-gradient":""},"tablet":{"background-color":"var(--ast-global-color-5)","background-image":"","background-repeat":"repeat","background-position":"center center","background-size":"auto","background-attachment":"scroll","background-type":"","background-media":"","overlay-type":"","overlay-color":"","overlay-opacity":"","overlay-gradient":""},"mobile":{"background-color":"var(--ast-global-color-5)","background-image":"","background-repeat":"repeat","background-position":"center center","background-size":"auto","background-attachment":"scroll","background-type":"","background-media":"","overlay-type":"","overlay-color":"","overlay-opacity":"","overlay-gradient":""}},"footnotes":""},"categories":[1,29],"tags":[],"class_list":["post-816","post","type-post","status-publish","format-standard","hentry","category-general","category-portada"],"post_mailing_queue_ids":[],"_links":{"self":[{"href":"https:\/\/agora.xtec.cat\/cfa-santadriadebesos\/wp-json\/wp\/v2\/posts\/816","targetHints":{"allow":["GET"]}}],"collection":[{"href":"https:\/\/agora.xtec.cat\/cfa-santadriadebesos\/wp-json\/wp\/v2\/posts"}],"about":[{"href":"https:\/\/agora.xtec.cat\/cfa-santadriadebesos\/wp-json\/wp\/v2\/types\/post"}],"author":[{"embeddable":true,"href":"https:\/\/agora.xtec.cat\/cfa-santadriadebesos\/wp-json\/wp\/v2\/users\/1"}],"replies":[{"embeddable":true,"href":"https:\/\/agora.xtec.cat\/cfa-santadriadebesos\/wp-json\/wp\/v2\/comments?post=816"}],"version-history":[{"count":1,"href":"https:\/\/agora.xtec.cat\/cfa-santadriadebesos\/wp-json\/wp\/v2\/posts\/816\/revisions"}],"predecessor-version":[{"id":817,"href":"https:\/\/agora.xtec.cat\/cfa-santadriadebesos\/wp-json\/wp\/v2\/posts\/816\/revisions\/817"}],"wp:attachment":[{"href":"https:\/\/agora.xtec.cat\/cfa-santadriadebesos\/wp-json\/wp\/v2\/media?parent=816"}],"wp:term":[{"taxonomy":"category","embeddable":true,"href":"https:\/\/agora.xtec.cat\/cfa-santadriadebesos\/wp-json\/wp\/v2\/categories?post=816"},{"taxonomy":"post_tag","embeddable":true,"href":"https:\/\/agora.xtec.cat\/cfa-santadriadebesos\/wp-json\/wp\/v2\/tags?post=816"}],"curies":[{"name":"wp","href":"https:\/\/api.w.org\/{rel}","templated":true}]}}