{"id":732,"date":"2020-03-12T16:56:42","date_gmt":"2020-03-12T15:56:42","guid":{"rendered":"https:\/\/agora.xtec.cat\/cfa-santadriadebesos\/?p=732"},"modified":"2020-05-11T20:51:23","modified_gmt":"2020-05-11T18:51:23","slug":"tancament-del-centre","status":"publish","type":"post","link":"https:\/\/agora.xtec.cat\/cfa-santadriadebesos\/general\/tancament-del-centre\/","title":{"rendered":"Tancament del centre- Pla d&#8217;Actuaci\u00f3 del Procicat"},"content":{"rendered":"<table style=\"height: 222px; width: 1054px; background-color: #d44242;\">\n<tbody>\n<tr>\n<td style=\"width: 138px;\"><\/td>\n<td style=\"width: 908px;\"><img loading=\"lazy\" decoding=\"async\" class=\"aligncenter wp-image-753\" src=\"https:\/\/agora.xtec.cat\/cfa-santadriadebesos\/wp-content\/uploads\/usu1359\/2020\/03\/Nota-Treballs-Alumnat-COVID-1024x342.png\" alt=\"\" width=\"628\" height=\"210\" srcset=\"https:\/\/agora.xtec.cat\/cfa-santadriadebesos\/wp-content\/uploads\/usu1359\/2020\/03\/Nota-Treballs-Alumnat-COVID-1024x342.png 1024w, https:\/\/agora.xtec.cat\/cfa-santadriadebesos\/wp-content\/uploads\/usu1359\/2020\/03\/Nota-Treballs-Alumnat-COVID-300x100.png 300w, https:\/\/agora.xtec.cat\/cfa-santadriadebesos\/wp-content\/uploads\/usu1359\/2020\/03\/Nota-Treballs-Alumnat-COVID-768x256.png 768w, https:\/\/agora.xtec.cat\/cfa-santadriadebesos\/wp-content\/uploads\/usu1359\/2020\/03\/Nota-Treballs-Alumnat-COVID.png 1100w\" sizes=\"auto, (max-width: 628px) 100vw, 628px\" \/><\/td>\n<\/tr>\n<tr style=\"height: 138px;\">\n<td style=\"width: 138px; height: 138px; background-color: #a13a3a;\">\n<h1><img loading=\"lazy\" decoding=\"async\" class=\"aligncenter size-full wp-image-733\" src=\"https:\/\/agora.xtec.cat\/cfa-santadriadebesos\/wp-content\/uploads\/usu1359\/2020\/03\/coronavirus2.jpg\" alt=\"\" width=\"256\" height=\"256\" srcset=\"https:\/\/agora.xtec.cat\/cfa-santadriadebesos\/wp-content\/uploads\/usu1359\/2020\/03\/coronavirus2.jpg 256w, https:\/\/agora.xtec.cat\/cfa-santadriadebesos\/wp-content\/uploads\/usu1359\/2020\/03\/coronavirus2-150x150.jpg 150w\" sizes=\"auto, (max-width: 256px) 100vw, 256px\" \/><\/h1>\n<\/td>\n<td style=\"width: 908px; height: 138px; background-color: #ba3f3f;\">\n<h1><span style=\"color: #000000;\">El Govern tanca a partir de dem\u00e0 tots els centres educatius de Catalunya<\/span><\/h1>\n<\/td>\n<\/tr>\n<tr style=\"height: 84px; background-color: #e36464;\">\n<td style=\"width: 138px; height: 84px;\">\n<p style=\"text-align: center;\"><strong><span style=\"color: #000000;\"><em>Carta del Departament d&#8217;Educaci\u00f3 a les families<\/em><\/span><\/strong><a href=\"https:\/\/drive.google.com\/file\/d\/1c01sqRcXvKuD0d0q9J7SwaZ7g7g-ObKL\/view?usp=sharing\" target=\"_blank\" rel=\"noopener noreferrer\"><img loading=\"lazy\" decoding=\"async\" class=\"aligncenter wp-image-745 size-medium\" src=\"https:\/\/agora.xtec.cat\/cfa-santadriadebesos\/wp-content\/uploads\/usu1359\/2020\/03\/IconPDF-268x300.png\" alt=\"\" width=\"268\" height=\"300\" srcset=\"https:\/\/agora.xtec.cat\/cfa-santadriadebesos\/wp-content\/uploads\/usu1359\/2020\/03\/IconPDF-268x300.png 268w, https:\/\/agora.xtec.cat\/cfa-santadriadebesos\/wp-content\/uploads\/usu1359\/2020\/03\/IconPDF-768x861.png 768w, https:\/\/agora.xtec.cat\/cfa-santadriadebesos\/wp-content\/uploads\/usu1359\/2020\/03\/IconPDF-913x1024.png 913w, https:\/\/agora.xtec.cat\/cfa-santadriadebesos\/wp-content\/uploads\/usu1359\/2020\/03\/IconPDF.png 1104w\" sizes=\"auto, (max-width: 268px) 100vw, 268px\" \/><\/a><\/p>\n<\/td>\n<td style=\"width: 908px; height: 84px;\">\n<div class=\"lead\">\n<h5><span style=\"color: #ffffff;\"><strong>La mesura s\u2019ha pres en el marc del Pla d\u2019Actuaci\u00f3 del Procicat per malalties emergents<\/strong><\/span><\/h5>\n<\/div>\n<div class=\"premsa-gencat-article-body\">\n<div class=\"bloc-body\">\n<h5><span style=\"color: #ffffff;\">El Govern de la Generalitat ha decidit tancar a partir de dem\u00e0 tots els centres educatius de Catalunya, en coordinaci\u00f3 amb el Departament de Salut i en el marc del Pla d\u2019Actuaci\u00f3 del Procicat per emerg\u00e8ncies associades a malalties transmissibles emergents amb potencial d\u2019alt risc. Ho fa com a mesura de contenci\u00f3 i per evitar la propagaci\u00f3 del coronavirus. La mesura afectar\u00e0 a tots els centres de Catalunya, siguin de titularitat p\u00fablica, privada concertada, privada o de qualsevol altra titularitat, i a les diferents etapes educatives.<\/span><\/h5>\n<h5><span style=\"color: #ffffff;\">Els centres romandran tancats des\u00b7de divendres 13\/03 fins a divendres 27\/03 ambd\u00f3s inclosos.<\/span><\/h5>\n<p><span style=\"color: #ffffff;\">M\u00e9s informaci\u00f3 a <a style=\"color: #ffffff;\" href=\"https:\/\/govern.cat\/salapremsa\/notes-premsa\/383364\/govern-tanca-partir-dema-tots-centres-educatius-catalunya\" target=\"_blank\" rel=\"noopener noreferrer\">gobern.cat<\/a><\/span><\/p>\n<p><span style=\"color: #ffffff;\">Podeu consultar m\u00e9s informacio a les seg\u00faents p\u00e0gines:<\/span><\/p>\n<ul>\n<li><span style=\"color: #ffffff;\"><a style=\"color: #ffffff;\" href=\"http:\/\/ensenyament.gencat.cat\/ca\/inici\" target=\"_blank\" rel=\"noopener noreferrer\">http:\/\/ensenyament.gencat.cat\/ca\/inici<\/a><\/span><\/li>\n<li><span style=\"color: #ffffff;\"><a style=\"color: #ffffff;\" href=\"http:\/\/salutweb.gencat.cat\/ca\/inici\/\" target=\"_blank\" rel=\"noopener noreferrer\">http:\/\/salutweb.gencat.cat\/ca\/inici\/<\/a><\/span><\/li>\n<\/ul>\n<\/div>\n<\/div>\n<\/td>\n<\/tr>\n<\/tbody>\n<\/table>\n","protected":false},"excerpt":{"rendered":"<p>Tancament del centre- Pla d&#8217;Actuaci\u00f3 del Procicat per a la pand\u00e8mia de la COVID-19<\/p>\n","protected":false},"author":1,"featured_media":733,"comment_status":"closed","ping_status":"closed","sticky":false,"template":"","format":"standard","meta":{"_bbp_topic_count":0,"_bbp_reply_count":0,"_bbp_total_topic_count":0,"_bbp_total_reply_count":0,"_bbp_voice_count":0,"_bbp_anonymous_reply_count":0,"_bbp_topic_count_hidden":0,"_bbp_reply_count_hidden":0,"_bbp_forum_subforum_count":0,"site-sidebar-layout":"default","site-content-layout":"","ast-site-content-layout":"","site-content-style":"default","site-sidebar-style":"default","ast-global-header-display":"","ast-banner-title-visibility":"","ast-main-header-display":"","ast-hfb-above-header-display":"","ast-hfb-below-header-display":"","ast-hfb-mobile-header-display":"","site-post-title":"","ast-breadcrumbs-content":"","ast-featured-img":"","footer-sml-layout":"","theme-transparent-header-meta":"","adv-header-id-meta":"","stick-header-meta":"","header-above-stick-meta":"","header-main-stick-meta":"","header-below-stick-meta":"","astra-migrate-meta-layouts":"default","ast-page-background-enabled":"default","ast-page-background-meta":{"desktop":{"background-color":"var(--ast-global-color-4)","background-image":"","background-repeat":"repeat","background-position":"center center","background-size":"auto","background-attachment":"scroll","background-type":"","background-media":"","overlay-type":"","overlay-color":"","overlay-opacity":"","overlay-gradient":""},"tablet":{"background-color":"","background-image":"","background-repeat":"repeat","background-position":"center center","background-size":"auto","background-attachment":"scroll","background-type":"","background-media":"","overlay-type":"","overlay-color":"","overlay-opacity":"","overlay-gradient":""},"mobile":{"background-color":"","background-image":"","background-repeat":"repeat","background-position":"center center","background-size":"auto","background-attachment":"scroll","background-type":"","background-media":"","overlay-type":"","overlay-color":"","overlay-opacity":"","overlay-gradient":""}},"ast-content-background-meta":{"desktop":{"background-color":"var(--ast-global-color-5)","background-image":"","background-repeat":"repeat","background-position":"center center","background-size":"auto","background-attachment":"scroll","background-type":"","background-media":"","overlay-type":"","overlay-color":"","overlay-opacity":"","overlay-gradient":""},"tablet":{"background-color":"var(--ast-global-color-5)","background-image":"","background-repeat":"repeat","background-position":"center center","background-size":"auto","background-attachment":"scroll","background-type":"","background-media":"","overlay-type":"","overlay-color":"","overlay-opacity":"","overlay-gradient":""},"mobile":{"background-color":"var(--ast-global-color-5)","background-image":"","background-repeat":"repeat","background-position":"center center","background-size":"auto","background-attachment":"scroll","background-type":"","background-media":"","overlay-type":"","overlay-color":"","overlay-opacity":"","overlay-gradient":""}},"footnotes":""},"categories":[1,29],"tags":[88,45],"class_list":["post-732","post","type-post","status-publish","format-standard","has-post-thumbnail","hentry","category-general","category-portada","tag-alertes","tag-salut"],"post_mailing_queue_ids":[],"_links":{"self":[{"href":"https:\/\/agora.xtec.cat\/cfa-santadriadebesos\/wp-json\/wp\/v2\/posts\/732","targetHints":{"allow":["GET"]}}],"collection":[{"href":"https:\/\/agora.xtec.cat\/cfa-santadriadebesos\/wp-json\/wp\/v2\/posts"}],"about":[{"href":"https:\/\/agora.xtec.cat\/cfa-santadriadebesos\/wp-json\/wp\/v2\/types\/post"}],"author":[{"embeddable":true,"href":"https:\/\/agora.xtec.cat\/cfa-santadriadebesos\/wp-json\/wp\/v2\/users\/1"}],"replies":[{"embeddable":true,"href":"https:\/\/agora.xtec.cat\/cfa-santadriadebesos\/wp-json\/wp\/v2\/comments?post=732"}],"version-history":[{"count":4,"href":"https:\/\/agora.xtec.cat\/cfa-santadriadebesos\/wp-json\/wp\/v2\/posts\/732\/revisions"}],"predecessor-version":[{"id":736,"href":"https:\/\/agora.xtec.cat\/cfa-santadriadebesos\/wp-json\/wp\/v2\/posts\/732\/revisions\/736"}],"wp:featuredmedia":[{"embeddable":true,"href":"https:\/\/agora.xtec.cat\/cfa-santadriadebesos\/wp-json\/wp\/v2\/media\/733"}],"wp:attachment":[{"href":"https:\/\/agora.xtec.cat\/cfa-santadriadebesos\/wp-json\/wp\/v2\/media?parent=732"}],"wp:term":[{"taxonomy":"category","embeddable":true,"href":"https:\/\/agora.xtec.cat\/cfa-santadriadebesos\/wp-json\/wp\/v2\/categories?post=732"},{"taxonomy":"post_tag","embeddable":true,"href":"https:\/\/agora.xtec.cat\/cfa-santadriadebesos\/wp-json\/wp\/v2\/tags?post=732"}],"curies":[{"name":"wp","href":"https:\/\/api.w.org\/{rel}","templated":true}]}}