{"id":684,"date":"2020-02-07T14:16:11","date_gmt":"2020-02-07T13:16:11","guid":{"rendered":"https:\/\/agora.xtec.cat\/cfa-santadriadebesos\/?p=684"},"modified":"2020-02-07T14:25:48","modified_gmt":"2020-02-07T13:25:48","slug":"sortida-al-teatre","status":"publish","type":"post","link":"https:\/\/agora.xtec.cat\/cfa-santadriadebesos\/portada\/sortida-al-teatre\/","title":{"rendered":"Sortida al Teatre!!!"},"content":{"rendered":"<h3>Escape Room<\/h3>\n<p><img loading=\"lazy\" decoding=\"async\" class=\"alignnone size-large wp-image-685\" src=\"https:\/\/agora.xtec.cat\/cfa-santadriadebesos\/wp-content\/uploads\/usu1359\/2020\/02\/Escape-Room-1024x359.jpg\" alt=\"\" width=\"1024\" height=\"359\" srcset=\"https:\/\/agora.xtec.cat\/cfa-santadriadebesos\/wp-content\/uploads\/usu1359\/2020\/02\/Escape-Room-1024x359.jpg 1024w, https:\/\/agora.xtec.cat\/cfa-santadriadebesos\/wp-content\/uploads\/usu1359\/2020\/02\/Escape-Room-300x105.jpg 300w, https:\/\/agora.xtec.cat\/cfa-santadriadebesos\/wp-content\/uploads\/usu1359\/2020\/02\/Escape-Room-768x269.jpg 768w, https:\/\/agora.xtec.cat\/cfa-santadriadebesos\/wp-content\/uploads\/usu1359\/2020\/02\/Escape-Room.jpg 1155w\" sizes=\"auto, (max-width: 1024px) 100vw, 1024px\" \/><\/p>\n<p>El <span style=\"color: #800000;\">dijous 12 de mar\u00e7<\/span> anem al <a href=\"https:\/\/www.teatregoya.cat\/ca\/\" target=\"_blank\" rel=\"noopener noreferrer\">Teatre Goya<\/a> a veure <em>Escape Room,<\/em> a la sessi\u00f3 de les <span style=\"color: #800000;\">20.30h<\/span>.<\/p>\n<p>Es una com\u00e8dia creada i dirigida per <em>Joel Joan<\/em> i <em>H\u00e8ctor Claramunt<\/em> i representada per tamb\u00e9 <em>Joel Joan<\/em> i\u00a0<em>Paula Vives<\/em>,\u00a0<em>M\u00f2nica P\u00e9rez<\/em>\u00a0i\u00a0<em>Biel Duran<\/em>.<\/p>\n<p>Una com\u00e8dia de por, on dues parelles d&#8217;amics de tota la vida queden per fer un <em>escape room<\/em> al barri d&#8217;Hostafrancs, on recentment s&#8217;ha trobat, en un contenidor, el cad\u00e0ver d&#8217;un home esquarterat&#8230;\u00a0 Els quatre amics es pensen que els espera un joc divertit per passar l&#8217;estona, posar a prova la seva intel\u00b7lig\u00e8ncia i riure una miqueta. Per\u00f2&#8230;<\/p>\n<p>&nbsp;<\/p>\n","protected":false},"excerpt":{"rendered":"<p>Escape Room El dijous 12 de mar\u00e7 anem al Teatre Goya a veure Escape Room, a la sessi\u00f3 de les 20.30h. Es una com\u00e8dia creada i dirigida per Joel Joan i H\u00e8ctor Claramunt i representada per tamb\u00e9 Joel Joan i\u00a0Paula Vives,\u00a0M\u00f2nica P\u00e9rez\u00a0i\u00a0Biel Duran. Una com\u00e8dia de por, on dues parelles d&#8217;amics de tota la vida [&hellip;]<\/p>\n","protected":false},"author":1,"featured_media":685,"comment_status":"closed","ping_status":"closed","sticky":false,"template":"","format":"standard","meta":{"_bbp_topic_count":0,"_bbp_reply_count":0,"_bbp_total_topic_count":0,"_bbp_total_reply_count":0,"_bbp_voice_count":0,"_bbp_anonymous_reply_count":0,"_bbp_topic_count_hidden":0,"_bbp_reply_count_hidden":0,"_bbp_forum_subforum_count":0,"site-sidebar-layout":"default","site-content-layout":"","ast-site-content-layout":"","site-content-style":"default","site-sidebar-style":"default","ast-global-header-display":"","ast-banner-title-visibility":"","ast-main-header-display":"","ast-hfb-above-header-display":"","ast-hfb-below-header-display":"","ast-hfb-mobile-header-display":"","site-post-title":"","ast-breadcrumbs-content":"","ast-featured-img":"","footer-sml-layout":"","theme-transparent-header-meta":"","adv-header-id-meta":"","stick-header-meta":"","header-above-stick-meta":"","header-main-stick-meta":"","header-below-stick-meta":"","astra-migrate-meta-layouts":"default","ast-page-background-enabled":"default","ast-page-background-meta":{"desktop":{"background-color":"var(--ast-global-color-4)","background-image":"","background-repeat":"repeat","background-position":"center center","background-size":"auto","background-attachment":"scroll","background-type":"","background-media":"","overlay-type":"","overlay-color":"","overlay-opacity":"","overlay-gradient":""},"tablet":{"background-color":"","background-image":"","background-repeat":"repeat","background-position":"center center","background-size":"auto","background-attachment":"scroll","background-type":"","background-media":"","overlay-type":"","overlay-color":"","overlay-opacity":"","overlay-gradient":""},"mobile":{"background-color":"","background-image":"","background-repeat":"repeat","background-position":"center center","background-size":"auto","background-attachment":"scroll","background-type":"","background-media":"","overlay-type":"","overlay-color":"","overlay-opacity":"","overlay-gradient":""}},"ast-content-background-meta":{"desktop":{"background-color":"var(--ast-global-color-5)","background-image":"","background-repeat":"repeat","background-position":"center center","background-size":"auto","background-attachment":"scroll","background-type":"","background-media":"","overlay-type":"","overlay-color":"","overlay-opacity":"","overlay-gradient":""},"tablet":{"background-color":"var(--ast-global-color-5)","background-image":"","background-repeat":"repeat","background-position":"center center","background-size":"auto","background-attachment":"scroll","background-type":"","background-media":"","overlay-type":"","overlay-color":"","overlay-opacity":"","overlay-gradient":""},"mobile":{"background-color":"var(--ast-global-color-5)","background-image":"","background-repeat":"repeat","background-position":"center center","background-size":"auto","background-attachment":"scroll","background-type":"","background-media":"","overlay-type":"","overlay-color":"","overlay-opacity":"","overlay-gradient":""}},"footnotes":""},"categories":[29],"tags":[],"class_list":["post-684","post","type-post","status-publish","format-standard","has-post-thumbnail","hentry","category-portada"],"post_mailing_queue_ids":[],"_links":{"self":[{"href":"https:\/\/agora.xtec.cat\/cfa-santadriadebesos\/wp-json\/wp\/v2\/posts\/684","targetHints":{"allow":["GET"]}}],"collection":[{"href":"https:\/\/agora.xtec.cat\/cfa-santadriadebesos\/wp-json\/wp\/v2\/posts"}],"about":[{"href":"https:\/\/agora.xtec.cat\/cfa-santadriadebesos\/wp-json\/wp\/v2\/types\/post"}],"author":[{"embeddable":true,"href":"https:\/\/agora.xtec.cat\/cfa-santadriadebesos\/wp-json\/wp\/v2\/users\/1"}],"replies":[{"embeddable":true,"href":"https:\/\/agora.xtec.cat\/cfa-santadriadebesos\/wp-json\/wp\/v2\/comments?post=684"}],"version-history":[{"count":3,"href":"https:\/\/agora.xtec.cat\/cfa-santadriadebesos\/wp-json\/wp\/v2\/posts\/684\/revisions"}],"predecessor-version":[{"id":689,"href":"https:\/\/agora.xtec.cat\/cfa-santadriadebesos\/wp-json\/wp\/v2\/posts\/684\/revisions\/689"}],"wp:featuredmedia":[{"embeddable":true,"href":"https:\/\/agora.xtec.cat\/cfa-santadriadebesos\/wp-json\/wp\/v2\/media\/685"}],"wp:attachment":[{"href":"https:\/\/agora.xtec.cat\/cfa-santadriadebesos\/wp-json\/wp\/v2\/media?parent=684"}],"wp:term":[{"taxonomy":"category","embeddable":true,"href":"https:\/\/agora.xtec.cat\/cfa-santadriadebesos\/wp-json\/wp\/v2\/categories?post=684"},{"taxonomy":"post_tag","embeddable":true,"href":"https:\/\/agora.xtec.cat\/cfa-santadriadebesos\/wp-json\/wp\/v2\/tags?post=684"}],"curies":[{"name":"wp","href":"https:\/\/api.w.org\/{rel}","templated":true}]}}