{"id":2679,"date":"2025-06-04T12:43:39","date_gmt":"2025-06-04T10:43:39","guid":{"rendered":"https:\/\/agora.xtec.cat\/cfa-santadriadebesos\/?p=2679"},"modified":"2025-06-04T12:43:39","modified_gmt":"2025-06-04T10:43:39","slug":"taller-gratuit-descobrim-el-mon-digital","status":"publish","type":"post","link":"https:\/\/agora.xtec.cat\/cfa-santadriadebesos\/general\/taller-gratuit-descobrim-el-mon-digital\/","title":{"rendered":"Taller gratu\u00eft: Descobrim el m\u00f3n digital!"},"content":{"rendered":"<p data-start=\"228\" data-end=\"448\"><a href=\"https:\/\/agora.xtec.cat\/cfa-santadriadebesos\/wp-content\/uploads\/usu1359\/2025\/06\/Captura-de-pantalla-2025-06-04-124152.jpg\"><img loading=\"lazy\" decoding=\"async\" class=\"aligncenter size-full wp-image-2680\" src=\"https:\/\/agora.xtec.cat\/cfa-santadriadebesos\/wp-content\/uploads\/usu1359\/2025\/06\/Captura-de-pantalla-2025-06-04-124152.jpg\" alt=\"\" width=\"481\" height=\"613\" srcset=\"https:\/\/agora.xtec.cat\/cfa-santadriadebesos\/wp-content\/uploads\/usu1359\/2025\/06\/Captura-de-pantalla-2025-06-04-124152.jpg 481w, https:\/\/agora.xtec.cat\/cfa-santadriadebesos\/wp-content\/uploads\/usu1359\/2025\/06\/Captura-de-pantalla-2025-06-04-124152-235x300.jpg 235w\" sizes=\"auto, (max-width: 481px) 100vw, 481px\" \/><\/a><\/p>\n<p data-start=\"228\" data-end=\"448\"><br data-start=\"276\" data-end=\"279\" \/>\ud83d\udd39 Vols perdre la por al m\u00f2bil i comen\u00e7ar a fer-lo servir amb confian\u00e7a?<br data-start=\"351\" data-end=\"354\" \/>\ud83d\udd39 T\u2019agradaria aprendre a fer trucades, enviar missatges o utilitzar aplicacions com WhatsApp?<\/p>\n<p data-start=\"450\" data-end=\"580\">Et convidem a un curs pr\u00e0ctic, f\u00e0cil i divertit pensat per a <strong data-start=\"511\" data-end=\"550\">persones que volen comen\u00e7ar de zero<\/strong> amb les tecnologies digitals.<\/p>\n<p data-start=\"582\" data-end=\"738\">\ud83d\udc49 Aprendrem a:<br data-start=\"597\" data-end=\"600\" \/>\u2705 Fer servir el m\u00f2bil pas a pas<br data-start=\"631\" data-end=\"634\" \/>\u2705 Guardar contactes i trucar<br data-start=\"662\" data-end=\"665\" \/>\u2705 Personalitzar el dispositiu<br data-start=\"694\" data-end=\"697\" \/>\u2705 Instal\u00b7lar apps \u00fatils per comunicar-nos<\/p>\n<p data-start=\"740\" data-end=\"810\">\ud83d\udccd <strong data-start=\"743\" data-end=\"750\">On?<\/strong> C. Joan Fiveller, 11 \u2013 Sant Adri\u00e0 de Bes\u00f2s<br data-start=\"793\" data-end=\"796\" \/>\ud83d\udcc5 <strong data-start=\"799\" data-end=\"808\">Quan?<\/strong><\/p>\n<ul data-start=\"811\" data-end=\"1012\">\n<li data-start=\"811\" data-end=\"844\">\n<p data-start=\"813\" data-end=\"844\">Dilluns 30\/06 \u2013 10:00 a 12:30<\/p>\n<\/li>\n<li data-start=\"845\" data-end=\"878\">\n<p data-start=\"847\" data-end=\"878\">Dimarts 01\/07 \u2013 10:00 a 12:30<\/p>\n<\/li>\n<li data-start=\"879\" data-end=\"913\">\n<p data-start=\"881\" data-end=\"913\">Dimecres 02\/07 \u2013 10:00 a 12:30<\/p>\n<\/li>\n<li data-start=\"914\" data-end=\"946\">\n<p data-start=\"916\" data-end=\"946\">Dijous 03\/07 \u2013 10:00 a 12:30<\/p>\n<\/li>\n<li data-start=\"947\" data-end=\"980\">\n<p data-start=\"949\" data-end=\"980\">Dilluns 07\/07 \u2013 10:00 a 12:30<\/p>\n<\/li>\n<li data-start=\"981\" data-end=\"1012\">\n<p data-start=\"983\" data-end=\"1012\">Dimarts 08\/07 \u2013 10:00 a 12:30<\/p>\n<\/li>\n<\/ul>\n<p data-start=\"1014\" data-end=\"1096\">\ud83c\udf93 <strong data-start=\"1017\" data-end=\"1061\">15 hores en total. Modalitat presencial.<\/strong><br data-start=\"1061\" data-end=\"1064\" \/>\ud83d\udcf1 Porta el teu m\u00f2bil o tauleta!<\/p>\n<p data-start=\"1098\" data-end=\"1150\">\u270d\ufe0f Places limitades! Informa\u2019t i apunta\u2019t al centre.<\/p>\n","protected":false},"excerpt":{"rendered":"<p>\ud83d\udd39 Vols perdre la por al m\u00f2bil i comen\u00e7ar a fer-lo servir amb confian\u00e7a?\ud83d\udd39 T\u2019agradaria aprendre a fer trucades, enviar missatges o utilitzar aplicacions com WhatsApp? Et convidem a un curs pr\u00e0ctic, f\u00e0cil i divertit pensat per a persones que volen comen\u00e7ar de zero amb les tecnologies digitals. \ud83d\udc49 Aprendrem a:\u2705 Fer servir el m\u00f2bil [&hellip;]<\/p>\n","protected":false},"author":1,"featured_media":2680,"comment_status":"open","ping_status":"open","sticky":false,"template":"","format":"standard","meta":{"_bbp_topic_count":0,"_bbp_reply_count":0,"_bbp_total_topic_count":0,"_bbp_total_reply_count":0,"_bbp_voice_count":0,"_bbp_anonymous_reply_count":0,"_bbp_topic_count_hidden":0,"_bbp_reply_count_hidden":0,"_bbp_forum_subforum_count":0,"site-sidebar-layout":"default","site-content-layout":"","ast-site-content-layout":"default","site-content-style":"default","site-sidebar-style":"default","ast-global-header-display":"","ast-banner-title-visibility":"","ast-main-header-display":"","ast-hfb-above-header-display":"","ast-hfb-below-header-display":"","ast-hfb-mobile-header-display":"","site-post-title":"","ast-breadcrumbs-content":"","ast-featured-img":"","footer-sml-layout":"","theme-transparent-header-meta":"default","adv-header-id-meta":"","stick-header-meta":"","header-above-stick-meta":"","header-main-stick-meta":"","header-below-stick-meta":"","astra-migrate-meta-layouts":"set","ast-page-background-enabled":"default","ast-page-background-meta":{"desktop":{"background-color":"var(--ast-global-color-4)","background-image":"","background-repeat":"repeat","background-position":"center center","background-size":"auto","background-attachment":"scroll","background-type":"","background-media":"","overlay-type":"","overlay-color":"","overlay-opacity":"","overlay-gradient":""},"tablet":{"background-color":"","background-image":"","background-repeat":"repeat","background-position":"center center","background-size":"auto","background-attachment":"scroll","background-type":"","background-media":"","overlay-type":"","overlay-color":"","overlay-opacity":"","overlay-gradient":""},"mobile":{"background-color":"","background-image":"","background-repeat":"repeat","background-position":"center center","background-size":"auto","background-attachment":"scroll","background-type":"","background-media":"","overlay-type":"","overlay-color":"","overlay-opacity":"","overlay-gradient":""}},"ast-content-background-meta":{"desktop":{"background-color":"var(--ast-global-color-5)","background-image":"","background-repeat":"repeat","background-position":"center center","background-size":"auto","background-attachment":"scroll","background-type":"","background-media":"","overlay-type":"","overlay-color":"","overlay-opacity":"","overlay-gradient":""},"tablet":{"background-color":"var(--ast-global-color-5)","background-image":"","background-repeat":"repeat","background-position":"center center","background-size":"auto","background-attachment":"scroll","background-type":"","background-media":"","overlay-type":"","overlay-color":"","overlay-opacity":"","overlay-gradient":""},"mobile":{"background-color":"var(--ast-global-color-5)","background-image":"","background-repeat":"repeat","background-position":"center center","background-size":"auto","background-attachment":"scroll","background-type":"","background-media":"","overlay-type":"","overlay-color":"","overlay-opacity":"","overlay-gradient":""}},"footnotes":""},"categories":[1,29],"tags":[],"class_list":["post-2679","post","type-post","status-publish","format-standard","has-post-thumbnail","hentry","category-general","category-portada"],"post_mailing_queue_ids":[],"_links":{"self":[{"href":"https:\/\/agora.xtec.cat\/cfa-santadriadebesos\/wp-json\/wp\/v2\/posts\/2679","targetHints":{"allow":["GET"]}}],"collection":[{"href":"https:\/\/agora.xtec.cat\/cfa-santadriadebesos\/wp-json\/wp\/v2\/posts"}],"about":[{"href":"https:\/\/agora.xtec.cat\/cfa-santadriadebesos\/wp-json\/wp\/v2\/types\/post"}],"author":[{"embeddable":true,"href":"https:\/\/agora.xtec.cat\/cfa-santadriadebesos\/wp-json\/wp\/v2\/users\/1"}],"replies":[{"embeddable":true,"href":"https:\/\/agora.xtec.cat\/cfa-santadriadebesos\/wp-json\/wp\/v2\/comments?post=2679"}],"version-history":[{"count":1,"href":"https:\/\/agora.xtec.cat\/cfa-santadriadebesos\/wp-json\/wp\/v2\/posts\/2679\/revisions"}],"predecessor-version":[{"id":2681,"href":"https:\/\/agora.xtec.cat\/cfa-santadriadebesos\/wp-json\/wp\/v2\/posts\/2679\/revisions\/2681"}],"wp:featuredmedia":[{"embeddable":true,"href":"https:\/\/agora.xtec.cat\/cfa-santadriadebesos\/wp-json\/wp\/v2\/media\/2680"}],"wp:attachment":[{"href":"https:\/\/agora.xtec.cat\/cfa-santadriadebesos\/wp-json\/wp\/v2\/media?parent=2679"}],"wp:term":[{"taxonomy":"category","embeddable":true,"href":"https:\/\/agora.xtec.cat\/cfa-santadriadebesos\/wp-json\/wp\/v2\/categories?post=2679"},{"taxonomy":"post_tag","embeddable":true,"href":"https:\/\/agora.xtec.cat\/cfa-santadriadebesos\/wp-json\/wp\/v2\/tags?post=2679"}],"curies":[{"name":"wp","href":"https:\/\/api.w.org\/{rel}","templated":true}]}}