{"id":2668,"date":"2025-06-03T19:42:11","date_gmt":"2025-06-03T17:42:11","guid":{"rendered":"https:\/\/agora.xtec.cat\/cfa-santadriadebesos\/?p=2668"},"modified":"2025-06-03T19:43:08","modified_gmt":"2025-06-03T17:43:08","slug":"taller-practic-sobre-gestio-de-lestres","status":"publish","type":"post","link":"https:\/\/agora.xtec.cat\/cfa-santadriadebesos\/general\/taller-practic-sobre-gestio-de-lestres\/","title":{"rendered":"Taller pr\u00e0ctic sobre gesti\u00f3 de l&#8217;estr\u00e8s"},"content":{"rendered":"<p><a href=\"https:\/\/agora.xtec.cat\/cfa-santadriadebesos\/wp-content\/uploads\/usu1359\/2025\/06\/El-text-del-paragraf.png\"><img loading=\"lazy\" decoding=\"async\" src=\"https:\/\/agora.xtec.cat\/cfa-santadriadebesos\/wp-content\/uploads\/usu1359\/2025\/06\/El-text-del-paragraf.png\" alt=\"\" width=\"1414\" height=\"2000\" \/><\/a><\/p>\n<p>\ud83d\udce3 Nou taller pr\u00e0ctic de gesti\u00f3 de l\u2019estr\u00e8s! \ud83c\udf3f<\/p>\n<p>T\u2019agradaria tenir m\u00e9s eines per gestionar millor l\u2019estr\u00e8s del dia a dia? Vine al nostre taller pr\u00e0ctic on aprendrem estrat\u00e8gies senzilles i efectives per cuidar la nostra salut emocional \ud83d\udc86\u200d\u2640\ufe0f\ud83d\udcac<\/p>\n<p>\ud83d\uddd3 Dilluns 16 de juny<br \/>\n\ud83d\udd64 De 9:30 a 11:00<br \/>\n\ud83d\udccd C\/ Joan Fiveller, 11<\/p>\n<p>La sessi\u00f3 anir\u00e0 a c\u00e0rrec de Laura Mu\u00f1oz, referent de benestar emocional comunit\u00e0ria del CAP Doctor Barraquer de Sant Adri\u00e0 de Bes\u00f2s.<\/p>\n<p>\ud83d\udca1 Activitat gratu\u00efta!<\/p>\n<p>T\u2019hi esperem! \ud83d\udc99<\/p>\n","protected":false},"excerpt":{"rendered":"<p>\ud83d\udce3 Nou taller pr\u00e0ctic de gesti\u00f3 de l\u2019estr\u00e8s! \ud83c\udf3f T\u2019agradaria tenir m\u00e9s eines per gestionar millor l\u2019estr\u00e8s del dia a dia? Vine al nostre taller pr\u00e0ctic on aprendrem estrat\u00e8gies senzilles i efectives per cuidar la nostra salut emocional \ud83d\udc86\u200d\u2640\ufe0f\ud83d\udcac \ud83d\uddd3 Dilluns 16 de juny \ud83d\udd64 De 9:30 a 11:00 \ud83d\udccd C\/ Joan Fiveller, 11 La [&hellip;]<\/p>\n","protected":false},"author":1,"featured_media":2669,"comment_status":"open","ping_status":"open","sticky":false,"template":"","format":"standard","meta":{"_bbp_topic_count":0,"_bbp_reply_count":0,"_bbp_total_topic_count":0,"_bbp_total_reply_count":0,"_bbp_voice_count":0,"_bbp_anonymous_reply_count":0,"_bbp_topic_count_hidden":0,"_bbp_reply_count_hidden":0,"_bbp_forum_subforum_count":0,"site-sidebar-layout":"default","site-content-layout":"","ast-site-content-layout":"default","site-content-style":"default","site-sidebar-style":"default","ast-global-header-display":"","ast-banner-title-visibility":"","ast-main-header-display":"","ast-hfb-above-header-display":"","ast-hfb-below-header-display":"","ast-hfb-mobile-header-display":"","site-post-title":"","ast-breadcrumbs-content":"","ast-featured-img":"","footer-sml-layout":"","theme-transparent-header-meta":"default","adv-header-id-meta":"","stick-header-meta":"","header-above-stick-meta":"","header-main-stick-meta":"","header-below-stick-meta":"","astra-migrate-meta-layouts":"set","ast-page-background-enabled":"default","ast-page-background-meta":{"desktop":{"background-color":"var(--ast-global-color-4)","background-image":"","background-repeat":"repeat","background-position":"center center","background-size":"auto","background-attachment":"scroll","background-type":"","background-media":"","overlay-type":"","overlay-color":"","overlay-opacity":"","overlay-gradient":""},"tablet":{"background-color":"","background-image":"","background-repeat":"repeat","background-position":"center center","background-size":"auto","background-attachment":"scroll","background-type":"","background-media":"","overlay-type":"","overlay-color":"","overlay-opacity":"","overlay-gradient":""},"mobile":{"background-color":"","background-image":"","background-repeat":"repeat","background-position":"center center","background-size":"auto","background-attachment":"scroll","background-type":"","background-media":"","overlay-type":"","overlay-color":"","overlay-opacity":"","overlay-gradient":""}},"ast-content-background-meta":{"desktop":{"background-color":"var(--ast-global-color-5)","background-image":"","background-repeat":"repeat","background-position":"center center","background-size":"auto","background-attachment":"scroll","background-type":"","background-media":"","overlay-type":"","overlay-color":"","overlay-opacity":"","overlay-gradient":""},"tablet":{"background-color":"var(--ast-global-color-5)","background-image":"","background-repeat":"repeat","background-position":"center center","background-size":"auto","background-attachment":"scroll","background-type":"","background-media":"","overlay-type":"","overlay-color":"","overlay-opacity":"","overlay-gradient":""},"mobile":{"background-color":"var(--ast-global-color-5)","background-image":"","background-repeat":"repeat","background-position":"center center","background-size":"auto","background-attachment":"scroll","background-type":"","background-media":"","overlay-type":"","overlay-color":"","overlay-opacity":"","overlay-gradient":""}},"footnotes":""},"categories":[1,29],"tags":[],"class_list":["post-2668","post","type-post","status-publish","format-standard","has-post-thumbnail","hentry","category-general","category-portada"],"post_mailing_queue_ids":[],"_links":{"self":[{"href":"https:\/\/agora.xtec.cat\/cfa-santadriadebesos\/wp-json\/wp\/v2\/posts\/2668","targetHints":{"allow":["GET"]}}],"collection":[{"href":"https:\/\/agora.xtec.cat\/cfa-santadriadebesos\/wp-json\/wp\/v2\/posts"}],"about":[{"href":"https:\/\/agora.xtec.cat\/cfa-santadriadebesos\/wp-json\/wp\/v2\/types\/post"}],"author":[{"embeddable":true,"href":"https:\/\/agora.xtec.cat\/cfa-santadriadebesos\/wp-json\/wp\/v2\/users\/1"}],"replies":[{"embeddable":true,"href":"https:\/\/agora.xtec.cat\/cfa-santadriadebesos\/wp-json\/wp\/v2\/comments?post=2668"}],"version-history":[{"count":3,"href":"https:\/\/agora.xtec.cat\/cfa-santadriadebesos\/wp-json\/wp\/v2\/posts\/2668\/revisions"}],"predecessor-version":[{"id":2672,"href":"https:\/\/agora.xtec.cat\/cfa-santadriadebesos\/wp-json\/wp\/v2\/posts\/2668\/revisions\/2672"}],"wp:featuredmedia":[{"embeddable":true,"href":"https:\/\/agora.xtec.cat\/cfa-santadriadebesos\/wp-json\/wp\/v2\/media\/2669"}],"wp:attachment":[{"href":"https:\/\/agora.xtec.cat\/cfa-santadriadebesos\/wp-json\/wp\/v2\/media?parent=2668"}],"wp:term":[{"taxonomy":"category","embeddable":true,"href":"https:\/\/agora.xtec.cat\/cfa-santadriadebesos\/wp-json\/wp\/v2\/categories?post=2668"},{"taxonomy":"post_tag","embeddable":true,"href":"https:\/\/agora.xtec.cat\/cfa-santadriadebesos\/wp-json\/wp\/v2\/tags?post=2668"}],"curies":[{"name":"wp","href":"https:\/\/api.w.org\/{rel}","templated":true}]}}