{"id":2441,"date":"2024-07-11T14:32:04","date_gmt":"2024-07-11T12:32:04","guid":{"rendered":"https:\/\/agora.xtec.cat\/cfa-santadriadebesos\/?p=2441"},"modified":"2024-07-15T11:33:39","modified_gmt":"2024-07-15T09:33:39","slug":"matricula-curs-2024-25","status":"publish","type":"post","link":"https:\/\/agora.xtec.cat\/cfa-santadriadebesos\/general\/matricula-curs-2024-25\/","title":{"rendered":"Matr\u00edcula curs 2024\/25"},"content":{"rendered":"<p><span style=\"color: #3366ff;\"><strong>Si ets alumne\/a de continu\u00eftat (ja estaves matriculat\/ada al curs 2023\/24):<\/strong><\/span><\/p>\n<p><span style=\"color: #000000;\">A partir de dimarts, <span style=\"color: #ff0000;\"><strong>3 de setembre<\/strong><\/span>, podr\u00e0s venir presencialment o contactar amb nosaltres de manera telef\u00f2nica per con\u00e8ixer el teu horari, tutor\/a i obtenir el document de pagament del material.<\/span><\/p>\n<p><span style=\"color: #3366ff;\"><strong>Si has fet la preinscripci\u00f3 al juny:<\/strong><\/span><\/p>\n<p>A partir del dia <strong>15 de juliol<\/strong>\u00a0podr\u00e0s consultar la <strong>llista definitiva d&#8217;admesos<\/strong> i la <strong>llista d&#8217;espera.<\/strong><\/p>\n<p><a href=\"https:\/\/agora.xtec.cat\/cfa-santadriadebesos\/wp-content\/uploads\/usu1359\/2024\/07\/rwservlet-17-1.pdf\">Aqu\u00ed<\/a> i <a href=\"https:\/\/agora.xtec.cat\/cfa-santadriadebesos\/wp-content\/uploads\/usu1359\/2024\/07\/rwservlet-18.pdf\">aqu\u00ed<\/a> podeu consultar el resultat de la preinscripci\u00f3.<\/p>\n<p>&nbsp;<\/p>\n<p>Si obtens pla\u00e7a al centre, haur\u00e0s de formalitzar la matr\u00edcula del <strong><span style=\"color: #ff0000;\">4 al 9 de setembre<\/span><\/strong>. A partir del <span style=\"color: #ff0000;\"><strong><span style=\"color: #ff0000;\">10 de setembre<\/span><span style=\"color: #000000;\">\u00a0<\/span><\/strong><span style=\"color: #000000;\">ens posarem en contacte amb l&#8217;alumnat en llista d&#8217;espera, si hi ha places disponibles.<\/span><\/span><\/p>\n<p>&nbsp;<\/p>\n<p><span style=\"color: #3366ff;\"><strong>Si no ets alumne\/a ni has fet preinscripci\u00f3:<\/strong><\/span><\/p>\n<p>Podr\u00e0s obtenir una pla\u00e7a d&#8217;aquells ensenyaments on quedin places lliures. <a href=\"https:\/\/agora.xtec.cat\/cfa-santadriadebesos\/el-centre\/contacte\/\">Truca&#8217;ns o visita qualsevol de les nostres seus per informar-te!\u00a0<\/a><\/p>\n","protected":false},"excerpt":{"rendered":"<p>Si ets alumne\/a de continu\u00eftat (ja estaves matriculat\/ada al curs 2023\/24): A partir de dimarts, 3 de setembre, podr\u00e0s venir presencialment o contactar amb nosaltres de manera telef\u00f2nica per con\u00e8ixer el teu horari, tutor\/a i obtenir el document de pagament del material. Si has fet la preinscripci\u00f3 al juny: A partir del dia 15 de [&hellip;]<\/p>\n","protected":false},"author":1,"featured_media":0,"comment_status":"open","ping_status":"closed","sticky":false,"template":"","format":"standard","meta":{"_bbp_topic_count":0,"_bbp_reply_count":0,"_bbp_total_topic_count":0,"_bbp_total_reply_count":0,"_bbp_voice_count":0,"_bbp_anonymous_reply_count":0,"_bbp_topic_count_hidden":0,"_bbp_reply_count_hidden":0,"_bbp_forum_subforum_count":0,"site-sidebar-layout":"default","site-content-layout":"","ast-site-content-layout":"","site-content-style":"default","site-sidebar-style":"default","ast-global-header-display":"","ast-banner-title-visibility":"","ast-main-header-display":"","ast-hfb-above-header-display":"","ast-hfb-below-header-display":"","ast-hfb-mobile-header-display":"","site-post-title":"","ast-breadcrumbs-content":"","ast-featured-img":"","footer-sml-layout":"","theme-transparent-header-meta":"","adv-header-id-meta":"","stick-header-meta":"","header-above-stick-meta":"","header-main-stick-meta":"","header-below-stick-meta":"","astra-migrate-meta-layouts":"default","ast-page-background-enabled":"default","ast-page-background-meta":{"desktop":{"background-color":"var(--ast-global-color-4)","background-image":"","background-repeat":"repeat","background-position":"center center","background-size":"auto","background-attachment":"scroll","background-type":"","background-media":"","overlay-type":"","overlay-color":"","overlay-opacity":"","overlay-gradient":""},"tablet":{"background-color":"","background-image":"","background-repeat":"repeat","background-position":"center center","background-size":"auto","background-attachment":"scroll","background-type":"","background-media":"","overlay-type":"","overlay-color":"","overlay-opacity":"","overlay-gradient":""},"mobile":{"background-color":"","background-image":"","background-repeat":"repeat","background-position":"center center","background-size":"auto","background-attachment":"scroll","background-type":"","background-media":"","overlay-type":"","overlay-color":"","overlay-opacity":"","overlay-gradient":""}},"ast-content-background-meta":{"desktop":{"background-color":"var(--ast-global-color-5)","background-image":"","background-repeat":"repeat","background-position":"center center","background-size":"auto","background-attachment":"scroll","background-type":"","background-media":"","overlay-type":"","overlay-color":"","overlay-opacity":"","overlay-gradient":""},"tablet":{"background-color":"var(--ast-global-color-5)","background-image":"","background-repeat":"repeat","background-position":"center center","background-size":"auto","background-attachment":"scroll","background-type":"","background-media":"","overlay-type":"","overlay-color":"","overlay-opacity":"","overlay-gradient":""},"mobile":{"background-color":"var(--ast-global-color-5)","background-image":"","background-repeat":"repeat","background-position":"center center","background-size":"auto","background-attachment":"scroll","background-type":"","background-media":"","overlay-type":"","overlay-color":"","overlay-opacity":"","overlay-gradient":""}},"footnotes":""},"categories":[1,29],"tags":[],"class_list":["post-2441","post","type-post","status-publish","format-standard","hentry","category-general","category-portada"],"post_mailing_queue_ids":[],"_links":{"self":[{"href":"https:\/\/agora.xtec.cat\/cfa-santadriadebesos\/wp-json\/wp\/v2\/posts\/2441","targetHints":{"allow":["GET"]}}],"collection":[{"href":"https:\/\/agora.xtec.cat\/cfa-santadriadebesos\/wp-json\/wp\/v2\/posts"}],"about":[{"href":"https:\/\/agora.xtec.cat\/cfa-santadriadebesos\/wp-json\/wp\/v2\/types\/post"}],"author":[{"embeddable":true,"href":"https:\/\/agora.xtec.cat\/cfa-santadriadebesos\/wp-json\/wp\/v2\/users\/1"}],"replies":[{"embeddable":true,"href":"https:\/\/agora.xtec.cat\/cfa-santadriadebesos\/wp-json\/wp\/v2\/comments?post=2441"}],"version-history":[{"count":2,"href":"https:\/\/agora.xtec.cat\/cfa-santadriadebesos\/wp-json\/wp\/v2\/posts\/2441\/revisions"}],"predecessor-version":[{"id":2459,"href":"https:\/\/agora.xtec.cat\/cfa-santadriadebesos\/wp-json\/wp\/v2\/posts\/2441\/revisions\/2459"}],"wp:attachment":[{"href":"https:\/\/agora.xtec.cat\/cfa-santadriadebesos\/wp-json\/wp\/v2\/media?parent=2441"}],"wp:term":[{"taxonomy":"category","embeddable":true,"href":"https:\/\/agora.xtec.cat\/cfa-santadriadebesos\/wp-json\/wp\/v2\/categories?post=2441"},{"taxonomy":"post_tag","embeddable":true,"href":"https:\/\/agora.xtec.cat\/cfa-santadriadebesos\/wp-json\/wp\/v2\/tags?post=2441"}],"curies":[{"name":"wp","href":"https:\/\/api.w.org\/{rel}","templated":true}]}}