{"id":2248,"date":"2024-03-18T13:43:20","date_gmt":"2024-03-18T12:43:20","guid":{"rendered":"https:\/\/agora.xtec.cat\/cfa-santadriadebesos\/?p=2248"},"modified":"2024-03-20T12:41:52","modified_gmt":"2024-03-20T11:41:52","slug":"una-bonica-experiencia-intergeneracional","status":"publish","type":"post","link":"https:\/\/agora.xtec.cat\/cfa-santadriadebesos\/general\/una-bonica-experiencia-intergeneracional\/","title":{"rendered":"Una bonica experi\u00e8ncia intergeneracional"},"content":{"rendered":"<p style=\"text-align: justify;\">Divendres 15 de mar\u00e7, cinc alumnes del <strong>CFA Sant Adri\u00e0 de Bes\u00f2s<\/strong> van anar a l\u2019<strong>Escola Catalunya<\/strong> per entrevistar nenes i nens de tercer curs de Prim\u00e0ria. Vol\u00edem saber com van crear la seva companyia de teatre escolar La Lova, i les seves Olimp\u00edades, i com hi participen. Tamb\u00e9 van preguntar als infants a qu\u00e8 els agradaria dedicar-se en un futur. Despr\u00e9s, l\u2019alumnat de l\u2019Escola Catalunya va fer preguntes als nostres alumnes adults per saber a qu\u00e8 jugaven de petits, quines feines han fet i qu\u00e8 estudien actualment al CFA. Va ser un mat\u00ed molt bonic, emotiu i enriquidor, un intercanvi generacional entranyable.<br \/>\n<strong>Tota l\u2019entrevista va ser enregistrada i es podr\u00e0 escoltar dilluns 29 d\u2019abril al mat\u00ed, en una matinal radiof\u00f2nica que es far\u00e0 a R\u00e0dio la Mina.<\/strong> Hi sentirem, en directe, o enregistrats pr\u00e8viament -com la nostra entrevista- alumnes de diversos centres d\u2019ensenyament propers al riu Bes\u00f2s, per aix\u00f2 la matinal es dir\u00e0 <strong>Connexi\u00f3 Bes\u00f2s<\/strong>. \u00c9s una iniciativa que forma part del programa <strong>Tenim la paraula<\/strong>, amb el qual, el Departament d\u2019Educaci\u00f3 vol ajudar a millorar les habilitats comunicatives orals de l\u2019alumnat perqu\u00e8 pugui expressar pensaments, sentiments, emocions i viv\u00e8ncies, i participar activament a la societat.<br \/>\nAra, en un passad\u00eds de l\u2019Escola Catalunya, hi ha uns murals on s\u2019explica aquesta experi\u00e8ncia del CFA Sant Adri\u00e0 de Bes\u00f2s i l\u2019Escola Catalunya, que va comen\u00e7ar amb l\u2019enviament d\u2019una carta dels alumnes adults als infants preguntant si hi podr\u00edem anar a fer l\u2019entrevista. A partir d\u2019aquella carta, els alumnes de tercer curs han apr\u00e8s a preparar preguntes i com fer la bonica entrevista que vam poder enregistrar.<\/p>\n<p style=\"text-align: center;\">\r\n\t<div class=\"slideshow_container slideshow_container_style-light\" style=\"height: 500px; \" data-slideshow-id=\"2238\" data-style-name=\"style-light\" data-style-version=\"2.3.1\" >\r\n\r\n\t\t\t\t\t<div class=\"slideshow_loading_icon\"><\/div>\r\n\t\t\r\n\t\t<div class=\"slideshow_content\" style=\"display: none;\">\r\n\r\n\t\t\t<div class=\"slideshow_view\">\r\n\t\t\t\t<div class=\"slideshow_slide slideshow_slide_image\">\r\n\t\t\t\t\t\t\t\t\t\t\t<img src=\"https:\/\/agora.xtec.cat\/cfa-santadriadebesos\/wp-content\/uploads\/usu1359\/2024\/03\/FOTOS-ESCOLA-CATALUNYA-15-3-24-14-scaled.jpg\" alt=\"\" width=\"2560\" height=\"1244\" \/>\r\n\t\t\t\t\t\t\t\t\t\t<div class=\"slideshow_description_box slideshow_transparent\">\r\n\t\t\t\t\t\t\t\t\t\t\t\t\t\t\t\t\t<\/div>\r\n\t\t\t\t<\/div>\r\n\r\n\t\t\t\t\t\t<div style=\"clear: both;\"><\/div><\/div><div class=\"slideshow_view\">\r\n\t\t\t\t<div class=\"slideshow_slide slideshow_slide_image\">\r\n\t\t\t\t\t\t\t\t\t\t\t<img src=\"https:\/\/agora.xtec.cat\/cfa-santadriadebesos\/wp-content\/uploads\/usu1359\/2024\/03\/FOTOS-ESCOLA-CATALUNYA-15-3-24-7-scaled.jpg\" alt=\"\" width=\"2560\" height=\"1524\" \/>\r\n\t\t\t\t\t\t\t\t\t\t<div class=\"slideshow_description_box slideshow_transparent\">\r\n\t\t\t\t\t\t\t\t\t\t\t\t\t\t\t\t\t<\/div>\r\n\t\t\t\t<\/div>\r\n\r\n\t\t\t\t\t\t<div style=\"clear: both;\"><\/div><\/div><div class=\"slideshow_view\">\r\n\t\t\t\t<div class=\"slideshow_slide slideshow_slide_image\">\r\n\t\t\t\t\t\t\t\t\t\t\t<img src=\"https:\/\/agora.xtec.cat\/cfa-santadriadebesos\/wp-content\/uploads\/usu1359\/2024\/03\/FOTOS-ESCOLA-CATALUNYA-15-3-24-8-scaled.jpg\" alt=\"\" width=\"2560\" height=\"1333\" \/>\r\n\t\t\t\t\t\t\t\t\t\t<div class=\"slideshow_description_box slideshow_transparent\">\r\n\t\t\t\t\t\t\t\t\t\t\t\t\t\t\t\t\t<\/div>\r\n\t\t\t\t<\/div>\r\n\r\n\t\t\t\t\t\t<div style=\"clear: both;\"><\/div><\/div><div class=\"slideshow_view\">\r\n\t\t\t\t<div class=\"slideshow_slide slideshow_slide_image\">\r\n\t\t\t\t\t\t\t\t\t\t\t<img src=\"https:\/\/agora.xtec.cat\/cfa-santadriadebesos\/wp-content\/uploads\/usu1359\/2024\/03\/FOTOS-ESCOLA-CATALUNYA-15-3-24-19-scaled-e1710932644310.jpg\" alt=\"FOTOS ESCOLA CATALUNYA 15 3 24 (19)\" width=\"300\" height=\"185\" \/>\r\n\t\t\t\t\t\t\t\t\t\t<div class=\"slideshow_description_box slideshow_transparent\">\r\n\t\t\t\t\t\t\t\t\t\t\t\t\t\t\t\t\t<\/div>\r\n\t\t\t\t<\/div>\r\n\r\n\t\t\t\t\t\t<div style=\"clear: both;\"><\/div><\/div><div class=\"slideshow_view\">\r\n\t\t\t\t<div class=\"slideshow_slide slideshow_slide_image\">\r\n\t\t\t\t\t\t\t\t\t\t\t<img src=\"https:\/\/agora.xtec.cat\/cfa-santadriadebesos\/wp-content\/uploads\/usu1359\/2024\/03\/FOTOS-ESCOLA-CATALUNYA-15-3-24-20-scaled.jpg\" alt=\"FOTOS ESCOLA CATALUNYA 15 3 24 (20)\" width=\"2560\" height=\"1439\" \/>\r\n\t\t\t\t\t\t\t\t\t\t<div class=\"slideshow_description_box slideshow_transparent\">\r\n\t\t\t\t\t\t\t\t\t\t\t\t\t\t\t\t\t<\/div>\r\n\t\t\t\t<\/div>\r\n\r\n\t\t\t\t\t\t<div style=\"clear: both;\"><\/div><\/div><div class=\"slideshow_view\">\r\n\t\t\t\t<div class=\"slideshow_slide slideshow_slide_image\">\r\n\t\t\t\t\t\t\t\t\t\t\t<img src=\"https:\/\/agora.xtec.cat\/cfa-santadriadebesos\/wp-content\/uploads\/usu1359\/2024\/03\/FOTOS-ESCOLA-CATALUNYA-15-3-24-24-scaled.jpg\" alt=\"FOTOS ESCOLA CATALUNYA 15 3 24 (24)\" width=\"2560\" height=\"1920\" \/>\r\n\t\t\t\t\t\t\t\t\t\t<div class=\"slideshow_description_box slideshow_transparent\">\r\n\t\t\t\t\t\t\t\t\t\t\t\t\t\t\t\t\t<\/div>\r\n\t\t\t\t<\/div>\r\n\r\n\t\t\t\t\t\t<div style=\"clear: both;\"><\/div><\/div>\r\n\t\t<\/div>\r\n\r\n\t\t<div class=\"slideshow_controlPanel slideshow_transparent\" style=\"display: none;\"><ul><li class=\"slideshow_togglePlay\" data-play-text=\"Visualitza\" data-pause-text=\"Pausa\"><\/li><\/ul><\/div>\r\n\r\n\t\t<div class=\"slideshow_button slideshow_previous slideshow_transparent\" role=\"button\" data-previous-text=\"Anterior\" style=\"display: none;\"><\/div>\r\n\t\t<div class=\"slideshow_button slideshow_next slideshow_transparent\" role=\"button\" data-next-text=\"Seg\u00fcent\" style=\"display: none;\"><\/div>\r\n\r\n\t\t<div class=\"slideshow_pagination\" style=\"display: none;\" data-go-to-text=\"V\u00e9s a la diapositiva\"><div class=\"slideshow_pagination_center\"><\/div><\/div>\r\n\r\n\t\t<!-- WordPress Slideshow Version 2.3.1 -->\r\n\r\n\t\t\t<\/div>\r\n\r\n<\/p>\n","protected":false},"excerpt":{"rendered":"<p>Divendres 15 de mar\u00e7, cinc alumnes del CFA Sant Adri\u00e0 de Bes\u00f2s van anar a l\u2019Escola Catalunya per entrevistar nenes i nens de tercer curs de Prim\u00e0ria. Vol\u00edem saber com van crear la seva companyia de teatre escolar La Lova, i les seves Olimp\u00edades, i com hi participen. Tamb\u00e9 van preguntar als infants a qu\u00e8 [&hellip;]<\/p>\n","protected":false},"author":1,"featured_media":2241,"comment_status":"closed","ping_status":"closed","sticky":false,"template":"","format":"standard","meta":{"_bbp_topic_count":0,"_bbp_reply_count":0,"_bbp_total_topic_count":0,"_bbp_total_reply_count":0,"_bbp_voice_count":0,"_bbp_anonymous_reply_count":0,"_bbp_topic_count_hidden":0,"_bbp_reply_count_hidden":0,"_bbp_forum_subforum_count":0,"site-sidebar-layout":"default","site-content-layout":"","ast-site-content-layout":"","site-content-style":"default","site-sidebar-style":"default","ast-global-header-display":"","ast-banner-title-visibility":"","ast-main-header-display":"","ast-hfb-above-header-display":"","ast-hfb-below-header-display":"","ast-hfb-mobile-header-display":"","site-post-title":"","ast-breadcrumbs-content":"","ast-featured-img":"","footer-sml-layout":"","theme-transparent-header-meta":"","adv-header-id-meta":"","stick-header-meta":"","header-above-stick-meta":"","header-main-stick-meta":"","header-below-stick-meta":"","astra-migrate-meta-layouts":"default","ast-page-background-enabled":"default","ast-page-background-meta":{"desktop":{"background-color":"var(--ast-global-color-4)","background-image":"","background-repeat":"repeat","background-position":"center center","background-size":"auto","background-attachment":"scroll","background-type":"","background-media":"","overlay-type":"","overlay-color":"","overlay-opacity":"","overlay-gradient":""},"tablet":{"background-color":"","background-image":"","background-repeat":"repeat","background-position":"center center","background-size":"auto","background-attachment":"scroll","background-type":"","background-media":"","overlay-type":"","overlay-color":"","overlay-opacity":"","overlay-gradient":""},"mobile":{"background-color":"","background-image":"","background-repeat":"repeat","background-position":"center center","background-size":"auto","background-attachment":"scroll","background-type":"","background-media":"","overlay-type":"","overlay-color":"","overlay-opacity":"","overlay-gradient":""}},"ast-content-background-meta":{"desktop":{"background-color":"var(--ast-global-color-5)","background-image":"","background-repeat":"repeat","background-position":"center center","background-size":"auto","background-attachment":"scroll","background-type":"","background-media":"","overlay-type":"","overlay-color":"","overlay-opacity":"","overlay-gradient":""},"tablet":{"background-color":"var(--ast-global-color-5)","background-image":"","background-repeat":"repeat","background-position":"center center","background-size":"auto","background-attachment":"scroll","background-type":"","background-media":"","overlay-type":"","overlay-color":"","overlay-opacity":"","overlay-gradient":""},"mobile":{"background-color":"var(--ast-global-color-5)","background-image":"","background-repeat":"repeat","background-position":"center center","background-size":"auto","background-attachment":"scroll","background-type":"","background-media":"","overlay-type":"","overlay-color":"","overlay-opacity":"","overlay-gradient":""}},"footnotes":""},"categories":[83,116,117,89,1,29],"tags":[105,82,81,96],"class_list":["post-2248","post","type-post","status-publish","format-standard","has-post-thumbnail","hentry","category-activitats","category-castella","category-catala","category-ensenyaments","category-general","category-portada","tag-activitats","tag-castella","tag-catala","tag-centre"],"post_mailing_queue_ids":[],"_links":{"self":[{"href":"https:\/\/agora.xtec.cat\/cfa-santadriadebesos\/wp-json\/wp\/v2\/posts\/2248","targetHints":{"allow":["GET"]}}],"collection":[{"href":"https:\/\/agora.xtec.cat\/cfa-santadriadebesos\/wp-json\/wp\/v2\/posts"}],"about":[{"href":"https:\/\/agora.xtec.cat\/cfa-santadriadebesos\/wp-json\/wp\/v2\/types\/post"}],"author":[{"embeddable":true,"href":"https:\/\/agora.xtec.cat\/cfa-santadriadebesos\/wp-json\/wp\/v2\/users\/1"}],"replies":[{"embeddable":true,"href":"https:\/\/agora.xtec.cat\/cfa-santadriadebesos\/wp-json\/wp\/v2\/comments?post=2248"}],"version-history":[{"count":1,"href":"https:\/\/agora.xtec.cat\/cfa-santadriadebesos\/wp-json\/wp\/v2\/posts\/2248\/revisions"}],"predecessor-version":[{"id":2249,"href":"https:\/\/agora.xtec.cat\/cfa-santadriadebesos\/wp-json\/wp\/v2\/posts\/2248\/revisions\/2249"}],"wp:featuredmedia":[{"embeddable":true,"href":"https:\/\/agora.xtec.cat\/cfa-santadriadebesos\/wp-json\/wp\/v2\/media\/2241"}],"wp:attachment":[{"href":"https:\/\/agora.xtec.cat\/cfa-santadriadebesos\/wp-json\/wp\/v2\/media?parent=2248"}],"wp:term":[{"taxonomy":"category","embeddable":true,"href":"https:\/\/agora.xtec.cat\/cfa-santadriadebesos\/wp-json\/wp\/v2\/categories?post=2248"},{"taxonomy":"post_tag","embeddable":true,"href":"https:\/\/agora.xtec.cat\/cfa-santadriadebesos\/wp-json\/wp\/v2\/tags?post=2248"}],"curies":[{"name":"wp","href":"https:\/\/api.w.org\/{rel}","templated":true}]}}