{"id":1667,"date":"2023-03-03T12:14:17","date_gmt":"2023-03-03T11:14:17","guid":{"rendered":"https:\/\/agora.xtec.cat\/cfa-santadriadebesos\/?p=1667"},"modified":"2023-03-03T12:17:25","modified_gmt":"2023-03-03T11:17:25","slug":"calendari-proves-dacces","status":"publish","type":"post","link":"https:\/\/agora.xtec.cat\/cfa-santadriadebesos\/general\/calendari-proves-dacces\/","title":{"rendered":"Calendari proves d&#8217;acc\u00e9s"},"content":{"rendered":"<p>&nbsp;<\/p>\n<p><strong>Prova d\u2019acc\u00e9s per a m\u00e9s grans de 25 i 45 anys &#8211; Calendari 2023<\/strong><\/p>\n<ul>\n<li>Matr\u00edcula: de dilluns 6 a dijous 16 de febrer<\/li>\n<li>Fase general de la PAU per a m\u00e9s grans de 25 i 45 anys: dissabte 22 d&#8217;abril<\/li>\n<li>Fase espec\u00edfica de la PAU per a m\u00e9s grans de 25 anys: dissabte 29 d&#8217;abril<\/li>\n<\/ul>\n<p>Per a m\u00e9s informaci\u00f3: <a href=\"https:\/\/universitats.gencat.cat\/ca\/acces-universitat\/acces-segons-perfils-estudiants\/tinc-mes-25-anys\/calendari-horari\/\">https:\/\/universitats.gencat.cat\/ca\/acces-universitat\/acces-segons-perfils-estudiants\/tinc-mes-25-anys\/calendari-horari\/<\/a><\/p>\n<p><strong>Prova d\u2019acc\u00e9s Grau superior &#8211; <\/strong><strong>Calendari 2023<\/strong><\/p>\n<ul>\n<li>Inscripci\u00f3: del 7 (a partir de les 9 h) al 20 de mar\u00e7 de 2023<\/li>\n<li>Pagament de la taxa: fins al 21 de mar\u00e7 de 2023 (abans de les 22 h)<\/li>\n<li>Prova part comuna: 23 de maig de 2023<\/li>\n<li>Prova part espec\u00edfica: 24 de maig de 2023<\/li>\n<\/ul>\n<p>Per a m\u00e9s informaci\u00f3:\u00a0<a href=\"https:\/\/educacio.gencat.cat\/ca\/serveis-tramits\/proves\/proves-acces\/gs-fp\/calendari\/\">https:\/\/educacio.gencat.cat\/ca\/serveis-tramits\/proves\/proves-acces\/gs-fp\/calendari\/<\/a><\/p>\n<p>&nbsp;<\/p>\n","protected":false},"excerpt":{"rendered":"<p>&nbsp; Prova d\u2019acc\u00e9s per a m\u00e9s grans de 25 i 45 anys &#8211; Calendari 2023 Matr\u00edcula: de dilluns 6 a dijous 16 de febrer Fase general de la PAU per a m\u00e9s grans de 25 i 45 anys: dissabte 22 d&#8217;abril Fase espec\u00edfica de la PAU per a m\u00e9s grans de 25 anys: dissabte 29 [&hellip;]<\/p>\n","protected":false},"author":1,"featured_media":0,"comment_status":"open","ping_status":"closed","sticky":false,"template":"","format":"standard","meta":{"_bbp_topic_count":0,"_bbp_reply_count":0,"_bbp_total_topic_count":0,"_bbp_total_reply_count":0,"_bbp_voice_count":0,"_bbp_anonymous_reply_count":0,"_bbp_topic_count_hidden":0,"_bbp_reply_count_hidden":0,"_bbp_forum_subforum_count":0,"site-sidebar-layout":"default","site-content-layout":"","ast-site-content-layout":"","site-content-style":"default","site-sidebar-style":"default","ast-global-header-display":"","ast-banner-title-visibility":"","ast-main-header-display":"","ast-hfb-above-header-display":"","ast-hfb-below-header-display":"","ast-hfb-mobile-header-display":"","site-post-title":"","ast-breadcrumbs-content":"","ast-featured-img":"","footer-sml-layout":"","theme-transparent-header-meta":"","adv-header-id-meta":"","stick-header-meta":"","header-above-stick-meta":"","header-main-stick-meta":"","header-below-stick-meta":"","astra-migrate-meta-layouts":"default","ast-page-background-enabled":"default","ast-page-background-meta":{"desktop":{"background-color":"var(--ast-global-color-4)","background-image":"","background-repeat":"repeat","background-position":"center center","background-size":"auto","background-attachment":"scroll","background-type":"","background-media":"","overlay-type":"","overlay-color":"","overlay-opacity":"","overlay-gradient":""},"tablet":{"background-color":"","background-image":"","background-repeat":"repeat","background-position":"center center","background-size":"auto","background-attachment":"scroll","background-type":"","background-media":"","overlay-type":"","overlay-color":"","overlay-opacity":"","overlay-gradient":""},"mobile":{"background-color":"","background-image":"","background-repeat":"repeat","background-position":"center center","background-size":"auto","background-attachment":"scroll","background-type":"","background-media":"","overlay-type":"","overlay-color":"","overlay-opacity":"","overlay-gradient":""}},"ast-content-background-meta":{"desktop":{"background-color":"var(--ast-global-color-5)","background-image":"","background-repeat":"repeat","background-position":"center center","background-size":"auto","background-attachment":"scroll","background-type":"","background-media":"","overlay-type":"","overlay-color":"","overlay-opacity":"","overlay-gradient":""},"tablet":{"background-color":"var(--ast-global-color-5)","background-image":"","background-repeat":"repeat","background-position":"center center","background-size":"auto","background-attachment":"scroll","background-type":"","background-media":"","overlay-type":"","overlay-color":"","overlay-opacity":"","overlay-gradient":""},"mobile":{"background-color":"var(--ast-global-color-5)","background-image":"","background-repeat":"repeat","background-position":"center center","background-size":"auto","background-attachment":"scroll","background-type":"","background-media":"","overlay-type":"","overlay-color":"","overlay-opacity":"","overlay-gradient":""}},"footnotes":""},"categories":[83,1,29],"tags":[],"class_list":["post-1667","post","type-post","status-publish","format-standard","hentry","category-activitats","category-general","category-portada"],"post_mailing_queue_ids":[],"_links":{"self":[{"href":"https:\/\/agora.xtec.cat\/cfa-santadriadebesos\/wp-json\/wp\/v2\/posts\/1667","targetHints":{"allow":["GET"]}}],"collection":[{"href":"https:\/\/agora.xtec.cat\/cfa-santadriadebesos\/wp-json\/wp\/v2\/posts"}],"about":[{"href":"https:\/\/agora.xtec.cat\/cfa-santadriadebesos\/wp-json\/wp\/v2\/types\/post"}],"author":[{"embeddable":true,"href":"https:\/\/agora.xtec.cat\/cfa-santadriadebesos\/wp-json\/wp\/v2\/users\/1"}],"replies":[{"embeddable":true,"href":"https:\/\/agora.xtec.cat\/cfa-santadriadebesos\/wp-json\/wp\/v2\/comments?post=1667"}],"version-history":[{"count":3,"href":"https:\/\/agora.xtec.cat\/cfa-santadriadebesos\/wp-json\/wp\/v2\/posts\/1667\/revisions"}],"predecessor-version":[{"id":1673,"href":"https:\/\/agora.xtec.cat\/cfa-santadriadebesos\/wp-json\/wp\/v2\/posts\/1667\/revisions\/1673"}],"wp:attachment":[{"href":"https:\/\/agora.xtec.cat\/cfa-santadriadebesos\/wp-json\/wp\/v2\/media?parent=1667"}],"wp:term":[{"taxonomy":"category","embeddable":true,"href":"https:\/\/agora.xtec.cat\/cfa-santadriadebesos\/wp-json\/wp\/v2\/categories?post=1667"},{"taxonomy":"post_tag","embeddable":true,"href":"https:\/\/agora.xtec.cat\/cfa-santadriadebesos\/wp-json\/wp\/v2\/tags?post=1667"}],"curies":[{"name":"wp","href":"https:\/\/api.w.org\/{rel}","templated":true}]}}