{"id":163,"date":"2019-10-24T12:00:33","date_gmt":"2019-10-24T10:00:33","guid":{"rendered":"http:\/\/agora.xtec.cat\/cfa-santadriadebesos\/?p=163"},"modified":"2019-11-07T17:52:19","modified_gmt":"2019-11-07T16:52:19","slug":"noticia-8","status":"publish","type":"post","link":"https:\/\/agora.xtec.cat\/cfa-santadriadebesos\/portada\/noticia-8\/","title":{"rendered":"Nou curs, nova escola"},"content":{"rendered":"<h1 style=\"text-align: center;\"><span style=\"color: #33cccc;\"><strong>CFA Sant Adri\u00e0 de Bes\u00f2s<\/strong><\/span><\/h1>\n<h2 style=\"text-align: center;\"><strong>Una escola, dos edificis<\/strong><\/h2>\n<p>Iniciem el curs 2019-2020 amb la creaci\u00f3 d\u2019un nou centre de formaci\u00f3 d\u2019adults a Sant Adri\u00e0 de Bes\u00f2s que ofereix una proposta \u00e0mplia, unificada i de qualitat a les necessitats formatives de la poblaci\u00f3 d\u2019aquesta ciutat.<\/p>\n<p>Amb l\u2019origen d\u2019aquest projecte pretenem donar resposta a les necessitats observades al llarg dels anys en l\u2019oferta formativa de l\u2019\u00e0rea i, d\u2019altra banda, a la voluntat d\u2019optimitzar els recursos existents a la zona. Es tracta d\u2019una reformulaci\u00f3 que \u00e9s fruit de la reflexi\u00f3 i una llarga traject\u00f2ria de planificaci\u00f3\u00a0 dels equips directius dels dos centres dels que prov\u00e9, el <strong>CFA Pla de Bes\u00f2s<\/strong> i el <strong>CFA Manuel Fern\u00e1ndez<\/strong>.<\/p>\n<p>Aquest plantejament no suposa, per tant, un tall \u00a0amb el passat sin\u00f3 que \u00e9s la s\u00edntesi dels prop\u00f2sits i l\u00ednies d\u2019actuaci\u00f3 abordats des de fa molts anys per les dues escoles, que provenen d\u2019una hist\u00f2ria de m\u00e9s de vint anys al servei de la formaci\u00f3 d\u2019adults de la ciutat.<\/p>\n<p style=\"text-align: center;\">Ens trobareu\u00a0 als mateixos edificis en qu\u00e8 est\u00e0vem anteriorment:<\/p>\n<p style=\"text-align: center;\"><a href=\"https:\/\/agora.xtec.cat\/cfa-santadriadebesos\/wp-content\/uploads\/usu1359\/2019\/10\/PortesEscoles.jpg\"><img loading=\"lazy\" decoding=\"async\" class=\"alignnone size-full wp-image-436\" src=\"https:\/\/agora.xtec.cat\/cfa-santadriadebesos\/wp-content\/uploads\/usu1359\/2019\/10\/PortesEscoles.jpg\" alt=\"\" width=\"365\" height=\"217\" srcset=\"https:\/\/agora.xtec.cat\/cfa-santadriadebesos\/wp-content\/uploads\/usu1359\/2019\/10\/PortesEscoles.jpg 365w, https:\/\/agora.xtec.cat\/cfa-santadriadebesos\/wp-content\/uploads\/usu1359\/2019\/10\/PortesEscoles-300x178.jpg 300w\" sizes=\"auto, (max-width: 365px) 100vw, 365px\" \/><\/a><\/p>\n","protected":false},"excerpt":{"rendered":"<p>CFA Sant Adri\u00e0 de Bes\u00f2s Una escola, dos edificis Iniciem el curs 2019-2020 amb la creaci\u00f3 d\u2019un nou centre de formaci\u00f3 d\u2019adults a Sant Adri\u00e0 de Bes\u00f2s que ofereix una proposta \u00e0mplia, unificada i de qualitat a les necessitats formatives de la poblaci\u00f3 d\u2019aquesta ciutat. Amb l\u2019origen d\u2019aquest projecte pretenem donar resposta a les necessitats [&hellip;]<\/p>\n","protected":false},"author":1,"featured_media":0,"comment_status":"closed","ping_status":"closed","sticky":false,"template":"","format":"standard","meta":{"_bbp_topic_count":0,"_bbp_reply_count":0,"_bbp_total_topic_count":0,"_bbp_total_reply_count":0,"_bbp_voice_count":0,"_bbp_anonymous_reply_count":0,"_bbp_topic_count_hidden":0,"_bbp_reply_count_hidden":0,"_bbp_forum_subforum_count":0,"site-sidebar-layout":"default","site-content-layout":"","ast-site-content-layout":"","site-content-style":"default","site-sidebar-style":"default","ast-global-header-display":"","ast-banner-title-visibility":"","ast-main-header-display":"","ast-hfb-above-header-display":"","ast-hfb-below-header-display":"","ast-hfb-mobile-header-display":"","site-post-title":"","ast-breadcrumbs-content":"","ast-featured-img":"","footer-sml-layout":"","theme-transparent-header-meta":"","adv-header-id-meta":"","stick-header-meta":"","header-above-stick-meta":"","header-main-stick-meta":"","header-below-stick-meta":"","astra-migrate-meta-layouts":"default","ast-page-background-enabled":"default","ast-page-background-meta":{"desktop":{"background-color":"var(--ast-global-color-4)","background-image":"","background-repeat":"repeat","background-position":"center center","background-size":"auto","background-attachment":"scroll","background-type":"","background-media":"","overlay-type":"","overlay-color":"","overlay-opacity":"","overlay-gradient":""},"tablet":{"background-color":"","background-image":"","background-repeat":"repeat","background-position":"center center","background-size":"auto","background-attachment":"scroll","background-type":"","background-media":"","overlay-type":"","overlay-color":"","overlay-opacity":"","overlay-gradient":""},"mobile":{"background-color":"","background-image":"","background-repeat":"repeat","background-position":"center center","background-size":"auto","background-attachment":"scroll","background-type":"","background-media":"","overlay-type":"","overlay-color":"","overlay-opacity":"","overlay-gradient":""}},"ast-content-background-meta":{"desktop":{"background-color":"var(--ast-global-color-5)","background-image":"","background-repeat":"repeat","background-position":"center center","background-size":"auto","background-attachment":"scroll","background-type":"","background-media":"","overlay-type":"","overlay-color":"","overlay-opacity":"","overlay-gradient":""},"tablet":{"background-color":"var(--ast-global-color-5)","background-image":"","background-repeat":"repeat","background-position":"center center","background-size":"auto","background-attachment":"scroll","background-type":"","background-media":"","overlay-type":"","overlay-color":"","overlay-opacity":"","overlay-gradient":""},"mobile":{"background-color":"var(--ast-global-color-5)","background-image":"","background-repeat":"repeat","background-position":"center center","background-size":"auto","background-attachment":"scroll","background-type":"","background-media":"","overlay-type":"","overlay-color":"","overlay-opacity":"","overlay-gradient":""}},"footnotes":""},"categories":[29],"tags":[],"class_list":["post-163","post","type-post","status-publish","format-standard","hentry","category-portada"],"post_mailing_queue_ids":[],"_links":{"self":[{"href":"https:\/\/agora.xtec.cat\/cfa-santadriadebesos\/wp-json\/wp\/v2\/posts\/163","targetHints":{"allow":["GET"]}}],"collection":[{"href":"https:\/\/agora.xtec.cat\/cfa-santadriadebesos\/wp-json\/wp\/v2\/posts"}],"about":[{"href":"https:\/\/agora.xtec.cat\/cfa-santadriadebesos\/wp-json\/wp\/v2\/types\/post"}],"author":[{"embeddable":true,"href":"https:\/\/agora.xtec.cat\/cfa-santadriadebesos\/wp-json\/wp\/v2\/users\/1"}],"replies":[{"embeddable":true,"href":"https:\/\/agora.xtec.cat\/cfa-santadriadebesos\/wp-json\/wp\/v2\/comments?post=163"}],"version-history":[{"count":3,"href":"https:\/\/agora.xtec.cat\/cfa-santadriadebesos\/wp-json\/wp\/v2\/posts\/163\/revisions"}],"predecessor-version":[{"id":437,"href":"https:\/\/agora.xtec.cat\/cfa-santadriadebesos\/wp-json\/wp\/v2\/posts\/163\/revisions\/437"}],"wp:attachment":[{"href":"https:\/\/agora.xtec.cat\/cfa-santadriadebesos\/wp-json\/wp\/v2\/media?parent=163"}],"wp:term":[{"taxonomy":"category","embeddable":true,"href":"https:\/\/agora.xtec.cat\/cfa-santadriadebesos\/wp-json\/wp\/v2\/categories?post=163"},{"taxonomy":"post_tag","embeddable":true,"href":"https:\/\/agora.xtec.cat\/cfa-santadriadebesos\/wp-json\/wp\/v2\/tags?post=163"}],"curies":[{"name":"wp","href":"https:\/\/api.w.org\/{rel}","templated":true}]}}